{"id":47584,"date":"2021-05-10T21:16:23","date_gmt":"2021-05-10T21:16:23","guid":{"rendered":"https:\/\/jorgezanoni.com.br\/2019\/?p=47584"},"modified":"2021-05-10T21:39:39","modified_gmt":"2021-05-10T21:39:39","slug":"docente-de-medicina-da-unifadra-conclui-mestrado-profa-vanessa-paulino","status":"publish","type":"post","link":"https:\/\/jorgezanoni.com.br\/2019\/docente-de-medicina-da-unifadra-conclui-mestrado-profa-vanessa-paulino\/","title":{"rendered":"Docente de Medicina da Unifadra conclui Mestrado &#8211; Profa. Vanessa Paulino"},"content":{"rendered":"<p style=\"text-align: justify;\"><span style=\"font-size: large;\"><i>O curso de Medicina na Unifadra Dracena se destaca por sua infraestrutura com tecnologia de ponta e pelo corpo docente qualificado<\/i><\/span><\/p>\n<p><span style=\"font-size: large;\">A docente do curso de Medicina da Unifadra\/Fundec de Dracena Profa. Vanessa Teixeira Paulino Sasso fez sua apresenta\u00e7\u00e3o no dia 1\u00ba de abril e concluiu o Mestrado em Ci\u00eancias da Sa\u00fade pela Unoeste de Presidente Prudente.<\/span><\/p>\n<p><span style=\"font-size: large;\">Com a disserta\u00e7\u00e3o &#8220;Estudo de preval\u00eancia de\u00a0<i>Escherichia coli\u00a0<\/i>diarreiog\u00eanica em crian\u00e7as no Oeste Paulista&#8221;, a m\u00e9dica e docente da Fundec foi orientada pela\u00a0<\/span>Profa. Dra.<span style=\"font-size: large;\">\u00a0Rogeria Keller.<\/span><\/p>\n<p><span style=\"font-size: large;\">Na banca de avalia\u00e7\u00e3o, estiveram presentes a\u00a0<\/span>Profa. Dra.<span style=\"font-size: large;\">\u00a0Valeria Cataneli Pereira (Doen\u00e7as Infecciosas e Parasit\u00e1rias &#8211; Unoeste) e o Prof.\u00a0<\/span>Dr.<span style=\"font-size: large;\">\u00a0Rodrigo Tavanelli Hernandes (Departamento de Microbiologia e Imunologia do Instituto de Bioci\u00eancias &#8211; Unesp de Botucatu).<\/span><\/p>\n<p><span style=\"font-size: large;\">O trabalho ser\u00e1 submetido \u00e0\u00a0<i>Frontiers in Microbiology<\/i>, uma revista m\u00e9dica revisada por pares em todo o espectro da microbiologia, e poder\u00e1 ser publicado em forma de artigo.<\/span><\/p>\n<p><span style=\"font-size: large;\">A dire\u00e7\u00e3o acad\u00eamica e a coordena\u00e7\u00e3o da Unifadra parabenizam a professora Vanessa Paulino pela conquista e ressaltam a import\u00e2ncia da busca cont\u00ednua do conhecimento para seu crescimento pessoal, bem como para a Institui\u00e7\u00e3o, que passa a contar no seu corpo docente com profissionais titulados, cada vez mais qualificados e sempre atualizados, contribuindo de forma significativa para o enriquecimento e o desenvolvimento do curso.<\/span><\/p>\n<p style=\"text-align: justify;\">Kenia Gomes<br \/>\nAssistente de Comunica\u00e7\u00e3o &#8211; Fundec<br \/>\nFunda\u00e7\u00e3o Dracenense de Educa\u00e7\u00e3o e Cultura<\/p>\n","protected":false},"excerpt":{"rendered":"<p>O curso de Medicina na Unifadra Dracena se destaca por sua infraestrutura com tecnologia de ponta e pelo corpo docente qualificado A docente do curso de Medicina da Unifadra\/Fundec de Dracena Profa. Vanessa Teixeira Paulino Sasso fez sua apresenta\u00e7\u00e3o no dia 1\u00ba de abril e concluiu o Mestrado em Ci\u00eancias da Sa\u00fade pela Unoeste de [&hellip;]<\/p>\n","protected":false},"author":1,"featured_media":47585,"comment_status":"closed","ping_status":"open","sticky":false,"template":"","format":"standard","meta":{"footnotes":""},"categories":[110,122],"tags":[],"class_list":["post-47584","post","type-post","status-publish","format-standard","has-post-thumbnail","hentry","category-noticiasdestaque","category-saudeeducacaoeconcurso"],"_links":{"self":[{"href":"https:\/\/jorgezanoni.com.br\/2019\/wp-json\/wp\/v2\/posts\/47584","targetHints":{"allow":["GET"]}}],"collection":[{"href":"https:\/\/jorgezanoni.com.br\/2019\/wp-json\/wp\/v2\/posts"}],"about":[{"href":"https:\/\/jorgezanoni.com.br\/2019\/wp-json\/wp\/v2\/types\/post"}],"author":[{"embeddable":true,"href":"https:\/\/jorgezanoni.com.br\/2019\/wp-json\/wp\/v2\/users\/1"}],"replies":[{"embeddable":true,"href":"https:\/\/jorgezanoni.com.br\/2019\/wp-json\/wp\/v2\/comments?post=47584"}],"version-history":[{"count":0,"href":"https:\/\/jorgezanoni.com.br\/2019\/wp-json\/wp\/v2\/posts\/47584\/revisions"}],"wp:featuredmedia":[{"embeddable":true,"href":"https:\/\/jorgezanoni.com.br\/2019\/wp-json\/wp\/v2\/media\/47585"}],"wp:attachment":[{"href":"https:\/\/jorgezanoni.com.br\/2019\/wp-json\/wp\/v2\/media?parent=47584"}],"wp:term":[{"taxonomy":"category","embeddable":true,"href":"https:\/\/jorgezanoni.com.br\/2019\/wp-json\/wp\/v2\/categories?post=47584"},{"taxonomy":"post_tag","embeddable":true,"href":"https:\/\/jorgezanoni.com.br\/2019\/wp-json\/wp\/v2\/tags?post=47584"}],"curies":[{"name":"wp","href":"https:\/\/api.w.org\/{rel}","templated":true}]}}