{"id":47570,"date":"2021-05-09T13:28:29","date_gmt":"2021-05-09T13:28:29","guid":{"rendered":"https:\/\/jorgezanoni.com.br\/2019\/?p=47570"},"modified":"2021-05-09T13:28:29","modified_gmt":"2021-05-09T13:28:29","slug":"dia-das-maes-homenagem-do-site-jz","status":"publish","type":"post","link":"https:\/\/jorgezanoni.com.br\/2019\/dia-das-maes-homenagem-do-site-jz\/","title":{"rendered":"&#8220;Dia das M\u00e3es&#8221;: Homenagem do Site JZ"},"content":{"rendered":"<p style=\"text-align: justify;\"><b>Dia da M\u00e3e<\/b>\u00a0(Portugal) ou\u00a0<b>Dia das M\u00e3es<\/b>\u00a0(Brasil) \u00e9 uma data comemorativa que homenageia anualmente a figura familiar materna (<a title=\"\" href=\"https:\/\/pt.wikipedia.org\/wiki\/M%C3%A3e\">m\u00e3e<\/a>) e a\u00a0<a class=\"mw-redirect\" title=\"Maternidade\" href=\"https:\/\/pt.wikipedia.org\/wiki\/Maternidade\">maternidade<\/a>. A data de comemora\u00e7\u00e3o varia de acordo com o pa\u00eds. Em\u00a0<a title=\"Portugal\" href=\"https:\/\/pt.wikipedia.org\/wiki\/Portugal\">Portugal<\/a>\u00a0e nos\u00a0<a title=\"Pa\u00edses Africanos de L\u00edngua Oficial Portuguesa\" href=\"https:\/\/pt.wikipedia.org\/wiki\/Pa%C3%ADses_Africanos_de_L%C3%ADngua_Oficial_Portuguesa\">PALOP<\/a>\u00a0\u00e9 comemorado no primeiro domingo do m\u00eas de maio e no Brasil no segundo domingo do m\u00eas de maio.<\/p>\n<h2 style=\"text-align: justify;\"><span id=\"Hist\u00f3ria\" class=\"mw-headline\">Hist\u00f3ria<\/span><\/h2>\n<h3 style=\"text-align: justify;\"><span id=\"Origem\" class=\"mw-headline\">Origem<\/span><\/h3>\n<p style=\"text-align: justify;\">A mais antiga comemora\u00e7\u00e3o do dia das m\u00e3es \u00e9 mitol\u00f3gica. Na\u00a0<a class=\"mw-redirect\" title=\"Gr\u00e9cia antiga\" href=\"https:\/\/pt.wikipedia.org\/wiki\/Gr%C3%A9cia_antiga\">Gr\u00e9cia antiga<\/a>, a entrada da primavera era festejada em honra de\u00a0<a class=\"mw-disambig\" title=\"Rhea\" href=\"https:\/\/pt.wikipedia.org\/wiki\/Rhea\">Rhea<\/a>, a M\u00e3e dos Deuses. A\u00a0<a class=\"mw-redirect\" title=\"Enciclop\u00e9dia Brit\u00e2nica\" href=\"https:\/\/pt.wikipedia.org\/wiki\/Enciclop%C3%A9dia_Brit%C3%A2nica\">Enciclop\u00e9dia Brit\u00e2nica<\/a>\u00a0diz: &#8220;Uma festividade derivada do costume de adorar a m\u00e3e, na antiga Gr\u00e9cia. A adora\u00e7\u00e3o formal da m\u00e3e, com cerim\u00f4nias para Cibele ou Rhea, a Grande M\u00e3e dos Deuses, era realizada nos idos de mar\u00e7o, em toda a \u00c1sia Menor.&#8221;\u00a0<sup id=\"cite_ref-1\" class=\"reference\"><a href=\"https:\/\/pt.wikipedia.org\/wiki\/Dia_das_M%C3%A3es#cite_note-1\">[1]<\/a><\/sup><sup id=\"cite_ref-2\" class=\"reference\"><a href=\"https:\/\/pt.wikipedia.org\/wiki\/Dia_das_M%C3%A3es#cite_note-2\">[2]<\/a><\/sup><\/p>\n<p style=\"text-align: justify;\">Nos\u00a0<a title=\"Estados Unidos\" href=\"https:\/\/pt.wikipedia.org\/wiki\/Estados_Unidos\">Estados Unidos<\/a>, as primeiras sugest\u00f5es em prol da cria\u00e7\u00e3o de uma data para a celebra\u00e7\u00e3o das m\u00e3es foi dada pela ativista\u00a0<a class=\"new\" title=\"Ann Maria Reeves Jarvis (p\u00e1gina n\u00e3o existe)\" href=\"https:\/\/pt.wikipedia.org\/w\/index.php?title=Ann_Maria_Reeves_Jarvis&amp;action=edit&amp;redlink=1\">Ann Maria Reeves Jarvis<\/a>, que fundou em 1858 os\u00a0<i>Mothers Days Works Clubs<\/i>\u00a0com o objetivo de diminuir a\u00a0<a title=\"Mortalidade infantil\" href=\"https:\/\/pt.wikipedia.org\/wiki\/Mortalidade_infantil\">mortalidade de crian\u00e7as<\/a>\u00a0em fam\u00edlias de trabalhadores. Jarvis organizou em 1865 o\u00a0<i>Mother&#8217;s Friendship Days<\/i>\u00a0(dias de amizade para as m\u00e3es) para melhorar as condi\u00e7\u00f5es dos feridos na\u00a0<a title=\"Guerra de Secess\u00e3o\" href=\"https:\/\/pt.wikipedia.org\/wiki\/Guerra_de_Secess%C3%A3o\">Guerra de Secess\u00e3o<\/a>\u00a0que assolou os Estados Unidos no per\u00edodo. Em 1870 a escritora\u00a0<a title=\"Julia Ward Howe\" href=\"https:\/\/pt.wikipedia.org\/wiki\/Julia_Ward_Howe\">Julia Ward Howe<\/a>\u00a0(autora de\u00a0<a title=\"The Battle Hymn of the Republic\" href=\"https:\/\/pt.wikipedia.org\/wiki\/The_Battle_Hymn_of_the_Republic\">O Hino de Batalha da Rep\u00fablica<\/a>) publicou o manifesto\u00a0<i>Mother&#8217;s Day Proclamation<\/i>, pedindo paz e desarmamento depois da Guerra de Secess\u00e3o.<sup id=\"cite_ref-3\" class=\"reference\"><a href=\"https:\/\/pt.wikipedia.org\/wiki\/Dia_das_M%C3%A3es#cite_note-3\">[3]<\/a><\/sup><sup id=\"cite_ref-virgina_4-0\" class=\"reference\"><a href=\"https:\/\/pt.wikipedia.org\/wiki\/Dia_das_M%C3%A3es#cite_note-virgina-4\">[4]<\/a><\/sup><\/p>\n<h3 style=\"text-align: justify;\"><span id=\"Populariza.C3.A7.C3.A3o\"><\/span><span id=\"Populariza\u00e7\u00e3o\" class=\"mw-headline\">Populariza\u00e7\u00e3o<\/span><\/h3>\n<div class=\"thumb tright\" style=\"text-align: justify;\">\n<div class=\"thumbinner\">\n<div id=\"mwe_player_0\" class=\"PopUpMediaTransform\" style=\"position: relative; display: block; margin: 0px auto; width: 220px;\"><img decoding=\"async\" src=\"https:\/\/upload.wikimedia.org\/wikipedia\/commons\/thumb\/3\/38\/Moederdag_%281925%29.ogv\/220px-seek%3D47-Moederdag_%281925%29.ogv.jpg\" alt=\"Ficheiro:Moederdag (1925).ogv\" \/><\/div>\n<div class=\"thumbcaption\">\n<div class=\"magnify\"><\/div>\n<p>Dia das M\u00e3es nos\u00a0<a title=\"Pa\u00edses Baixos\" href=\"https:\/\/pt.wikipedia.org\/wiki\/Pa%C3%ADses_Baixos\">Pa\u00edses Baixos<\/a>\u00a0em 1925<\/div>\n<\/div>\n<\/div>\n<p style=\"text-align: justify;\">Reconhecida como idealizadora do Dia das M\u00e3es na sua forma atual \u00e9 a filha de Ann Maria Reeves Jarvis, a\u00a0<a class=\"mw-redirect\" title=\"Igreja Metodista\" href=\"https:\/\/pt.wikipedia.org\/wiki\/Igreja_Metodista\">metodista<\/a>\u00a0<a title=\"Anna Jarvis\" href=\"https:\/\/pt.wikipedia.org\/wiki\/Anna_Jarvis\">Anna Jarvis<\/a>, que em\u00a0<a title=\"12 de maio\" href=\"https:\/\/pt.wikipedia.org\/wiki\/12_de_maio\">12 de maio<\/a>\u00a0de 1907, dois anos ap\u00f3s a morte de sua m\u00e3e, criou um memorial \u00e0 sua m\u00e3e e iniciou uma campanha para que o Dia das M\u00e3es fosse um feriado reconhecido. Ela obteve sucesso ao torn\u00e1-lo reconhecido nos Estados Unidos em\u00a0<a title=\"8 de maio\" href=\"https:\/\/pt.wikipedia.org\/wiki\/8_de_maio\">8 de maio<\/a>\u00a0de 1914, quando a resolu\u00e7\u00e3o\u00a0<i>Joint Resolution Designating the Second Sunday in May as Mother&#8217;s Day<\/i>\u00a0foi aprovada pelo\u00a0<a title=\"Congresso dos Estados Unidos\" href=\"https:\/\/pt.wikipedia.org\/wiki\/Congresso_dos_Estados_Unidos\">Congresso dos Estados Unidos<\/a>, instalando o segundo domingo do m\u00eas de maio como Dia das M\u00e3es. No \u00e2mbito desta resolu\u00e7\u00e3o o\u00a0<a title=\"Presidente dos Estados Unidos\" href=\"https:\/\/pt.wikipedia.org\/wiki\/Presidente_dos_Estados_Unidos\">Presidente dos Estados Unidos<\/a>\u00a0<a class=\"mw-redirect\" title=\"Thomas Woodrow Wilson\" href=\"https:\/\/pt.wikipedia.org\/wiki\/Thomas_Woodrow_Wilson\">Thomas Woodrow Wilson<\/a>\u00a0proclamou no dia seguinte que no Dia das M\u00e3es os edif\u00edcios p\u00fablicos devem ser decorados com bandeiras. Assim, o Dia das M\u00e3es foi celebrado pela primeira vez em 9 de maio de 1914.<sup id=\"cite_ref-5\" class=\"reference\"><a href=\"https:\/\/pt.wikipedia.org\/wiki\/Dia_das_M%C3%A3es#cite_note-5\">[5]<\/a><\/sup><sup id=\"cite_ref-rice_6-0\" class=\"reference\"><a href=\"https:\/\/pt.wikipedia.org\/wiki\/Dia_das_M%C3%A3es#cite_note-rice-6\">[6]<\/a><\/sup><\/p>\n<p style=\"text-align: justify;\">Com a crescente difus\u00e3o e comercializa\u00e7\u00e3o do Dia das M\u00e3es Anna Jarvis afastou-se do movimento, lamentou a cria\u00e7\u00e3o e lutou para a aboli\u00e7\u00e3o do feriado.<sup id=\"cite_ref-central_7-0\" class=\"reference\"><a href=\"https:\/\/pt.wikipedia.org\/wiki\/Dia_das_M%C3%A3es#cite_note-central-7\">[7]<\/a><\/sup><\/p>\n<h2 style=\"text-align: justify;\"><span id=\"Pa.C3.ADses_lus.C3.B3fonos\"><\/span><span id=\"Pa\u00edses_lus\u00f3fonos\" class=\"mw-headline\">Pa\u00edses lus\u00f3fonos<\/span><\/h2>\n<p style=\"text-align: justify;\">No Brasil, coube \u00e0 Associa\u00e7\u00e3o Crist\u00e3 de Mo\u00e7os do Rio Grande do Sul (ACM-RS) a iniciativa da comemora\u00e7\u00e3o. A data foi trazida ao Brasil pelo ent\u00e3o Secret\u00e1rio-geral da institui\u00e7\u00e3o, Frank Long. A primeira celebra\u00e7\u00e3o no pa\u00eds ocorreu em 12 de maio de 1918, em Porto Alegre. Aos poucos, a festividade foi se espalhando pelo pa\u00eds e, em 1932, o ent\u00e3o presidente\u00a0<a title=\"Get\u00falio Vargas\" href=\"https:\/\/pt.wikipedia.org\/wiki\/Get%C3%BAlio_Vargas\">Get\u00falio Vargas<\/a>, a pedido das feministas da Federa\u00e7\u00e3o Brasileira pelo Progresso Feminino, oficializou a data no segundo domingo de maio. A iniciativa fazia parte da estrat\u00e9gia das feministas de valorizar a import\u00e2ncia das mulheres na sociedade, animadas com as perspectivas que se abriram a partir da conquista do direito de votar, em fevereiro do mesmo ano. Em 1947,\u00a0<a title=\"Jaime de Barros C\u00e2mara\" href=\"https:\/\/pt.wikipedia.org\/wiki\/Jaime_de_Barros_C%C3%A2mara\">Dom Jaime de Barros C\u00e2mara<\/a>,\u00a0<a title=\"Cardeal-bispo\" href=\"https:\/\/pt.wikipedia.org\/wiki\/Cardeal-bispo\">Cardeal-Arcebispo<\/a>\u00a0do\u00a0<a title=\"Rio de Janeiro (estado)\" href=\"https:\/\/pt.wikipedia.org\/wiki\/Rio_de_Janeiro_(estado)\">Rio de Janeiro<\/a>, determinou que essa data fizesse parte tamb\u00e9m no calend\u00e1rio oficial da\u00a0<a title=\"Igreja Cat\u00f3lica\" href=\"https:\/\/pt.wikipedia.org\/wiki\/Igreja_Cat%C3%B3lica\">Igreja Cat\u00f3lica<\/a>.<sup id=\"cite_ref-8\" class=\"reference\"><a href=\"https:\/\/pt.wikipedia.org\/wiki\/Dia_das_M%C3%A3es#cite_note-8\">[8]<\/a><\/sup><\/p>\n<p style=\"text-align: justify;\">Em\u00a0<a title=\"Portugal\" href=\"https:\/\/pt.wikipedia.org\/wiki\/Portugal\">Portugal<\/a>, o Dia da M\u00e3e \u00e9 comemorado no primeiro domingo de maio, seguindo a tradi\u00e7\u00e3o da\u00a0<a title=\"Igreja Cat\u00f3lica\" href=\"https:\/\/pt.wikipedia.org\/wiki\/Igreja_Cat%C3%B3lica\">Igreja Cat\u00f3lica<\/a>\u00a0que neste m\u00eas celebra\u00a0<a title=\"Maria (m\u00e3e de Jesus)\" href=\"https:\/\/pt.wikipedia.org\/wiki\/Maria_(m%C3%A3e_de_Jesus)\">Santa Maria, M\u00e3e de Jesus<\/a>\u00a0(em particular\u00a0<a title=\"Nossa Senhora de F\u00e1tima\" href=\"https:\/\/pt.wikipedia.org\/wiki\/Nossa_Senhora_de_F%C3%A1tima\">Nossa Senhora de F\u00e1tima<\/a>), embora durante muitos anos tivesse sido comemorado no dia 8 de dezembro, dia da Nossa Senhora da Concei\u00e7\u00e3o.<sup id=\"cite_ref-folha2001_9-0\" class=\"reference\"><a href=\"https:\/\/pt.wikipedia.org\/wiki\/Dia_das_M%C3%A3es#cite_note-folha2001-9\">[9]<\/a><\/sup>\u00a0Os pa\u00edses\u00a0<a class=\"new\" title=\"\u00c1frica Lus\u00f3fona (p\u00e1gina n\u00e3o existe)\" href=\"https:\/\/pt.wikipedia.org\/w\/index.php?title=%C3%81frica_Lus%C3%B3fona&amp;action=edit&amp;redlink=1\">africanos lus\u00f3fonos<\/a>\u00a0celebram tamb\u00e9m no primeiro domingo de maio.<\/p>\n<h2 style=\"text-align: justify;\"><span id=\"Import\u00e2ncia_econ\u00f4mica\" class=\"mw-headline\">Import\u00e2ncia econ\u00f4mica<\/span><\/h2>\n<div class=\"thumb tright\" style=\"text-align: justify;\">\n<div class=\"thumbinner\"><a class=\"image\" href=\"https:\/\/pt.wikipedia.org\/wiki\/Ficheiro:Mothers%27_Day_Cake.jpg\"><img loading=\"lazy\" decoding=\"async\" class=\"thumbimage\" src=\"https:\/\/upload.wikimedia.org\/wikipedia\/commons\/thumb\/8\/8e\/Mothers%27_Day_Cake.jpg\/220px-Mothers%27_Day_Cake.jpg\" srcset=\"\/\/upload.wikimedia.org\/wikipedia\/commons\/thumb\/8\/8e\/Mothers%27_Day_Cake.jpg\/330px-Mothers%27_Day_Cake.jpg 1.5x, \/\/upload.wikimedia.org\/wikipedia\/commons\/thumb\/8\/8e\/Mothers%27_Day_Cake.jpg\/440px-Mothers%27_Day_Cake.jpg 2x\" alt=\"\" width=\"220\" height=\"165\" data-file-width=\"1024\" data-file-height=\"768\" \/><\/a><\/p>\n<div class=\"thumbcaption\"><a title=\"Bolo\" href=\"https:\/\/pt.wikipedia.org\/wiki\/Bolo\">Bolo<\/a>\u00a0decorado com a inscri\u00e7\u00e3o\u00a0<i>Happy Mother&#8217;s Day<\/i>,\u00a0<i>Feliz Dia da M\u00e3e<\/i>, em portugu\u00eas.<\/div>\n<div><\/div>\n<\/div>\n<\/div>\n<p style=\"text-align: justify;\">No Brasil e nos Estados Unidos o Dia das M\u00e3es \u00e9 a segunda melhor data do com\u00e9rcio, depois do\u00a0<a title=\"Natal\" href=\"https:\/\/pt.wikipedia.org\/wiki\/Natal\">Natal<\/a>.<sup id=\"cite_ref-10\" class=\"reference\"><a href=\"https:\/\/pt.wikipedia.org\/wiki\/Dia_das_M%C3%A3es#cite_note-10\">[10]<\/a><\/sup><sup id=\"cite_ref-11\" class=\"reference\"><a href=\"https:\/\/pt.wikipedia.org\/wiki\/Dia_das_M%C3%A3es#cite_note-11\">[11]<\/a><\/sup>\u00a0A\u00a0<i>National Retail Federation<\/i>\u00a0(Federa\u00e7\u00e3o Nacional de Varejo norte-americana) estimou para 2012 que os gastos para o Dia das M\u00e3es devem ultrapassar $18,6 bilh\u00f5es ($152 por pessoa) nos Estados Unidos.<sup id=\"cite_ref-12\" class=\"reference\"><\/sup><\/p>\n<p style=\"text-align: justify;\">Fonte: https:\/\/pt.wikipedia.org\/wiki\/Dia_das_M%C3%A3es<\/p>\n<p>Imagem Ilustrativa<\/p>\n<p>&nbsp;<\/p>\n","protected":false},"excerpt":{"rendered":"<p>Dia da M\u00e3e\u00a0(Portugal) ou\u00a0Dia das M\u00e3es\u00a0(Brasil) \u00e9 uma data comemorativa que homenageia anualmente a figura familiar materna (m\u00e3e) e a\u00a0maternidade. A data de comemora\u00e7\u00e3o varia de acordo com o pa\u00eds. Em\u00a0Portugal\u00a0e nos\u00a0PALOP\u00a0\u00e9 comemorado no primeiro domingo do m\u00eas de maio e no Brasil no segundo domingo do m\u00eas de maio. Hist\u00f3ria Origem A mais antiga [&hellip;]<\/p>\n","protected":false},"author":1,"featured_media":47571,"comment_status":"closed","ping_status":"open","sticky":false,"template":"","format":"standard","meta":{"footnotes":""},"categories":[114,110],"tags":[],"class_list":["post-47570","post","type-post","status-publish","format-standard","has-post-thumbnail","hentry","category-geralecomercio","category-noticiasdestaque"],"_links":{"self":[{"href":"https:\/\/jorgezanoni.com.br\/2019\/wp-json\/wp\/v2\/posts\/47570","targetHints":{"allow":["GET"]}}],"collection":[{"href":"https:\/\/jorgezanoni.com.br\/2019\/wp-json\/wp\/v2\/posts"}],"about":[{"href":"https:\/\/jorgezanoni.com.br\/2019\/wp-json\/wp\/v2\/types\/post"}],"author":[{"embeddable":true,"href":"https:\/\/jorgezanoni.com.br\/2019\/wp-json\/wp\/v2\/users\/1"}],"replies":[{"embeddable":true,"href":"https:\/\/jorgezanoni.com.br\/2019\/wp-json\/wp\/v2\/comments?post=47570"}],"version-history":[{"count":0,"href":"https:\/\/jorgezanoni.com.br\/2019\/wp-json\/wp\/v2\/posts\/47570\/revisions"}],"wp:featuredmedia":[{"embeddable":true,"href":"https:\/\/jorgezanoni.com.br\/2019\/wp-json\/wp\/v2\/media\/47571"}],"wp:attachment":[{"href":"https:\/\/jorgezanoni.com.br\/2019\/wp-json\/wp\/v2\/media?parent=47570"}],"wp:term":[{"taxonomy":"category","embeddable":true,"href":"https:\/\/jorgezanoni.com.br\/2019\/wp-json\/wp\/v2\/categories?post=47570"},{"taxonomy":"post_tag","embeddable":true,"href":"https:\/\/jorgezanoni.com.br\/2019\/wp-json\/wp\/v2\/tags?post=47570"}],"curies":[{"name":"wp","href":"https:\/\/api.w.org\/{rel}","templated":true}]}}