{"id":47471,"date":"2021-05-09T01:21:00","date_gmt":"2021-05-09T01:21:00","guid":{"rendered":"https:\/\/jorgezanoni.com.br\/2019\/?p=47471"},"modified":"2021-05-09T12:53:39","modified_gmt":"2021-05-09T12:53:39","slug":"acidente-grave-na-sp-563-proximo-a-tupi-paulista-com-uma-vitima-fatal","status":"publish","type":"post","link":"https:\/\/jorgezanoni.com.br\/2019\/acidente-grave-na-sp-563-proximo-a-tupi-paulista-com-uma-vitima-fatal\/","title":{"rendered":"Acidente grave na SP-563 pr\u00f3ximo a Tupi Paulista com uma v\u00edtima fatal"},"content":{"rendered":"<p style=\"text-align: justify;\">O Site JZ recebeu a informa\u00e7\u00e3o que h\u00e1 poucos instantes aconteceu um acidente grave\u00a0 no trecho Tupi Paulista a Monte Castelo da Rodovia General Euclides de Oliveira Figueiredo, SP-563.<\/p>\n<p style=\"text-align: justify;\">As primeiras informa\u00e7\u00f5es a serem confirmadas \u00e9 que v\u00edtimas foram socorridas e uma veio a \u00f3bito.<\/p>\n<p style=\"text-align: justify;\">Foi um colis\u00e3o entre um ve\u00edculo e uma caminhonete placas de Nova Independ\u00eancia.<\/p>\n<div style=\"width: 640px;\" class=\"wp-video\"><video class=\"wp-video-shortcode\" id=\"video-47471-1\" width=\"640\" height=\"352\" preload=\"metadata\" controls=\"controls\"><source type=\"video\/mp4\" src=\"https:\/\/jorgezanoni.com.br\/2019\/wp-content\/uploads\/2021\/05\/WhatsApp-Video-2021-05-08-at-22.03.21.mp4?_=1\" \/><a href=\"https:\/\/jorgezanoni.com.br\/2019\/wp-content\/uploads\/2021\/05\/WhatsApp-Video-2021-05-08-at-22.03.21.mp4\">https:\/\/jorgezanoni.com.br\/2019\/wp-content\/uploads\/2021\/05\/WhatsApp-Video-2021-05-08-at-22.03.21.mp4<\/a><\/video><\/div>\n<p style=\"text-align: justify;\">Jorge Zanoni<\/p>\n<p>V\u00eddeo e Foto de Internauta<\/p>\n<p><strong>INFORMA\u00c7\u00d5ES DA POL\u00cdCIA MILITAR RODOVI\u00c1RIA:<\/strong><\/p>\n<p style=\"text-align: justify;\">Fato: Acidente de tr\u00e2nsito com uma v\u00edtima fatal e quatro v\u00edtimas leves.<\/p>\n<p style=\"text-align: justify;\">Data: 08\/05\/2021 \u00e0s 20h30min.<\/p>\n<p style=\"text-align: justify;\">Endere\u00e7o: SP 563 \u2013 Rodovia General Euclides de Oliveira Figueiredo, km 142+400 metros.<\/p>\n<p style=\"text-align: justify;\">Munic\u00edpio: Tupi Paulista\/SP.<\/p>\n<p style=\"text-align: justify;\">Hist\u00f3rico:<br \/>\nO Policiamento Rodovi\u00e1rio atendeu neste s\u00e1bado (dia 08 de maio) um acidente de tr\u00e2nsito envolvendo um Fiat Uno Mille conduzido por D. G. S. de Nova Independ\u00eancia\/SP, que transitava na rodovia no sentido norte, que rebocava o ve\u00edculo Vw Gol conduzido por A. N. O. de Tr\u00eas Lagoas\/MS, utilizando-se de corda, quando em dado momento o ve\u00edculo Gm S10 conduzido por T. J. de Nova Independ\u00eancia\/SP, colidiu na traseira do Vw Gol, ato cont\u00ednuo, o Fiat Uno Mille foi projetado em uma ribanceira, sendo que o ve\u00edculo Gm S10 veio a tombar.<br \/>\nAs v\u00edtimas foram socorridas at\u00e9 a Santa Casa de Tupi Paulista por Unidades do Resgate do corpo de Bombeiros de Dracena, por\u00e9m, o condutor do ve\u00edculo Vw Gol (A. N. O.), veio \u00f3bito no Pronto Socorro.<br \/>\nO condutor da caminhonete Gm S10 (T. J.), constou a concentra\u00e7\u00e3o de 0,33 mg de \u00e1lcool por litro de ar alveolar. O mesmo ficou sob cust\u00f3dio Policial, em seguida apresentado no Plant\u00e3o Policial de Tupi Paulista.<br \/>\nEquipes do Policiamento Territorial que se encontravam no apoio ao acidente, obtiveram informa\u00e7\u00e3o de que o condutor da caminhonete Gm S10, havia dispensado algo no mato ap\u00f3s o sinistro de tr\u00e2nsito, fora localizado uma bolsa de couro preta contendo 01 (uma) pistola calibre 380 devidamente registrada, por\u00e9m, sem direito ao porte.<br \/>\nO autor T. J. foi autuado por homic\u00eddio culposo na dire\u00e7\u00e3o de ve\u00edculo com agravante por estar em estado de embriaguez e porte ilegal de arma de fogo, permaneceu preso na delegacia de Pol\u00edcia de Tupi Paulista a disposi\u00e7\u00e3o da justi\u00e7a.<\/p>\n<p><img loading=\"lazy\" decoding=\"async\" class=\"alignnone size-full wp-image-47566\" src=\"https:\/\/jorgezanoni.com.br\/2019\/wp-content\/uploads\/2021\/05\/acid1.jpg\" alt=\"\" width=\"1280\" height=\"720\" srcset=\"https:\/\/jorgezanoni.com.br\/2019\/wp-content\/uploads\/2021\/05\/acid1.jpg 1280w, https:\/\/jorgezanoni.com.br\/2019\/wp-content\/uploads\/2021\/05\/acid1-300x169.jpg 300w, https:\/\/jorgezanoni.com.br\/2019\/wp-content\/uploads\/2021\/05\/acid1-1024x576.jpg 1024w, https:\/\/jorgezanoni.com.br\/2019\/wp-content\/uploads\/2021\/05\/acid1-768x432.jpg 768w, https:\/\/jorgezanoni.com.br\/2019\/wp-content\/uploads\/2021\/05\/acid1-696x392.jpg 696w, https:\/\/jorgezanoni.com.br\/2019\/wp-content\/uploads\/2021\/05\/acid1-1068x601.jpg 1068w, https:\/\/jorgezanoni.com.br\/2019\/wp-content\/uploads\/2021\/05\/acid1-747x420.jpg 747w\" sizes=\"auto, (max-width: 1280px) 100vw, 1280px\" \/> <img loading=\"lazy\" decoding=\"async\" class=\"alignnone size-full wp-image-47567\" src=\"https:\/\/jorgezanoni.com.br\/2019\/wp-content\/uploads\/2021\/05\/aid2.jpg\" alt=\"\" width=\"1280\" height=\"720\" srcset=\"https:\/\/jorgezanoni.com.br\/2019\/wp-content\/uploads\/2021\/05\/aid2.jpg 1280w, https:\/\/jorgezanoni.com.br\/2019\/wp-content\/uploads\/2021\/05\/aid2-300x169.jpg 300w, https:\/\/jorgezanoni.com.br\/2019\/wp-content\/uploads\/2021\/05\/aid2-1024x576.jpg 1024w, https:\/\/jorgezanoni.com.br\/2019\/wp-content\/uploads\/2021\/05\/aid2-768x432.jpg 768w, https:\/\/jorgezanoni.com.br\/2019\/wp-content\/uploads\/2021\/05\/aid2-696x392.jpg 696w, https:\/\/jorgezanoni.com.br\/2019\/wp-content\/uploads\/2021\/05\/aid2-1068x601.jpg 1068w, https:\/\/jorgezanoni.com.br\/2019\/wp-content\/uploads\/2021\/05\/aid2-747x420.jpg 747w\" sizes=\"auto, (max-width: 1280px) 100vw, 1280px\" \/>Fotos Policia Militar Rodovi\u00e1ria\/cedida<\/p>\n","protected":false},"excerpt":{"rendered":"<p>O Site JZ recebeu a informa\u00e7\u00e3o que h\u00e1 poucos instantes aconteceu um acidente grave\u00a0 no trecho Tupi Paulista a Monte Castelo da Rodovia General Euclides de Oliveira Figueiredo, SP-563. As primeiras informa\u00e7\u00f5es a serem confirmadas \u00e9 que v\u00edtimas foram socorridas e uma veio a \u00f3bito. Foi um colis\u00e3o entre um ve\u00edculo e uma caminhonete placas [&hellip;]<\/p>\n","protected":false},"author":1,"featured_media":47565,"comment_status":"closed","ping_status":"open","sticky":false,"template":"","format":"standard","meta":{"footnotes":""},"categories":[170,110],"tags":[],"class_list":["post-47471","post","type-post","status-publish","format-standard","has-post-thumbnail","hentry","category-acidentes","category-noticiasdestaque"],"_links":{"self":[{"href":"https:\/\/jorgezanoni.com.br\/2019\/wp-json\/wp\/v2\/posts\/47471","targetHints":{"allow":["GET"]}}],"collection":[{"href":"https:\/\/jorgezanoni.com.br\/2019\/wp-json\/wp\/v2\/posts"}],"about":[{"href":"https:\/\/jorgezanoni.com.br\/2019\/wp-json\/wp\/v2\/types\/post"}],"author":[{"embeddable":true,"href":"https:\/\/jorgezanoni.com.br\/2019\/wp-json\/wp\/v2\/users\/1"}],"replies":[{"embeddable":true,"href":"https:\/\/jorgezanoni.com.br\/2019\/wp-json\/wp\/v2\/comments?post=47471"}],"version-history":[{"count":0,"href":"https:\/\/jorgezanoni.com.br\/2019\/wp-json\/wp\/v2\/posts\/47471\/revisions"}],"wp:featuredmedia":[{"embeddable":true,"href":"https:\/\/jorgezanoni.com.br\/2019\/wp-json\/wp\/v2\/media\/47565"}],"wp:attachment":[{"href":"https:\/\/jorgezanoni.com.br\/2019\/wp-json\/wp\/v2\/media?parent=47471"}],"wp:term":[{"taxonomy":"category","embeddable":true,"href":"https:\/\/jorgezanoni.com.br\/2019\/wp-json\/wp\/v2\/categories?post=47471"},{"taxonomy":"post_tag","embeddable":true,"href":"https:\/\/jorgezanoni.com.br\/2019\/wp-json\/wp\/v2\/tags?post=47471"}],"curies":[{"name":"wp","href":"https:\/\/api.w.org\/{rel}","templated":true}]}}