{"id":47420,"date":"2021-05-09T02:59:51","date_gmt":"2021-05-09T02:59:51","guid":{"rendered":"https:\/\/jorgezanoni.com.br\/2019\/?p=47420"},"modified":"2021-05-10T00:57:25","modified_gmt":"2021-05-10T00:57:25","slug":"homenagem-do-site-jz-e-jorrovi-calcados-a-todas-as-maes-de-dracena-e-regiao","status":"publish","type":"post","link":"https:\/\/jorgezanoni.com.br\/2019\/homenagem-do-site-jz-e-jorrovi-calcados-a-todas-as-maes-de-dracena-e-regiao\/","title":{"rendered":"Homenagem do SITE JZ e JORROVI Cal\u00e7ados a todas as M\u00e3es de Dracena e regi\u00e3o"},"content":{"rendered":"<p style=\"text-align: justify;\">O SITE JORGE ZANONI e a JORROVI CAL\u00c7ADOS, prestam esta singela homenagem a todas as M\u00e3es de Dracena e regi\u00e3o. Obrigado a voc\u00ea que nos enviou as fotos. Al\u00e9m da homenagem \u00e0 sua amada Mam\u00e3e, ela estar\u00e1 concorrendo ao sorteio de dois pares de cal\u00e7ados. Ser\u00e3o dois sorteios que ir\u00e1 acontecer amanh\u00e3 (10) na Jorrovi Cal\u00e7ados em Live transmitida ao vivo por Jorge Zanoni.<\/p>\n<p style=\"text-align: justify;\">Deus aben\u00e7oe a todas as M\u00e3es e parab\u00e9ns pelo seu dia!!!!<\/p>\n<p><img loading=\"lazy\" decoding=\"async\" class=\"alignnone size-full wp-image-47421\" src=\"https:\/\/jorgezanoni.com.br\/2019\/wp-content\/uploads\/2021\/05\/M\u00e3e-Adibe-Tufaile-Mamede-e-os-filhos-Amira-Anice-e-Anuar-Mamede.jpg\" alt=\"\" width=\"512\" height=\"512\" srcset=\"https:\/\/jorgezanoni.com.br\/2019\/wp-content\/uploads\/2021\/05\/M\u00e3e-Adibe-Tufaile-Mamede-e-os-filhos-Amira-Anice-e-Anuar-Mamede.jpg 512w, https:\/\/jorgezanoni.com.br\/2019\/wp-content\/uploads\/2021\/05\/M\u00e3e-Adibe-Tufaile-Mamede-e-os-filhos-Amira-Anice-e-Anuar-Mamede-300x300.jpg 300w, https:\/\/jorgezanoni.com.br\/2019\/wp-content\/uploads\/2021\/05\/M\u00e3e-Adibe-Tufaile-Mamede-e-os-filhos-Amira-Anice-e-Anuar-Mamede-150x150.jpg 150w, https:\/\/jorgezanoni.com.br\/2019\/wp-content\/uploads\/2021\/05\/M\u00e3e-Adibe-Tufaile-Mamede-e-os-filhos-Amira-Anice-e-Anuar-Mamede-420x420.jpg 420w\" sizes=\"auto, (max-width: 512px) 100vw, 512px\" \/>M\u00e3e Adibe Tufaile Mamede e os filhos Amira, Anice e Anuar Mamede<\/p>\n<p><img loading=\"lazy\" decoding=\"async\" class=\"alignnone size-full wp-image-47422\" src=\"https:\/\/jorgezanoni.com.br\/2019\/wp-content\/uploads\/2021\/05\/M\u00e3e-Adilia-Alves-Pereira-Burim-2.jpg\" alt=\"\" width=\"304\" height=\"550\" srcset=\"https:\/\/jorgezanoni.com.br\/2019\/wp-content\/uploads\/2021\/05\/M\u00e3e-Adilia-Alves-Pereira-Burim-2.jpg 304w, https:\/\/jorgezanoni.com.br\/2019\/wp-content\/uploads\/2021\/05\/M\u00e3e-Adilia-Alves-Pereira-Burim-2-166x300.jpg 166w, https:\/\/jorgezanoni.com.br\/2019\/wp-content\/uploads\/2021\/05\/M\u00e3e-Adilia-Alves-Pereira-Burim-2-232x420.jpg 232w\" sizes=\"auto, (max-width: 304px) 100vw, 304px\" \/>M\u00e3e Adilia Alves Pereira Burim (2)<\/p>\n<p><img loading=\"lazy\" decoding=\"async\" class=\"alignnone size-full wp-image-47423\" src=\"https:\/\/jorgezanoni.com.br\/2019\/wp-content\/uploads\/2021\/05\/M\u00e3e-Alice-Martins-Bernardes-filho-Cassimiro-Bernardes-Valen\u00e7a-filha-Am\u00e9lia-Ap-Bernardes-Valen\u00e7a-Brianes.jpg\" alt=\"\" width=\"590\" height=\"1280\" srcset=\"https:\/\/jorgezanoni.com.br\/2019\/wp-content\/uploads\/2021\/05\/M\u00e3e-Alice-Martins-Bernardes-filho-Cassimiro-Bernardes-Valen\u00e7a-filha-Am\u00e9lia-Ap-Bernardes-Valen\u00e7a-Brianes.jpg 590w, https:\/\/jorgezanoni.com.br\/2019\/wp-content\/uploads\/2021\/05\/M\u00e3e-Alice-Martins-Bernardes-filho-Cassimiro-Bernardes-Valen\u00e7a-filha-Am\u00e9lia-Ap-Bernardes-Valen\u00e7a-Brianes-138x300.jpg 138w, https:\/\/jorgezanoni.com.br\/2019\/wp-content\/uploads\/2021\/05\/M\u00e3e-Alice-Martins-Bernardes-filho-Cassimiro-Bernardes-Valen\u00e7a-filha-Am\u00e9lia-Ap-Bernardes-Valen\u00e7a-Brianes-472x1024.jpg 472w, https:\/\/jorgezanoni.com.br\/2019\/wp-content\/uploads\/2021\/05\/M\u00e3e-Alice-Martins-Bernardes-filho-Cassimiro-Bernardes-Valen\u00e7a-filha-Am\u00e9lia-Ap-Bernardes-Valen\u00e7a-Brianes-194x420.jpg 194w\" sizes=\"auto, (max-width: 590px) 100vw, 590px\" \/>M\u00e3e Alice Martins Bernardes filho Cassimiro Bernardes Valen\u00e7a filha Am\u00e9lia Ap Bernardes Valen\u00e7a Brianes<\/p>\n<p><img loading=\"lazy\" decoding=\"async\" class=\"alignnone size-full wp-image-47424\" src=\"https:\/\/jorgezanoni.com.br\/2019\/wp-content\/uploads\/2021\/05\/M\u00e3e-Alice-Oliveira-e-o-filho-Vin\u00edcius-Eduardo-de-Oliveira.jpg\" alt=\"\" width=\"1280\" height=\"958\" srcset=\"https:\/\/jorgezanoni.com.br\/2019\/wp-content\/uploads\/2021\/05\/M\u00e3e-Alice-Oliveira-e-o-filho-Vin\u00edcius-Eduardo-de-Oliveira.jpg 1280w, https:\/\/jorgezanoni.com.br\/2019\/wp-content\/uploads\/2021\/05\/M\u00e3e-Alice-Oliveira-e-o-filho-Vin\u00edcius-Eduardo-de-Oliveira-300x225.jpg 300w, https:\/\/jorgezanoni.com.br\/2019\/wp-content\/uploads\/2021\/05\/M\u00e3e-Alice-Oliveira-e-o-filho-Vin\u00edcius-Eduardo-de-Oliveira-1024x766.jpg 1024w, https:\/\/jorgezanoni.com.br\/2019\/wp-content\/uploads\/2021\/05\/M\u00e3e-Alice-Oliveira-e-o-filho-Vin\u00edcius-Eduardo-de-Oliveira-768x575.jpg 768w, https:\/\/jorgezanoni.com.br\/2019\/wp-content\/uploads\/2021\/05\/M\u00e3e-Alice-Oliveira-e-o-filho-Vin\u00edcius-Eduardo-de-Oliveira-80x60.jpg 80w, https:\/\/jorgezanoni.com.br\/2019\/wp-content\/uploads\/2021\/05\/M\u00e3e-Alice-Oliveira-e-o-filho-Vin\u00edcius-Eduardo-de-Oliveira-265x198.jpg 265w, https:\/\/jorgezanoni.com.br\/2019\/wp-content\/uploads\/2021\/05\/M\u00e3e-Alice-Oliveira-e-o-filho-Vin\u00edcius-Eduardo-de-Oliveira-696x521.jpg 696w, https:\/\/jorgezanoni.com.br\/2019\/wp-content\/uploads\/2021\/05\/M\u00e3e-Alice-Oliveira-e-o-filho-Vin\u00edcius-Eduardo-de-Oliveira-1068x799.jpg 1068w, https:\/\/jorgezanoni.com.br\/2019\/wp-content\/uploads\/2021\/05\/M\u00e3e-Alice-Oliveira-e-o-filho-Vin\u00edcius-Eduardo-de-Oliveira-561x420.jpg 561w\" sizes=\"auto, (max-width: 1280px) 100vw, 1280px\" \/>M\u00e3e Alice Oliveira e o filho Vin\u00edcius Eduardo de Oliveira<\/p>\n<p><img loading=\"lazy\" decoding=\"async\" class=\"alignnone size-full wp-image-47425\" src=\"https:\/\/jorgezanoni.com.br\/2019\/wp-content\/uploads\/2021\/05\/M\u00e3e-Aline-Ap-Silva-Peron-o-esposo-Douglas-Peron-e-os-filhos-Isabela-Torres-Peron-e-Arthur-Torres-Peron-e-Isadora-Torres-Peron.jpg\" alt=\"\" width=\"777\" height=\"1280\" srcset=\"https:\/\/jorgezanoni.com.br\/2019\/wp-content\/uploads\/2021\/05\/M\u00e3e-Aline-Ap-Silva-Peron-o-esposo-Douglas-Peron-e-os-filhos-Isabela-Torres-Peron-e-Arthur-Torres-Peron-e-Isadora-Torres-Peron.jpg 777w, https:\/\/jorgezanoni.com.br\/2019\/wp-content\/uploads\/2021\/05\/M\u00e3e-Aline-Ap-Silva-Peron-o-esposo-Douglas-Peron-e-os-filhos-Isabela-Torres-Peron-e-Arthur-Torres-Peron-e-Isadora-Torres-Peron-182x300.jpg 182w, https:\/\/jorgezanoni.com.br\/2019\/wp-content\/uploads\/2021\/05\/M\u00e3e-Aline-Ap-Silva-Peron-o-esposo-Douglas-Peron-e-os-filhos-Isabela-Torres-Peron-e-Arthur-Torres-Peron-e-Isadora-Torres-Peron-622x1024.jpg 622w, https:\/\/jorgezanoni.com.br\/2019\/wp-content\/uploads\/2021\/05\/M\u00e3e-Aline-Ap-Silva-Peron-o-esposo-Douglas-Peron-e-os-filhos-Isabela-Torres-Peron-e-Arthur-Torres-Peron-e-Isadora-Torres-Peron-768x1265.jpg 768w, https:\/\/jorgezanoni.com.br\/2019\/wp-content\/uploads\/2021\/05\/M\u00e3e-Aline-Ap-Silva-Peron-o-esposo-Douglas-Peron-e-os-filhos-Isabela-Torres-Peron-e-Arthur-Torres-Peron-e-Isadora-Torres-Peron-696x1147.jpg 696w, https:\/\/jorgezanoni.com.br\/2019\/wp-content\/uploads\/2021\/05\/M\u00e3e-Aline-Ap-Silva-Peron-o-esposo-Douglas-Peron-e-os-filhos-Isabela-Torres-Peron-e-Arthur-Torres-Peron-e-Isadora-Torres-Peron-255x420.jpg 255w\" sizes=\"auto, (max-width: 777px) 100vw, 777px\" \/>M\u00e3e Aline Ap Silva Peron o esposo Douglas Peron e os filhos Isabela Torres Peron e Arthur Torres Peron e Isadora Torres Peron<\/p>\n<p><img loading=\"lazy\" decoding=\"async\" class=\"alignnone size-full wp-image-47426\" src=\"https:\/\/jorgezanoni.com.br\/2019\/wp-content\/uploads\/2021\/05\/M\u00e3e-Am\u00e9lia-Sanches-com-o-afilhado-Nicolas-Ceni.jpg\" alt=\"\" width=\"1076\" height=\"1280\" srcset=\"https:\/\/jorgezanoni.com.br\/2019\/wp-content\/uploads\/2021\/05\/M\u00e3e-Am\u00e9lia-Sanches-com-o-afilhado-Nicolas-Ceni.jpg 1076w, https:\/\/jorgezanoni.com.br\/2019\/wp-content\/uploads\/2021\/05\/M\u00e3e-Am\u00e9lia-Sanches-com-o-afilhado-Nicolas-Ceni-252x300.jpg 252w, https:\/\/jorgezanoni.com.br\/2019\/wp-content\/uploads\/2021\/05\/M\u00e3e-Am\u00e9lia-Sanches-com-o-afilhado-Nicolas-Ceni-861x1024.jpg 861w, https:\/\/jorgezanoni.com.br\/2019\/wp-content\/uploads\/2021\/05\/M\u00e3e-Am\u00e9lia-Sanches-com-o-afilhado-Nicolas-Ceni-768x914.jpg 768w, https:\/\/jorgezanoni.com.br\/2019\/wp-content\/uploads\/2021\/05\/M\u00e3e-Am\u00e9lia-Sanches-com-o-afilhado-Nicolas-Ceni-696x828.jpg 696w, https:\/\/jorgezanoni.com.br\/2019\/wp-content\/uploads\/2021\/05\/M\u00e3e-Am\u00e9lia-Sanches-com-o-afilhado-Nicolas-Ceni-1068x1270.jpg 1068w, https:\/\/jorgezanoni.com.br\/2019\/wp-content\/uploads\/2021\/05\/M\u00e3e-Am\u00e9lia-Sanches-com-o-afilhado-Nicolas-Ceni-353x420.jpg 353w\" sizes=\"auto, (max-width: 1076px) 100vw, 1076px\" \/>M\u00e3e Am\u00e9lia Sanches com o afilhado Nicolas Ceni<\/p>\n<p><img loading=\"lazy\" decoding=\"async\" class=\"alignnone size-full wp-image-47427\" src=\"https:\/\/jorgezanoni.com.br\/2019\/wp-content\/uploads\/2021\/05\/M\u00e3e-Ana-Carolina-e-Ana-Laura.jpg\" alt=\"\" width=\"694\" height=\"1280\" srcset=\"https:\/\/jorgezanoni.com.br\/2019\/wp-content\/uploads\/2021\/05\/M\u00e3e-Ana-Carolina-e-Ana-Laura.jpg 694w, https:\/\/jorgezanoni.com.br\/2019\/wp-content\/uploads\/2021\/05\/M\u00e3e-Ana-Carolina-e-Ana-Laura-163x300.jpg 163w, https:\/\/jorgezanoni.com.br\/2019\/wp-content\/uploads\/2021\/05\/M\u00e3e-Ana-Carolina-e-Ana-Laura-555x1024.jpg 555w, https:\/\/jorgezanoni.com.br\/2019\/wp-content\/uploads\/2021\/05\/M\u00e3e-Ana-Carolina-e-Ana-Laura-228x420.jpg 228w\" sizes=\"auto, (max-width: 694px) 100vw, 694px\" \/>M\u00e3e Ana Carolina e Ana Laura<\/p>\n<p><img loading=\"lazy\" decoding=\"async\" class=\"alignnone size-full wp-image-47428\" src=\"https:\/\/jorgezanoni.com.br\/2019\/wp-content\/uploads\/2021\/05\/M\u00e3e-ANA-DOS-SANTOS-OLIVEIRA-FLORA-RICA-SP.jpg\" alt=\"\" width=\"720\" height=\"960\" srcset=\"https:\/\/jorgezanoni.com.br\/2019\/wp-content\/uploads\/2021\/05\/M\u00e3e-ANA-DOS-SANTOS-OLIVEIRA-FLORA-RICA-SP.jpg 720w, https:\/\/jorgezanoni.com.br\/2019\/wp-content\/uploads\/2021\/05\/M\u00e3e-ANA-DOS-SANTOS-OLIVEIRA-FLORA-RICA-SP-225x300.jpg 225w, https:\/\/jorgezanoni.com.br\/2019\/wp-content\/uploads\/2021\/05\/M\u00e3e-ANA-DOS-SANTOS-OLIVEIRA-FLORA-RICA-SP-696x928.jpg 696w, https:\/\/jorgezanoni.com.br\/2019\/wp-content\/uploads\/2021\/05\/M\u00e3e-ANA-DOS-SANTOS-OLIVEIRA-FLORA-RICA-SP-315x420.jpg 315w\" sizes=\"auto, (max-width: 720px) 100vw, 720px\" \/>M\u00e3e Ana dos Santos Oliveira &#8211; Flora Rica\/SP.<\/p>\n<p><img loading=\"lazy\" decoding=\"async\" class=\"alignnone size-full wp-image-47429\" src=\"https:\/\/jorgezanoni.com.br\/2019\/wp-content\/uploads\/2021\/05\/M\u00e3e-Ana-Maria-Miyagui-e-os-filhos-Rosely-H.-Miyagui-Piotto-e-Rog\u00e9rio-H.-Miyagui.jpg\" alt=\"\" width=\"720\" height=\"1280\" srcset=\"https:\/\/jorgezanoni.com.br\/2019\/wp-content\/uploads\/2021\/05\/M\u00e3e-Ana-Maria-Miyagui-e-os-filhos-Rosely-H.-Miyagui-Piotto-e-Rog\u00e9rio-H.-Miyagui.jpg 720w, https:\/\/jorgezanoni.com.br\/2019\/wp-content\/uploads\/2021\/05\/M\u00e3e-Ana-Maria-Miyagui-e-os-filhos-Rosely-H.-Miyagui-Piotto-e-Rog\u00e9rio-H.-Miyagui-169x300.jpg 169w, https:\/\/jorgezanoni.com.br\/2019\/wp-content\/uploads\/2021\/05\/M\u00e3e-Ana-Maria-Miyagui-e-os-filhos-Rosely-H.-Miyagui-Piotto-e-Rog\u00e9rio-H.-Miyagui-576x1024.jpg 576w, https:\/\/jorgezanoni.com.br\/2019\/wp-content\/uploads\/2021\/05\/M\u00e3e-Ana-Maria-Miyagui-e-os-filhos-Rosely-H.-Miyagui-Piotto-e-Rog\u00e9rio-H.-Miyagui-696x1237.jpg 696w, https:\/\/jorgezanoni.com.br\/2019\/wp-content\/uploads\/2021\/05\/M\u00e3e-Ana-Maria-Miyagui-e-os-filhos-Rosely-H.-Miyagui-Piotto-e-Rog\u00e9rio-H.-Miyagui-236x420.jpg 236w\" sizes=\"auto, (max-width: 720px) 100vw, 720px\" \/>M\u00e3e Ana Maria Miyagui e os filhos Rosely H. Miyagui Piotto e Rog\u00e9rio H. Miyagui<\/p>\n<p><img loading=\"lazy\" decoding=\"async\" class=\"alignnone size-full wp-image-47430\" src=\"https:\/\/jorgezanoni.com.br\/2019\/wp-content\/uploads\/2021\/05\/M\u00e3e-Ana-Paula-dos-Santos-Mata-e-a-filha-Mariana-2.jpg\" alt=\"\" width=\"481\" height=\"960\" srcset=\"https:\/\/jorgezanoni.com.br\/2019\/wp-content\/uploads\/2021\/05\/M\u00e3e-Ana-Paula-dos-Santos-Mata-e-a-filha-Mariana-2.jpg 481w, https:\/\/jorgezanoni.com.br\/2019\/wp-content\/uploads\/2021\/05\/M\u00e3e-Ana-Paula-dos-Santos-Mata-e-a-filha-Mariana-2-150x300.jpg 150w, https:\/\/jorgezanoni.com.br\/2019\/wp-content\/uploads\/2021\/05\/M\u00e3e-Ana-Paula-dos-Santos-Mata-e-a-filha-Mariana-2-210x420.jpg 210w\" sizes=\"auto, (max-width: 481px) 100vw, 481px\" \/>M\u00e3e Ana Paula dos Santos Mata e a filha Mariana<\/p>\n<p><img loading=\"lazy\" decoding=\"async\" class=\"alignnone size-full wp-image-47431\" src=\"https:\/\/jorgezanoni.com.br\/2019\/wp-content\/uploads\/2021\/05\/M\u00e3e-Ana-Paula-T.-Da-Cunha-e-filhos.jpg\" alt=\"\" width=\"720\" height=\"643\" srcset=\"https:\/\/jorgezanoni.com.br\/2019\/wp-content\/uploads\/2021\/05\/M\u00e3e-Ana-Paula-T.-Da-Cunha-e-filhos.jpg 720w, https:\/\/jorgezanoni.com.br\/2019\/wp-content\/uploads\/2021\/05\/M\u00e3e-Ana-Paula-T.-Da-Cunha-e-filhos-300x268.jpg 300w, https:\/\/jorgezanoni.com.br\/2019\/wp-content\/uploads\/2021\/05\/M\u00e3e-Ana-Paula-T.-Da-Cunha-e-filhos-696x622.jpg 696w, https:\/\/jorgezanoni.com.br\/2019\/wp-content\/uploads\/2021\/05\/M\u00e3e-Ana-Paula-T.-Da-Cunha-e-filhos-470x420.jpg 470w\" sizes=\"auto, (max-width: 720px) 100vw, 720px\" \/>M\u00e3e Ana Paula T. Da Cunha, filhos e neta<\/p>\n<p><img loading=\"lazy\" decoding=\"async\" class=\"alignnone size-full wp-image-47432\" src=\"https:\/\/jorgezanoni.com.br\/2019\/wp-content\/uploads\/2021\/05\/M\u00e3e-Ana-Paula-tolardo-carnicer-2.jpg\" alt=\"\" width=\"774\" height=\"879\" srcset=\"https:\/\/jorgezanoni.com.br\/2019\/wp-content\/uploads\/2021\/05\/M\u00e3e-Ana-Paula-tolardo-carnicer-2.jpg 774w, https:\/\/jorgezanoni.com.br\/2019\/wp-content\/uploads\/2021\/05\/M\u00e3e-Ana-Paula-tolardo-carnicer-2-264x300.jpg 264w, https:\/\/jorgezanoni.com.br\/2019\/wp-content\/uploads\/2021\/05\/M\u00e3e-Ana-Paula-tolardo-carnicer-2-768x872.jpg 768w, https:\/\/jorgezanoni.com.br\/2019\/wp-content\/uploads\/2021\/05\/M\u00e3e-Ana-Paula-tolardo-carnicer-2-696x790.jpg 696w, https:\/\/jorgezanoni.com.br\/2019\/wp-content\/uploads\/2021\/05\/M\u00e3e-Ana-Paula-tolardo-carnicer-2-370x420.jpg 370w\" sizes=\"auto, (max-width: 774px) 100vw, 774px\" \/>M\u00e3e Ana Paula Tolardo Carnicer<\/p>\n<p><img loading=\"lazy\" decoding=\"async\" class=\"alignnone size-full wp-image-47433\" src=\"https:\/\/jorgezanoni.com.br\/2019\/wp-content\/uploads\/2021\/05\/M\u00e3e-Angela-Maria-Pollon-Branco-e-os-filhos-Daniele-C.-Pollon-Branco-Rodrigues-e-Thiago-Henrique-Pollon-Branco.jpg\" alt=\"\" width=\"683\" height=\"705\" srcset=\"https:\/\/jorgezanoni.com.br\/2019\/wp-content\/uploads\/2021\/05\/M\u00e3e-Angela-Maria-Pollon-Branco-e-os-filhos-Daniele-C.-Pollon-Branco-Rodrigues-e-Thiago-Henrique-Pollon-Branco.jpg 683w, https:\/\/jorgezanoni.com.br\/2019\/wp-content\/uploads\/2021\/05\/M\u00e3e-Angela-Maria-Pollon-Branco-e-os-filhos-Daniele-C.-Pollon-Branco-Rodrigues-e-Thiago-Henrique-Pollon-Branco-291x300.jpg 291w, https:\/\/jorgezanoni.com.br\/2019\/wp-content\/uploads\/2021\/05\/M\u00e3e-Angela-Maria-Pollon-Branco-e-os-filhos-Daniele-C.-Pollon-Branco-Rodrigues-e-Thiago-Henrique-Pollon-Branco-407x420.jpg 407w\" sizes=\"auto, (max-width: 683px) 100vw, 683px\" \/>M\u00e3e Angela Maria Pollon Branco e os filhos Daniele C. Pollon Branco Rodrigues e Thiago Henrique Pollon Branco<\/p>\n<p><img loading=\"lazy\" decoding=\"async\" class=\"alignnone size-full wp-image-47434\" src=\"https:\/\/jorgezanoni.com.br\/2019\/wp-content\/uploads\/2021\/05\/M\u00e3e-Ant\u00f4nia-in-mem\u00f3ria-e-a-filha-Roseli-Sevilha-Rodrigues-2.jpg\" alt=\"\" width=\"671\" height=\"466\" srcset=\"https:\/\/jorgezanoni.com.br\/2019\/wp-content\/uploads\/2021\/05\/M\u00e3e-Ant\u00f4nia-in-mem\u00f3ria-e-a-filha-Roseli-Sevilha-Rodrigues-2.jpg 671w, https:\/\/jorgezanoni.com.br\/2019\/wp-content\/uploads\/2021\/05\/M\u00e3e-Ant\u00f4nia-in-mem\u00f3ria-e-a-filha-Roseli-Sevilha-Rodrigues-2-300x208.jpg 300w, https:\/\/jorgezanoni.com.br\/2019\/wp-content\/uploads\/2021\/05\/M\u00e3e-Ant\u00f4nia-in-mem\u00f3ria-e-a-filha-Roseli-Sevilha-Rodrigues-2-100x70.jpg 100w, https:\/\/jorgezanoni.com.br\/2019\/wp-content\/uploads\/2021\/05\/M\u00e3e-Ant\u00f4nia-in-mem\u00f3ria-e-a-filha-Roseli-Sevilha-Rodrigues-2-218x150.jpg 218w, https:\/\/jorgezanoni.com.br\/2019\/wp-content\/uploads\/2021\/05\/M\u00e3e-Ant\u00f4nia-in-mem\u00f3ria-e-a-filha-Roseli-Sevilha-Rodrigues-2-605x420.jpg 605w\" sizes=\"auto, (max-width: 671px) 100vw, 671px\" \/>M\u00e3e Ant\u00f4nia (in mem\u00f3ria) e a filha Roseli Sevilha Rodrigues<\/p>\n<p><img loading=\"lazy\" decoding=\"async\" class=\"alignnone size-full wp-image-47435\" src=\"https:\/\/jorgezanoni.com.br\/2019\/wp-content\/uploads\/2021\/05\/M\u00e3e-Aparecida-Nunes-Cardoso-Machado-e-o-filho-Vinicius-Cardoso-Machado-2.jpg\" alt=\"\" width=\"720\" height=\"960\" srcset=\"https:\/\/jorgezanoni.com.br\/2019\/wp-content\/uploads\/2021\/05\/M\u00e3e-Aparecida-Nunes-Cardoso-Machado-e-o-filho-Vinicius-Cardoso-Machado-2.jpg 720w, https:\/\/jorgezanoni.com.br\/2019\/wp-content\/uploads\/2021\/05\/M\u00e3e-Aparecida-Nunes-Cardoso-Machado-e-o-filho-Vinicius-Cardoso-Machado-2-225x300.jpg 225w, https:\/\/jorgezanoni.com.br\/2019\/wp-content\/uploads\/2021\/05\/M\u00e3e-Aparecida-Nunes-Cardoso-Machado-e-o-filho-Vinicius-Cardoso-Machado-2-696x928.jpg 696w, https:\/\/jorgezanoni.com.br\/2019\/wp-content\/uploads\/2021\/05\/M\u00e3e-Aparecida-Nunes-Cardoso-Machado-e-o-filho-Vinicius-Cardoso-Machado-2-315x420.jpg 315w\" sizes=\"auto, (max-width: 720px) 100vw, 720px\" \/>M\u00e3e Aparecida Nunes Cardoso Machado e o filho Vinicius Cardoso Machado<\/p>\n<p><img loading=\"lazy\" decoding=\"async\" class=\"alignnone size-full wp-image-47436\" src=\"https:\/\/jorgezanoni.com.br\/2019\/wp-content\/uploads\/2021\/05\/M\u00e3e-Aparecida-Orlando.jpg\" alt=\"\" width=\"600\" height=\"600\" srcset=\"https:\/\/jorgezanoni.com.br\/2019\/wp-content\/uploads\/2021\/05\/M\u00e3e-Aparecida-Orlando.jpg 600w, https:\/\/jorgezanoni.com.br\/2019\/wp-content\/uploads\/2021\/05\/M\u00e3e-Aparecida-Orlando-300x300.jpg 300w, https:\/\/jorgezanoni.com.br\/2019\/wp-content\/uploads\/2021\/05\/M\u00e3e-Aparecida-Orlando-150x150.jpg 150w, https:\/\/jorgezanoni.com.br\/2019\/wp-content\/uploads\/2021\/05\/M\u00e3e-Aparecida-Orlando-420x420.jpg 420w\" sizes=\"auto, (max-width: 600px) 100vw, 600px\" \/>M\u00e3e Aparecida Orlando<\/p>\n<p><img loading=\"lazy\" decoding=\"async\" class=\"alignnone size-full wp-image-47437\" src=\"https:\/\/jorgezanoni.com.br\/2019\/wp-content\/uploads\/2021\/05\/M\u00e3e-Ariele-Nascimento-Pedracci-2.jpg\" alt=\"\" width=\"450\" height=\"1114\" srcset=\"https:\/\/jorgezanoni.com.br\/2019\/wp-content\/uploads\/2021\/05\/M\u00e3e-Ariele-Nascimento-Pedracci-2.jpg 450w, https:\/\/jorgezanoni.com.br\/2019\/wp-content\/uploads\/2021\/05\/M\u00e3e-Ariele-Nascimento-Pedracci-2-121x300.jpg 121w, https:\/\/jorgezanoni.com.br\/2019\/wp-content\/uploads\/2021\/05\/M\u00e3e-Ariele-Nascimento-Pedracci-2-414x1024.jpg 414w, https:\/\/jorgezanoni.com.br\/2019\/wp-content\/uploads\/2021\/05\/M\u00e3e-Ariele-Nascimento-Pedracci-2-170x420.jpg 170w\" sizes=\"auto, (max-width: 450px) 100vw, 450px\" \/>M\u00e3e Ariele Nascimento Pedracci<\/p>\n<p><img loading=\"lazy\" decoding=\"async\" class=\"alignnone size-full wp-image-47438\" src=\"https:\/\/jorgezanoni.com.br\/2019\/wp-content\/uploads\/2021\/05\/M\u00e3e-Benedita-Zoraide-Alves-David-a-neta-Uly-Durante-e-filha-Claudineia-Alves-David.jpg\" alt=\"\" width=\"720\" height=\"720\" srcset=\"https:\/\/jorgezanoni.com.br\/2019\/wp-content\/uploads\/2021\/05\/M\u00e3e-Benedita-Zoraide-Alves-David-a-neta-Uly-Durante-e-filha-Claudineia-Alves-David.jpg 720w, https:\/\/jorgezanoni.com.br\/2019\/wp-content\/uploads\/2021\/05\/M\u00e3e-Benedita-Zoraide-Alves-David-a-neta-Uly-Durante-e-filha-Claudineia-Alves-David-300x300.jpg 300w, https:\/\/jorgezanoni.com.br\/2019\/wp-content\/uploads\/2021\/05\/M\u00e3e-Benedita-Zoraide-Alves-David-a-neta-Uly-Durante-e-filha-Claudineia-Alves-David-150x150.jpg 150w, https:\/\/jorgezanoni.com.br\/2019\/wp-content\/uploads\/2021\/05\/M\u00e3e-Benedita-Zoraide-Alves-David-a-neta-Uly-Durante-e-filha-Claudineia-Alves-David-696x696.jpg 696w, https:\/\/jorgezanoni.com.br\/2019\/wp-content\/uploads\/2021\/05\/M\u00e3e-Benedita-Zoraide-Alves-David-a-neta-Uly-Durante-e-filha-Claudineia-Alves-David-420x420.jpg 420w\" sizes=\"auto, (max-width: 720px) 100vw, 720px\" \/>M\u00e3e Benedita Zoraide Alves David a neta Uly Durante e filha Claudineia Alves David<\/p>\n<p><img loading=\"lazy\" decoding=\"async\" class=\"alignnone size-full wp-image-47439\" src=\"https:\/\/jorgezanoni.com.br\/2019\/wp-content\/uploads\/2021\/05\/M\u00e3e-Cacilda-Marques-Fernandes-e-o-esposo-Alcides-2.jpg\" alt=\"\" width=\"720\" height=\"775\" srcset=\"https:\/\/jorgezanoni.com.br\/2019\/wp-content\/uploads\/2021\/05\/M\u00e3e-Cacilda-Marques-Fernandes-e-o-esposo-Alcides-2.jpg 720w, https:\/\/jorgezanoni.com.br\/2019\/wp-content\/uploads\/2021\/05\/M\u00e3e-Cacilda-Marques-Fernandes-e-o-esposo-Alcides-2-279x300.jpg 279w, https:\/\/jorgezanoni.com.br\/2019\/wp-content\/uploads\/2021\/05\/M\u00e3e-Cacilda-Marques-Fernandes-e-o-esposo-Alcides-2-696x749.jpg 696w, https:\/\/jorgezanoni.com.br\/2019\/wp-content\/uploads\/2021\/05\/M\u00e3e-Cacilda-Marques-Fernandes-e-o-esposo-Alcides-2-390x420.jpg 390w\" sizes=\"auto, (max-width: 720px) 100vw, 720px\" \/>M\u00e3e Cacilda Marques Fernandes e o esposo Alcides<\/p>\n<p><img loading=\"lazy\" decoding=\"async\" class=\"alignnone size-full wp-image-47440\" src=\"https:\/\/jorgezanoni.com.br\/2019\/wp-content\/uploads\/2021\/05\/M\u00e3e-Camila-Nataly-da-Silva-e-sua-filha-L\u00edvia-fran\u00e7a.jpg\" alt=\"\" width=\"720\" height=\"960\" srcset=\"https:\/\/jorgezanoni.com.br\/2019\/wp-content\/uploads\/2021\/05\/M\u00e3e-Camila-Nataly-da-Silva-e-sua-filha-L\u00edvia-fran\u00e7a.jpg 720w, https:\/\/jorgezanoni.com.br\/2019\/wp-content\/uploads\/2021\/05\/M\u00e3e-Camila-Nataly-da-Silva-e-sua-filha-L\u00edvia-fran\u00e7a-225x300.jpg 225w, https:\/\/jorgezanoni.com.br\/2019\/wp-content\/uploads\/2021\/05\/M\u00e3e-Camila-Nataly-da-Silva-e-sua-filha-L\u00edvia-fran\u00e7a-696x928.jpg 696w, https:\/\/jorgezanoni.com.br\/2019\/wp-content\/uploads\/2021\/05\/M\u00e3e-Camila-Nataly-da-Silva-e-sua-filha-L\u00edvia-fran\u00e7a-315x420.jpg 315w\" sizes=\"auto, (max-width: 720px) 100vw, 720px\" \/>M\u00e3e Camila Nataly da Silva e sua filha L\u00edvia Fran\u00e7a<\/p>\n<p><img loading=\"lazy\" decoding=\"async\" class=\"alignnone size-full wp-image-47441\" src=\"https:\/\/jorgezanoni.com.br\/2019\/wp-content\/uploads\/2021\/05\/M\u00e3e-Carla-e-filhas-Hellena-e-Sophya-2.jpg\" alt=\"\" width=\"587\" height=\"777\" srcset=\"https:\/\/jorgezanoni.com.br\/2019\/wp-content\/uploads\/2021\/05\/M\u00e3e-Carla-e-filhas-Hellena-e-Sophya-2.jpg 587w, https:\/\/jorgezanoni.com.br\/2019\/wp-content\/uploads\/2021\/05\/M\u00e3e-Carla-e-filhas-Hellena-e-Sophya-2-227x300.jpg 227w, https:\/\/jorgezanoni.com.br\/2019\/wp-content\/uploads\/2021\/05\/M\u00e3e-Carla-e-filhas-Hellena-e-Sophya-2-317x420.jpg 317w\" sizes=\"auto, (max-width: 587px) 100vw, 587px\" \/>M\u00e3e Carla e filhas Hellena e Sophya<\/p>\n<p><img loading=\"lazy\" decoding=\"async\" class=\"alignnone size-full wp-image-47442\" src=\"https:\/\/jorgezanoni.com.br\/2019\/wp-content\/uploads\/2021\/05\/M\u00e3e-C\u00e9lia-Branco-Ivana-Ivo-e-Esposo-2.jpg\" alt=\"\" width=\"537\" height=\"596\" srcset=\"https:\/\/jorgezanoni.com.br\/2019\/wp-content\/uploads\/2021\/05\/M\u00e3e-C\u00e9lia-Branco-Ivana-Ivo-e-Esposo-2.jpg 537w, https:\/\/jorgezanoni.com.br\/2019\/wp-content\/uploads\/2021\/05\/M\u00e3e-C\u00e9lia-Branco-Ivana-Ivo-e-Esposo-2-270x300.jpg 270w, https:\/\/jorgezanoni.com.br\/2019\/wp-content\/uploads\/2021\/05\/M\u00e3e-C\u00e9lia-Branco-Ivana-Ivo-e-Esposo-2-378x420.jpg 378w\" sizes=\"auto, (max-width: 537px) 100vw, 537px\" \/>M\u00e3e C\u00e9lia Branco Ivana, Ivo e Esposo<\/p>\n<p><img loading=\"lazy\" decoding=\"async\" class=\"alignnone size-full wp-image-47443\" src=\"https:\/\/jorgezanoni.com.br\/2019\/wp-content\/uploads\/2021\/05\/M\u00e3e-Cilene-Bonilha-dos-Santos.jpg\" alt=\"\" width=\"640\" height=\"1312\" srcset=\"https:\/\/jorgezanoni.com.br\/2019\/wp-content\/uploads\/2021\/05\/M\u00e3e-Cilene-Bonilha-dos-Santos.jpg 640w, https:\/\/jorgezanoni.com.br\/2019\/wp-content\/uploads\/2021\/05\/M\u00e3e-Cilene-Bonilha-dos-Santos-146x300.jpg 146w, https:\/\/jorgezanoni.com.br\/2019\/wp-content\/uploads\/2021\/05\/M\u00e3e-Cilene-Bonilha-dos-Santos-500x1024.jpg 500w, https:\/\/jorgezanoni.com.br\/2019\/wp-content\/uploads\/2021\/05\/M\u00e3e-Cilene-Bonilha-dos-Santos-205x420.jpg 205w\" sizes=\"auto, (max-width: 640px) 100vw, 640px\" \/>M\u00e3e Cilene Bonilha dos Santos<\/p>\n<p><img loading=\"lazy\" decoding=\"async\" class=\"alignnone size-full wp-image-47444\" src=\"https:\/\/jorgezanoni.com.br\/2019\/wp-content\/uploads\/2021\/05\/M\u00e3e-Clara-Julia-Fraga-Freitas-Teruel-in-mem\u00f3ria.jpg\" alt=\"\" width=\"407\" height=\"413\" srcset=\"https:\/\/jorgezanoni.com.br\/2019\/wp-content\/uploads\/2021\/05\/M\u00e3e-Clara-Julia-Fraga-Freitas-Teruel-in-mem\u00f3ria.jpg 407w, https:\/\/jorgezanoni.com.br\/2019\/wp-content\/uploads\/2021\/05\/M\u00e3e-Clara-Julia-Fraga-Freitas-Teruel-in-mem\u00f3ria-296x300.jpg 296w\" sizes=\"auto, (max-width: 407px) 100vw, 407px\" \/>M\u00e3e Clara Julia Fraga Freitas Teruel (in mem\u00f3ria)<\/p>\n<p><img loading=\"lazy\" decoding=\"async\" class=\"alignnone size-full wp-image-47445\" src=\"https:\/\/jorgezanoni.com.br\/2019\/wp-content\/uploads\/2021\/05\/M\u00e3e-Clarice-dos-Santos-Pedro-filho-Leonardo-dos-Santos-Pedro-e-a-irm\u00e3-Claudete-Pedro-da-Rosa-2.jpg\" alt=\"\" width=\"445\" height=\"260\" srcset=\"https:\/\/jorgezanoni.com.br\/2019\/wp-content\/uploads\/2021\/05\/M\u00e3e-Clarice-dos-Santos-Pedro-filho-Leonardo-dos-Santos-Pedro-e-a-irm\u00e3-Claudete-Pedro-da-Rosa-2.jpg 445w, https:\/\/jorgezanoni.com.br\/2019\/wp-content\/uploads\/2021\/05\/M\u00e3e-Clarice-dos-Santos-Pedro-filho-Leonardo-dos-Santos-Pedro-e-a-irm\u00e3-Claudete-Pedro-da-Rosa-2-300x175.jpg 300w\" sizes=\"auto, (max-width: 445px) 100vw, 445px\" \/>M\u00e3e Clarice dos Santos Pedro filho Leonardo dos Santos Pedro e a irm\u00e3 Claudete Pedro da Rosa<\/p>\n<p><img loading=\"lazy\" decoding=\"async\" class=\"alignnone size-full wp-image-47446\" src=\"https:\/\/jorgezanoni.com.br\/2019\/wp-content\/uploads\/2021\/05\/M\u00e3e-Clauci-Gon\u00e7alves-da-Silva-Carlos-2.jpg\" alt=\"\" width=\"440\" height=\"780\" srcset=\"https:\/\/jorgezanoni.com.br\/2019\/wp-content\/uploads\/2021\/05\/M\u00e3e-Clauci-Gon\u00e7alves-da-Silva-Carlos-2.jpg 440w, https:\/\/jorgezanoni.com.br\/2019\/wp-content\/uploads\/2021\/05\/M\u00e3e-Clauci-Gon\u00e7alves-da-Silva-Carlos-2-169x300.jpg 169w, https:\/\/jorgezanoni.com.br\/2019\/wp-content\/uploads\/2021\/05\/M\u00e3e-Clauci-Gon\u00e7alves-da-Silva-Carlos-2-237x420.jpg 237w\" sizes=\"auto, (max-width: 440px) 100vw, 440px\" \/>M\u00e3e Clauci Gon\u00e7alves da Silva Carlos<\/p>\n<p><img loading=\"lazy\" decoding=\"async\" class=\"alignnone size-full wp-image-47447\" src=\"https:\/\/jorgezanoni.com.br\/2019\/wp-content\/uploads\/2021\/05\/M\u00e3e-Cleide-Campos-e-a-filha-Carol.jpg\" alt=\"\" width=\"1148\" height=\"1280\" srcset=\"https:\/\/jorgezanoni.com.br\/2019\/wp-content\/uploads\/2021\/05\/M\u00e3e-Cleide-Campos-e-a-filha-Carol.jpg 1148w, https:\/\/jorgezanoni.com.br\/2019\/wp-content\/uploads\/2021\/05\/M\u00e3e-Cleide-Campos-e-a-filha-Carol-269x300.jpg 269w, https:\/\/jorgezanoni.com.br\/2019\/wp-content\/uploads\/2021\/05\/M\u00e3e-Cleide-Campos-e-a-filha-Carol-918x1024.jpg 918w, https:\/\/jorgezanoni.com.br\/2019\/wp-content\/uploads\/2021\/05\/M\u00e3e-Cleide-Campos-e-a-filha-Carol-768x856.jpg 768w, https:\/\/jorgezanoni.com.br\/2019\/wp-content\/uploads\/2021\/05\/M\u00e3e-Cleide-Campos-e-a-filha-Carol-696x776.jpg 696w, https:\/\/jorgezanoni.com.br\/2019\/wp-content\/uploads\/2021\/05\/M\u00e3e-Cleide-Campos-e-a-filha-Carol-1068x1191.jpg 1068w, https:\/\/jorgezanoni.com.br\/2019\/wp-content\/uploads\/2021\/05\/M\u00e3e-Cleide-Campos-e-a-filha-Carol-377x420.jpg 377w\" sizes=\"auto, (max-width: 1148px) 100vw, 1148px\" \/>M\u00e3e Cleide Campos e a filha Carol<\/p>\n<p><img loading=\"lazy\" decoding=\"async\" class=\"alignnone size-full wp-image-47448\" src=\"https:\/\/jorgezanoni.com.br\/2019\/wp-content\/uploads\/2021\/05\/M\u00e3e-Damares-Pozza-e-as-Filhas-Beatriz-e-Let\u00edcia.jpg\" alt=\"\" width=\"567\" height=\"573\" srcset=\"https:\/\/jorgezanoni.com.br\/2019\/wp-content\/uploads\/2021\/05\/M\u00e3e-Damares-Pozza-e-as-Filhas-Beatriz-e-Let\u00edcia.jpg 567w, https:\/\/jorgezanoni.com.br\/2019\/wp-content\/uploads\/2021\/05\/M\u00e3e-Damares-Pozza-e-as-Filhas-Beatriz-e-Let\u00edcia-297x300.jpg 297w, https:\/\/jorgezanoni.com.br\/2019\/wp-content\/uploads\/2021\/05\/M\u00e3e-Damares-Pozza-e-as-Filhas-Beatriz-e-Let\u00edcia-416x420.jpg 416w\" sizes=\"auto, (max-width: 567px) 100vw, 567px\" \/>M\u00e3e Damares Pozza e as Filhas Beatriz e Let\u00edcia<\/p>\n<p><img loading=\"lazy\" decoding=\"async\" class=\"alignnone size-full wp-image-47449\" src=\"https:\/\/jorgezanoni.com.br\/2019\/wp-content\/uploads\/2021\/05\/M\u00e3e-D\u00e9bora-Lopes-Mazzarin-filhinha-L\u00edvia-e-o-filho-Kau\u00e3.jpg\" alt=\"\" width=\"1280\" height=\"960\" srcset=\"https:\/\/jorgezanoni.com.br\/2019\/wp-content\/uploads\/2021\/05\/M\u00e3e-D\u00e9bora-Lopes-Mazzarin-filhinha-L\u00edvia-e-o-filho-Kau\u00e3.jpg 1280w, https:\/\/jorgezanoni.com.br\/2019\/wp-content\/uploads\/2021\/05\/M\u00e3e-D\u00e9bora-Lopes-Mazzarin-filhinha-L\u00edvia-e-o-filho-Kau\u00e3-300x225.jpg 300w, https:\/\/jorgezanoni.com.br\/2019\/wp-content\/uploads\/2021\/05\/M\u00e3e-D\u00e9bora-Lopes-Mazzarin-filhinha-L\u00edvia-e-o-filho-Kau\u00e3-1024x768.jpg 1024w, https:\/\/jorgezanoni.com.br\/2019\/wp-content\/uploads\/2021\/05\/M\u00e3e-D\u00e9bora-Lopes-Mazzarin-filhinha-L\u00edvia-e-o-filho-Kau\u00e3-768x576.jpg 768w, https:\/\/jorgezanoni.com.br\/2019\/wp-content\/uploads\/2021\/05\/M\u00e3e-D\u00e9bora-Lopes-Mazzarin-filhinha-L\u00edvia-e-o-filho-Kau\u00e3-80x60.jpg 80w, https:\/\/jorgezanoni.com.br\/2019\/wp-content\/uploads\/2021\/05\/M\u00e3e-D\u00e9bora-Lopes-Mazzarin-filhinha-L\u00edvia-e-o-filho-Kau\u00e3-265x198.jpg 265w, https:\/\/jorgezanoni.com.br\/2019\/wp-content\/uploads\/2021\/05\/M\u00e3e-D\u00e9bora-Lopes-Mazzarin-filhinha-L\u00edvia-e-o-filho-Kau\u00e3-696x522.jpg 696w, https:\/\/jorgezanoni.com.br\/2019\/wp-content\/uploads\/2021\/05\/M\u00e3e-D\u00e9bora-Lopes-Mazzarin-filhinha-L\u00edvia-e-o-filho-Kau\u00e3-1068x801.jpg 1068w, https:\/\/jorgezanoni.com.br\/2019\/wp-content\/uploads\/2021\/05\/M\u00e3e-D\u00e9bora-Lopes-Mazzarin-filhinha-L\u00edvia-e-o-filho-Kau\u00e3-560x420.jpg 560w\" sizes=\"auto, (max-width: 1280px) 100vw, 1280px\" \/>M\u00e3e D\u00e9bora Lopes Mazzarin filhinha L\u00edvia e o filho Kau\u00e3<\/p>\n<p><img loading=\"lazy\" decoding=\"async\" class=\"alignnone size-full wp-image-47450\" src=\"https:\/\/jorgezanoni.com.br\/2019\/wp-content\/uploads\/2021\/05\/m\u00e3e-D\u00e9bora-Rodrigues-Bueno-filha-Isis-Bueno-Trevisan-2.jpg\" alt=\"\" width=\"714\" height=\"977\" srcset=\"https:\/\/jorgezanoni.com.br\/2019\/wp-content\/uploads\/2021\/05\/m\u00e3e-D\u00e9bora-Rodrigues-Bueno-filha-Isis-Bueno-Trevisan-2.jpg 714w, https:\/\/jorgezanoni.com.br\/2019\/wp-content\/uploads\/2021\/05\/m\u00e3e-D\u00e9bora-Rodrigues-Bueno-filha-Isis-Bueno-Trevisan-2-219x300.jpg 219w, https:\/\/jorgezanoni.com.br\/2019\/wp-content\/uploads\/2021\/05\/m\u00e3e-D\u00e9bora-Rodrigues-Bueno-filha-Isis-Bueno-Trevisan-2-696x952.jpg 696w, https:\/\/jorgezanoni.com.br\/2019\/wp-content\/uploads\/2021\/05\/m\u00e3e-D\u00e9bora-Rodrigues-Bueno-filha-Isis-Bueno-Trevisan-2-307x420.jpg 307w\" sizes=\"auto, (max-width: 714px) 100vw, 714px\" \/>M\u00e3e D\u00e9bora Rodrigues Bueno, filha Isis Bueno Trevisan<\/p>\n<p><img loading=\"lazy\" decoding=\"async\" class=\"alignnone size-full wp-image-47451\" src=\"https:\/\/jorgezanoni.com.br\/2019\/wp-content\/uploads\/2021\/05\/m\u00e3e-Durvalina-Adami-Torquetti-eu-sou-a-Fl\u00e1via-filha-2.jpg\" alt=\"\" width=\"720\" height=\"1063\" srcset=\"https:\/\/jorgezanoni.com.br\/2019\/wp-content\/uploads\/2021\/05\/m\u00e3e-Durvalina-Adami-Torquetti-eu-sou-a-Fl\u00e1via-filha-2.jpg 720w, https:\/\/jorgezanoni.com.br\/2019\/wp-content\/uploads\/2021\/05\/m\u00e3e-Durvalina-Adami-Torquetti-eu-sou-a-Fl\u00e1via-filha-2-203x300.jpg 203w, https:\/\/jorgezanoni.com.br\/2019\/wp-content\/uploads\/2021\/05\/m\u00e3e-Durvalina-Adami-Torquetti-eu-sou-a-Fl\u00e1via-filha-2-694x1024.jpg 694w, https:\/\/jorgezanoni.com.br\/2019\/wp-content\/uploads\/2021\/05\/m\u00e3e-Durvalina-Adami-Torquetti-eu-sou-a-Fl\u00e1via-filha-2-696x1028.jpg 696w, https:\/\/jorgezanoni.com.br\/2019\/wp-content\/uploads\/2021\/05\/m\u00e3e-Durvalina-Adami-Torquetti-eu-sou-a-Fl\u00e1via-filha-2-284x420.jpg 284w\" sizes=\"auto, (max-width: 720px) 100vw, 720px\" \/>M\u00e3e Durvalina Adami Torquetti , e a filha Fl\u00e1via filha<\/p>\n<p><img loading=\"lazy\" decoding=\"async\" class=\"alignnone size-full wp-image-47452\" src=\"https:\/\/jorgezanoni.com.br\/2019\/wp-content\/uploads\/2021\/05\/M\u00c3E-EDITE-SANTOS-Filhas-L\u00daCIA-HELENA-ELENIR-SANTOS-E-CIDA-MELCHIADES-2.jpg\" alt=\"\" width=\"618\" height=\"902\" srcset=\"https:\/\/jorgezanoni.com.br\/2019\/wp-content\/uploads\/2021\/05\/M\u00c3E-EDITE-SANTOS-Filhas-L\u00daCIA-HELENA-ELENIR-SANTOS-E-CIDA-MELCHIADES-2.jpg 618w, https:\/\/jorgezanoni.com.br\/2019\/wp-content\/uploads\/2021\/05\/M\u00c3E-EDITE-SANTOS-Filhas-L\u00daCIA-HELENA-ELENIR-SANTOS-E-CIDA-MELCHIADES-2-206x300.jpg 206w, https:\/\/jorgezanoni.com.br\/2019\/wp-content\/uploads\/2021\/05\/M\u00c3E-EDITE-SANTOS-Filhas-L\u00daCIA-HELENA-ELENIR-SANTOS-E-CIDA-MELCHIADES-2-288x420.jpg 288w\" sizes=\"auto, (max-width: 618px) 100vw, 618px\" \/>M\u00e3e Edite Santos e filhas L\u00facia Helena, Elenir Santos e Cida Melchiades<\/p>\n<p><img loading=\"lazy\" decoding=\"async\" class=\"alignnone size-full wp-image-47453\" src=\"https:\/\/jorgezanoni.com.br\/2019\/wp-content\/uploads\/2021\/05\/M\u00e3e-Eliane-Mazzarin.jpg\" alt=\"\" width=\"720\" height=\"1398\" srcset=\"https:\/\/jorgezanoni.com.br\/2019\/wp-content\/uploads\/2021\/05\/M\u00e3e-Eliane-Mazzarin.jpg 720w, https:\/\/jorgezanoni.com.br\/2019\/wp-content\/uploads\/2021\/05\/M\u00e3e-Eliane-Mazzarin-155x300.jpg 155w, https:\/\/jorgezanoni.com.br\/2019\/wp-content\/uploads\/2021\/05\/M\u00e3e-Eliane-Mazzarin-527x1024.jpg 527w, https:\/\/jorgezanoni.com.br\/2019\/wp-content\/uploads\/2021\/05\/M\u00e3e-Eliane-Mazzarin-696x1351.jpg 696w, https:\/\/jorgezanoni.com.br\/2019\/wp-content\/uploads\/2021\/05\/M\u00e3e-Eliane-Mazzarin-216x420.jpg 216w\" sizes=\"auto, (max-width: 720px) 100vw, 720px\" \/>M\u00e3e Eliane Mazzarin<\/p>\n<p><img loading=\"lazy\" decoding=\"async\" class=\"alignnone size-full wp-image-47454\" src=\"https:\/\/jorgezanoni.com.br\/2019\/wp-content\/uploads\/2021\/05\/M\u00e3e-Elza-Guimar\u00e3es-Grecco-com-o-seu-filho-Alessandro-Augusto-Grecco.jpg\" alt=\"\" width=\"1024\" height=\"1280\" srcset=\"https:\/\/jorgezanoni.com.br\/2019\/wp-content\/uploads\/2021\/05\/M\u00e3e-Elza-Guimar\u00e3es-Grecco-com-o-seu-filho-Alessandro-Augusto-Grecco.jpg 1024w, https:\/\/jorgezanoni.com.br\/2019\/wp-content\/uploads\/2021\/05\/M\u00e3e-Elza-Guimar\u00e3es-Grecco-com-o-seu-filho-Alessandro-Augusto-Grecco-240x300.jpg 240w, https:\/\/jorgezanoni.com.br\/2019\/wp-content\/uploads\/2021\/05\/M\u00e3e-Elza-Guimar\u00e3es-Grecco-com-o-seu-filho-Alessandro-Augusto-Grecco-819x1024.jpg 819w, https:\/\/jorgezanoni.com.br\/2019\/wp-content\/uploads\/2021\/05\/M\u00e3e-Elza-Guimar\u00e3es-Grecco-com-o-seu-filho-Alessandro-Augusto-Grecco-768x960.jpg 768w, https:\/\/jorgezanoni.com.br\/2019\/wp-content\/uploads\/2021\/05\/M\u00e3e-Elza-Guimar\u00e3es-Grecco-com-o-seu-filho-Alessandro-Augusto-Grecco-696x870.jpg 696w, https:\/\/jorgezanoni.com.br\/2019\/wp-content\/uploads\/2021\/05\/M\u00e3e-Elza-Guimar\u00e3es-Grecco-com-o-seu-filho-Alessandro-Augusto-Grecco-336x420.jpg 336w\" sizes=\"auto, (max-width: 1024px) 100vw, 1024px\" \/>M\u00e3e Elza Guimar\u00e3es Grecco com o seu filho Alessandro Augusto Grecco<\/p>\n<p><img loading=\"lazy\" decoding=\"async\" class=\"alignnone size-full wp-image-47455\" src=\"https:\/\/jorgezanoni.com.br\/2019\/wp-content\/uploads\/2021\/05\/M\u00e3e-Elza-Soares-Dos-Santos-filhos-Alex-Vitor-Lucas-e-Davi-2.jpg\" alt=\"\" width=\"1033\" height=\"825\" srcset=\"https:\/\/jorgezanoni.com.br\/2019\/wp-content\/uploads\/2021\/05\/M\u00e3e-Elza-Soares-Dos-Santos-filhos-Alex-Vitor-Lucas-e-Davi-2.jpg 1033w, https:\/\/jorgezanoni.com.br\/2019\/wp-content\/uploads\/2021\/05\/M\u00e3e-Elza-Soares-Dos-Santos-filhos-Alex-Vitor-Lucas-e-Davi-2-300x240.jpg 300w, https:\/\/jorgezanoni.com.br\/2019\/wp-content\/uploads\/2021\/05\/M\u00e3e-Elza-Soares-Dos-Santos-filhos-Alex-Vitor-Lucas-e-Davi-2-1024x818.jpg 1024w, https:\/\/jorgezanoni.com.br\/2019\/wp-content\/uploads\/2021\/05\/M\u00e3e-Elza-Soares-Dos-Santos-filhos-Alex-Vitor-Lucas-e-Davi-2-768x613.jpg 768w, https:\/\/jorgezanoni.com.br\/2019\/wp-content\/uploads\/2021\/05\/M\u00e3e-Elza-Soares-Dos-Santos-filhos-Alex-Vitor-Lucas-e-Davi-2-696x556.jpg 696w, https:\/\/jorgezanoni.com.br\/2019\/wp-content\/uploads\/2021\/05\/M\u00e3e-Elza-Soares-Dos-Santos-filhos-Alex-Vitor-Lucas-e-Davi-2-526x420.jpg 526w\" sizes=\"auto, (max-width: 1033px) 100vw, 1033px\" \/>M\u00e3e Elza Soares Dos Santos e os filhos Alex, Vitor, Lucas e Davi<\/p>\n<p><img loading=\"lazy\" decoding=\"async\" class=\"alignnone size-full wp-image-47456\" src=\"https:\/\/jorgezanoni.com.br\/2019\/wp-content\/uploads\/2021\/05\/M\u00e3e-Eunice-Pereira-dos-Santos-Martins-e-as-filhas-Solange-Martins-Maria-Rosa-e-vera-com-o-esposo-Ronivaldo-2.jpg\" alt=\"\" width=\"719\" height=\"753\" srcset=\"https:\/\/jorgezanoni.com.br\/2019\/wp-content\/uploads\/2021\/05\/M\u00e3e-Eunice-Pereira-dos-Santos-Martins-e-as-filhas-Solange-Martins-Maria-Rosa-e-vera-com-o-esposo-Ronivaldo-2.jpg 719w, https:\/\/jorgezanoni.com.br\/2019\/wp-content\/uploads\/2021\/05\/M\u00e3e-Eunice-Pereira-dos-Santos-Martins-e-as-filhas-Solange-Martins-Maria-Rosa-e-vera-com-o-esposo-Ronivaldo-2-286x300.jpg 286w, https:\/\/jorgezanoni.com.br\/2019\/wp-content\/uploads\/2021\/05\/M\u00e3e-Eunice-Pereira-dos-Santos-Martins-e-as-filhas-Solange-Martins-Maria-Rosa-e-vera-com-o-esposo-Ronivaldo-2-696x729.jpg 696w, https:\/\/jorgezanoni.com.br\/2019\/wp-content\/uploads\/2021\/05\/M\u00e3e-Eunice-Pereira-dos-Santos-Martins-e-as-filhas-Solange-Martins-Maria-Rosa-e-vera-com-o-esposo-Ronivaldo-2-401x420.jpg 401w\" sizes=\"auto, (max-width: 719px) 100vw, 719px\" \/>M\u00e3e Eunice Pereira dos Santos Martins e as filhas Solange Martins Maria Rosa e Vera com o esposo Ronivaldo<\/p>\n<p><img loading=\"lazy\" decoding=\"async\" class=\"alignnone size-full wp-image-47457\" src=\"https:\/\/jorgezanoni.com.br\/2019\/wp-content\/uploads\/2021\/05\/M\u00e3e-Gislaine-esposo-Jair-filhos-Rafaela-e-Thiago-2.jpg\" alt=\"\" width=\"943\" height=\"1060\" srcset=\"https:\/\/jorgezanoni.com.br\/2019\/wp-content\/uploads\/2021\/05\/M\u00e3e-Gislaine-esposo-Jair-filhos-Rafaela-e-Thiago-2.jpg 943w, https:\/\/jorgezanoni.com.br\/2019\/wp-content\/uploads\/2021\/05\/M\u00e3e-Gislaine-esposo-Jair-filhos-Rafaela-e-Thiago-2-267x300.jpg 267w, https:\/\/jorgezanoni.com.br\/2019\/wp-content\/uploads\/2021\/05\/M\u00e3e-Gislaine-esposo-Jair-filhos-Rafaela-e-Thiago-2-911x1024.jpg 911w, https:\/\/jorgezanoni.com.br\/2019\/wp-content\/uploads\/2021\/05\/M\u00e3e-Gislaine-esposo-Jair-filhos-Rafaela-e-Thiago-2-768x863.jpg 768w, https:\/\/jorgezanoni.com.br\/2019\/wp-content\/uploads\/2021\/05\/M\u00e3e-Gislaine-esposo-Jair-filhos-Rafaela-e-Thiago-2-696x782.jpg 696w, https:\/\/jorgezanoni.com.br\/2019\/wp-content\/uploads\/2021\/05\/M\u00e3e-Gislaine-esposo-Jair-filhos-Rafaela-e-Thiago-2-374x420.jpg 374w\" sizes=\"auto, (max-width: 943px) 100vw, 943px\" \/>M\u00e3e Gislaine, esposo Jair, filhos Rafaela e Thiago<\/p>\n<p><img loading=\"lazy\" decoding=\"async\" class=\"alignnone size-full wp-image-47458\" src=\"https:\/\/jorgezanoni.com.br\/2019\/wp-content\/uploads\/2021\/05\/M\u00e3e-Hel\u00f4-Matheus-o-marido-Emerson-e-os-filhos-Henrique-e-Maria-Eduarda.jpg\" alt=\"\" width=\"999\" height=\"1280\" srcset=\"https:\/\/jorgezanoni.com.br\/2019\/wp-content\/uploads\/2021\/05\/M\u00e3e-Hel\u00f4-Matheus-o-marido-Emerson-e-os-filhos-Henrique-e-Maria-Eduarda.jpg 999w, https:\/\/jorgezanoni.com.br\/2019\/wp-content\/uploads\/2021\/05\/M\u00e3e-Hel\u00f4-Matheus-o-marido-Emerson-e-os-filhos-Henrique-e-Maria-Eduarda-234x300.jpg 234w, https:\/\/jorgezanoni.com.br\/2019\/wp-content\/uploads\/2021\/05\/M\u00e3e-Hel\u00f4-Matheus-o-marido-Emerson-e-os-filhos-Henrique-e-Maria-Eduarda-799x1024.jpg 799w, https:\/\/jorgezanoni.com.br\/2019\/wp-content\/uploads\/2021\/05\/M\u00e3e-Hel\u00f4-Matheus-o-marido-Emerson-e-os-filhos-Henrique-e-Maria-Eduarda-768x984.jpg 768w, https:\/\/jorgezanoni.com.br\/2019\/wp-content\/uploads\/2021\/05\/M\u00e3e-Hel\u00f4-Matheus-o-marido-Emerson-e-os-filhos-Henrique-e-Maria-Eduarda-696x892.jpg 696w, https:\/\/jorgezanoni.com.br\/2019\/wp-content\/uploads\/2021\/05\/M\u00e3e-Hel\u00f4-Matheus-o-marido-Emerson-e-os-filhos-Henrique-e-Maria-Eduarda-328x420.jpg 328w\" sizes=\"auto, (max-width: 999px) 100vw, 999px\" \/>M\u00e3e Hel\u00f4 Matheus, o marido Emerson e os filhos Henrique e Maria Eduarda<\/p>\n<p><img loading=\"lazy\" decoding=\"async\" class=\"alignnone size-full wp-image-47459\" src=\"https:\/\/jorgezanoni.com.br\/2019\/wp-content\/uploads\/2021\/05\/M\u00e3e-Irene-Ferreira-Alves-e-a-filha-Renata-Alves-2.jpg\" alt=\"\" width=\"233\" height=\"351\" srcset=\"https:\/\/jorgezanoni.com.br\/2019\/wp-content\/uploads\/2021\/05\/M\u00e3e-Irene-Ferreira-Alves-e-a-filha-Renata-Alves-2.jpg 233w, https:\/\/jorgezanoni.com.br\/2019\/wp-content\/uploads\/2021\/05\/M\u00e3e-Irene-Ferreira-Alves-e-a-filha-Renata-Alves-2-199x300.jpg 199w\" sizes=\"auto, (max-width: 233px) 100vw, 233px\" \/>M\u00e3e Irene Ferreira Alves e a filha Renata Alves<\/p>\n<p><img loading=\"lazy\" decoding=\"async\" class=\"alignnone size-full wp-image-47460\" src=\"https:\/\/jorgezanoni.com.br\/2019\/wp-content\/uploads\/2021\/05\/M\u00e3e-Iva-de-Souza-rodrigues-2.jpg\" alt=\"\" width=\"653\" height=\"721\" srcset=\"https:\/\/jorgezanoni.com.br\/2019\/wp-content\/uploads\/2021\/05\/M\u00e3e-Iva-de-Souza-rodrigues-2.jpg 653w, https:\/\/jorgezanoni.com.br\/2019\/wp-content\/uploads\/2021\/05\/M\u00e3e-Iva-de-Souza-rodrigues-2-272x300.jpg 272w, https:\/\/jorgezanoni.com.br\/2019\/wp-content\/uploads\/2021\/05\/M\u00e3e-Iva-de-Souza-rodrigues-2-380x420.jpg 380w\" sizes=\"auto, (max-width: 653px) 100vw, 653px\" \/>M\u00e3e Iva de Souza rodrigues<\/p>\n<p><img loading=\"lazy\" decoding=\"async\" class=\"alignnone size-full wp-image-47461\" src=\"https:\/\/jorgezanoni.com.br\/2019\/wp-content\/uploads\/2021\/05\/M\u00e3e-Ivanilde-Giacometti-Rodolpho-e-a-filha-Nadiane-Ap-Rodolpho-Am\u00e2ncio.jpg\" alt=\"\" width=\"864\" height=\"1152\" srcset=\"https:\/\/jorgezanoni.com.br\/2019\/wp-content\/uploads\/2021\/05\/M\u00e3e-Ivanilde-Giacometti-Rodolpho-e-a-filha-Nadiane-Ap-Rodolpho-Am\u00e2ncio.jpg 864w, https:\/\/jorgezanoni.com.br\/2019\/wp-content\/uploads\/2021\/05\/M\u00e3e-Ivanilde-Giacometti-Rodolpho-e-a-filha-Nadiane-Ap-Rodolpho-Am\u00e2ncio-225x300.jpg 225w, https:\/\/jorgezanoni.com.br\/2019\/wp-content\/uploads\/2021\/05\/M\u00e3e-Ivanilde-Giacometti-Rodolpho-e-a-filha-Nadiane-Ap-Rodolpho-Am\u00e2ncio-768x1024.jpg 768w, https:\/\/jorgezanoni.com.br\/2019\/wp-content\/uploads\/2021\/05\/M\u00e3e-Ivanilde-Giacometti-Rodolpho-e-a-filha-Nadiane-Ap-Rodolpho-Am\u00e2ncio-696x928.jpg 696w, https:\/\/jorgezanoni.com.br\/2019\/wp-content\/uploads\/2021\/05\/M\u00e3e-Ivanilde-Giacometti-Rodolpho-e-a-filha-Nadiane-Ap-Rodolpho-Am\u00e2ncio-315x420.jpg 315w\" sizes=\"auto, (max-width: 864px) 100vw, 864px\" \/>M\u00e3e Ivanilde Giacometti Rodolpho e a filha Nadiane Ap Rodolpho Am\u00e2ncio<\/p>\n<p><img loading=\"lazy\" decoding=\"async\" class=\"alignnone size-full wp-image-47462\" src=\"https:\/\/jorgezanoni.com.br\/2019\/wp-content\/uploads\/2021\/05\/M\u00e3e-Ivonete-Quirino-Costa-Bueno-e-a-filha-Laudig\u00e9ria-Aparecida-Costa-Aniceto-Bueno-2.jpg\" alt=\"\" width=\"959\" height=\"1092\" srcset=\"https:\/\/jorgezanoni.com.br\/2019\/wp-content\/uploads\/2021\/05\/M\u00e3e-Ivonete-Quirino-Costa-Bueno-e-a-filha-Laudig\u00e9ria-Aparecida-Costa-Aniceto-Bueno-2.jpg 959w, https:\/\/jorgezanoni.com.br\/2019\/wp-content\/uploads\/2021\/05\/M\u00e3e-Ivonete-Quirino-Costa-Bueno-e-a-filha-Laudig\u00e9ria-Aparecida-Costa-Aniceto-Bueno-2-263x300.jpg 263w, https:\/\/jorgezanoni.com.br\/2019\/wp-content\/uploads\/2021\/05\/M\u00e3e-Ivonete-Quirino-Costa-Bueno-e-a-filha-Laudig\u00e9ria-Aparecida-Costa-Aniceto-Bueno-2-899x1024.jpg 899w, https:\/\/jorgezanoni.com.br\/2019\/wp-content\/uploads\/2021\/05\/M\u00e3e-Ivonete-Quirino-Costa-Bueno-e-a-filha-Laudig\u00e9ria-Aparecida-Costa-Aniceto-Bueno-2-768x875.jpg 768w, https:\/\/jorgezanoni.com.br\/2019\/wp-content\/uploads\/2021\/05\/M\u00e3e-Ivonete-Quirino-Costa-Bueno-e-a-filha-Laudig\u00e9ria-Aparecida-Costa-Aniceto-Bueno-2-696x793.jpg 696w, https:\/\/jorgezanoni.com.br\/2019\/wp-content\/uploads\/2021\/05\/M\u00e3e-Ivonete-Quirino-Costa-Bueno-e-a-filha-Laudig\u00e9ria-Aparecida-Costa-Aniceto-Bueno-2-369x420.jpg 369w\" sizes=\"auto, (max-width: 959px) 100vw, 959px\" \/>M\u00e3e Ivonete Quirino Costa Bueno e a filha Laudig\u00e9ria Aparecida Costa Aniceto Bueno<\/p>\n<p><img loading=\"lazy\" decoding=\"async\" class=\"alignnone size-full wp-image-47463\" src=\"https:\/\/jorgezanoni.com.br\/2019\/wp-content\/uploads\/2021\/05\/mae-Izair-Passoni-Volpi-Garcia-Com-sua-neta-Lara-2.jpg\" alt=\"\" width=\"745\" height=\"1003\" srcset=\"https:\/\/jorgezanoni.com.br\/2019\/wp-content\/uploads\/2021\/05\/mae-Izair-Passoni-Volpi-Garcia-Com-sua-neta-Lara-2.jpg 745w, https:\/\/jorgezanoni.com.br\/2019\/wp-content\/uploads\/2021\/05\/mae-Izair-Passoni-Volpi-Garcia-Com-sua-neta-Lara-2-223x300.jpg 223w, https:\/\/jorgezanoni.com.br\/2019\/wp-content\/uploads\/2021\/05\/mae-Izair-Passoni-Volpi-Garcia-Com-sua-neta-Lara-2-696x937.jpg 696w, https:\/\/jorgezanoni.com.br\/2019\/wp-content\/uploads\/2021\/05\/mae-Izair-Passoni-Volpi-Garcia-Com-sua-neta-Lara-2-312x420.jpg 312w\" sizes=\"auto, (max-width: 745px) 100vw, 745px\" \/>M\u00e3e Izair Passoni Volpi Garcia Com sua neta Lara<\/p>\n<p><img loading=\"lazy\" decoding=\"async\" class=\"alignnone size-full wp-image-47464\" src=\"https:\/\/jorgezanoni.com.br\/2019\/wp-content\/uploads\/2021\/05\/M\u00e3e-Jacira-dos-santos-Aleixo-Oliveria-2.jpg\" alt=\"\" width=\"272\" height=\"556\" srcset=\"https:\/\/jorgezanoni.com.br\/2019\/wp-content\/uploads\/2021\/05\/M\u00e3e-Jacira-dos-santos-Aleixo-Oliveria-2.jpg 272w, https:\/\/jorgezanoni.com.br\/2019\/wp-content\/uploads\/2021\/05\/M\u00e3e-Jacira-dos-santos-Aleixo-Oliveria-2-147x300.jpg 147w, https:\/\/jorgezanoni.com.br\/2019\/wp-content\/uploads\/2021\/05\/M\u00e3e-Jacira-dos-santos-Aleixo-Oliveria-2-205x420.jpg 205w\" sizes=\"auto, (max-width: 272px) 100vw, 272px\" \/>M\u00e3e Jacira dos santos Aleixo Oliveira<\/p>\n<p><img loading=\"lazy\" decoding=\"async\" class=\"alignnone size-full wp-image-47465\" src=\"https:\/\/jorgezanoni.com.br\/2019\/wp-content\/uploads\/2021\/05\/M\u00e3e-Jaira-Vitor-de-Souza-filhos-F\u00e1bio-Willian-e-Fabiana-Aline-2.jpg\" alt=\"\" width=\"562\" height=\"1114\" srcset=\"https:\/\/jorgezanoni.com.br\/2019\/wp-content\/uploads\/2021\/05\/M\u00e3e-Jaira-Vitor-de-Souza-filhos-F\u00e1bio-Willian-e-Fabiana-Aline-2.jpg 562w, https:\/\/jorgezanoni.com.br\/2019\/wp-content\/uploads\/2021\/05\/M\u00e3e-Jaira-Vitor-de-Souza-filhos-F\u00e1bio-Willian-e-Fabiana-Aline-2-151x300.jpg 151w, https:\/\/jorgezanoni.com.br\/2019\/wp-content\/uploads\/2021\/05\/M\u00e3e-Jaira-Vitor-de-Souza-filhos-F\u00e1bio-Willian-e-Fabiana-Aline-2-517x1024.jpg 517w, https:\/\/jorgezanoni.com.br\/2019\/wp-content\/uploads\/2021\/05\/M\u00e3e-Jaira-Vitor-de-Souza-filhos-F\u00e1bio-Willian-e-Fabiana-Aline-2-212x420.jpg 212w\" sizes=\"auto, (max-width: 562px) 100vw, 562px\" \/>M\u00e3e Jaira Vitor de Souza filhos F\u00e1bio Willian e Fabiana Aline<\/p>\n<p><img loading=\"lazy\" decoding=\"async\" class=\"alignnone size-full wp-image-47466\" src=\"https:\/\/jorgezanoni.com.br\/2019\/wp-content\/uploads\/2021\/05\/M\u00e3e-Jaqueline-Alves-Guimar\u00e3es-e-Lorenzo-Guimar\u00e3es-2.jpg\" alt=\"\" width=\"1001\" height=\"955\" srcset=\"https:\/\/jorgezanoni.com.br\/2019\/wp-content\/uploads\/2021\/05\/M\u00e3e-Jaqueline-Alves-Guimar\u00e3es-e-Lorenzo-Guimar\u00e3es-2.jpg 1001w, https:\/\/jorgezanoni.com.br\/2019\/wp-content\/uploads\/2021\/05\/M\u00e3e-Jaqueline-Alves-Guimar\u00e3es-e-Lorenzo-Guimar\u00e3es-2-300x286.jpg 300w, https:\/\/jorgezanoni.com.br\/2019\/wp-content\/uploads\/2021\/05\/M\u00e3e-Jaqueline-Alves-Guimar\u00e3es-e-Lorenzo-Guimar\u00e3es-2-768x733.jpg 768w, https:\/\/jorgezanoni.com.br\/2019\/wp-content\/uploads\/2021\/05\/M\u00e3e-Jaqueline-Alves-Guimar\u00e3es-e-Lorenzo-Guimar\u00e3es-2-696x664.jpg 696w, https:\/\/jorgezanoni.com.br\/2019\/wp-content\/uploads\/2021\/05\/M\u00e3e-Jaqueline-Alves-Guimar\u00e3es-e-Lorenzo-Guimar\u00e3es-2-440x420.jpg 440w\" sizes=\"auto, (max-width: 1001px) 100vw, 1001px\" \/>M\u00e3e Jaqueline Alves Guimar\u00e3es e Lorenzo Guimar\u00e3es<\/p>\n<p><img loading=\"lazy\" decoding=\"async\" class=\"alignnone size-full wp-image-47467\" src=\"https:\/\/jorgezanoni.com.br\/2019\/wp-content\/uploads\/2021\/05\/M\u00e3e-Jaqueline-Brianez-Cardoso-e-filho-Nicolas-Ceni-2.jpg\" alt=\"\" width=\"717\" height=\"1280\" srcset=\"https:\/\/jorgezanoni.com.br\/2019\/wp-content\/uploads\/2021\/05\/M\u00e3e-Jaqueline-Brianez-Cardoso-e-filho-Nicolas-Ceni-2.jpg 717w, https:\/\/jorgezanoni.com.br\/2019\/wp-content\/uploads\/2021\/05\/M\u00e3e-Jaqueline-Brianez-Cardoso-e-filho-Nicolas-Ceni-2-168x300.jpg 168w, https:\/\/jorgezanoni.com.br\/2019\/wp-content\/uploads\/2021\/05\/M\u00e3e-Jaqueline-Brianez-Cardoso-e-filho-Nicolas-Ceni-2-574x1024.jpg 574w, https:\/\/jorgezanoni.com.br\/2019\/wp-content\/uploads\/2021\/05\/M\u00e3e-Jaqueline-Brianez-Cardoso-e-filho-Nicolas-Ceni-2-696x1243.jpg 696w, https:\/\/jorgezanoni.com.br\/2019\/wp-content\/uploads\/2021\/05\/M\u00e3e-Jaqueline-Brianez-Cardoso-e-filho-Nicolas-Ceni-2-235x420.jpg 235w\" sizes=\"auto, (max-width: 717px) 100vw, 717px\" \/>M\u00e3e Jaqueline Brianez Cardoso e filho Nicolas Ceni<\/p>\n<p><img loading=\"lazy\" decoding=\"async\" class=\"alignnone size-full wp-image-47468\" src=\"https:\/\/jorgezanoni.com.br\/2019\/wp-content\/uploads\/2021\/05\/M\u00e3e-Jeizebel-Ap.-Ferreira-da-Silva-esposo-Luiz-Fernando-B.-Silva-e-filhos-Wallace-Fernando-Allyce-e-Willian-2.jpg\" alt=\"\" width=\"678\" height=\"881\" srcset=\"https:\/\/jorgezanoni.com.br\/2019\/wp-content\/uploads\/2021\/05\/M\u00e3e-Jeizebel-Ap.-Ferreira-da-Silva-esposo-Luiz-Fernando-B.-Silva-e-filhos-Wallace-Fernando-Allyce-e-Willian-2.jpg 678w, https:\/\/jorgezanoni.com.br\/2019\/wp-content\/uploads\/2021\/05\/M\u00e3e-Jeizebel-Ap.-Ferreira-da-Silva-esposo-Luiz-Fernando-B.-Silva-e-filhos-Wallace-Fernando-Allyce-e-Willian-2-231x300.jpg 231w, https:\/\/jorgezanoni.com.br\/2019\/wp-content\/uploads\/2021\/05\/M\u00e3e-Jeizebel-Ap.-Ferreira-da-Silva-esposo-Luiz-Fernando-B.-Silva-e-filhos-Wallace-Fernando-Allyce-e-Willian-2-323x420.jpg 323w\" sizes=\"auto, (max-width: 678px) 100vw, 678px\" \/>M\u00e3e Jeizebel Ap. Ferreira da Silva, esposo Luiz Fernando B. Silva e filhos Wallace Fernando, Allyce e Willian<\/p>\n<p><img loading=\"lazy\" decoding=\"async\" class=\"alignnone size-full wp-image-47469\" src=\"https:\/\/jorgezanoni.com.br\/2019\/wp-content\/uploads\/2021\/05\/M\u00e3e-Joana-Darc-Perez-Mazzarim-2.jpg\" alt=\"\" width=\"714\" height=\"1028\" srcset=\"https:\/\/jorgezanoni.com.br\/2019\/wp-content\/uploads\/2021\/05\/M\u00e3e-Joana-Darc-Perez-Mazzarim-2.jpg 714w, https:\/\/jorgezanoni.com.br\/2019\/wp-content\/uploads\/2021\/05\/M\u00e3e-Joana-Darc-Perez-Mazzarim-2-208x300.jpg 208w, https:\/\/jorgezanoni.com.br\/2019\/wp-content\/uploads\/2021\/05\/M\u00e3e-Joana-Darc-Perez-Mazzarim-2-711x1024.jpg 711w, https:\/\/jorgezanoni.com.br\/2019\/wp-content\/uploads\/2021\/05\/M\u00e3e-Joana-Darc-Perez-Mazzarim-2-696x1002.jpg 696w, https:\/\/jorgezanoni.com.br\/2019\/wp-content\/uploads\/2021\/05\/M\u00e3e-Joana-Darc-Perez-Mazzarim-2-292x420.jpg 292w\" sizes=\"auto, (max-width: 714px) 100vw, 714px\" \/>M\u00e3e Joana Darc Perez Mazzarim<\/p>\n<p><img loading=\"lazy\" decoding=\"async\" class=\"alignnone size-full wp-image-47470\" src=\"https:\/\/jorgezanoni.com.br\/2019\/wp-content\/uploads\/2021\/05\/M\u00e3e-Julia-Francisca-costa-Filho-Alcemido-e-nora-Vera-Lucia-2.jpg\" alt=\"\" width=\"625\" height=\"702\" srcset=\"https:\/\/jorgezanoni.com.br\/2019\/wp-content\/uploads\/2021\/05\/M\u00e3e-Julia-Francisca-costa-Filho-Alcemido-e-nora-Vera-Lucia-2.jpg 625w, https:\/\/jorgezanoni.com.br\/2019\/wp-content\/uploads\/2021\/05\/M\u00e3e-Julia-Francisca-costa-Filho-Alcemido-e-nora-Vera-Lucia-2-267x300.jpg 267w, https:\/\/jorgezanoni.com.br\/2019\/wp-content\/uploads\/2021\/05\/M\u00e3e-Julia-Francisca-costa-Filho-Alcemido-e-nora-Vera-Lucia-2-374x420.jpg 374w\" sizes=\"auto, (max-width: 625px) 100vw, 625px\" \/>M\u00e3e Julia Francisca costa Filho Alcemidio e nora Vera Lucia<\/p>\n<p><img loading=\"lazy\" decoding=\"async\" class=\"alignnone size-full wp-image-47476\" src=\"https:\/\/jorgezanoni.com.br\/2019\/wp-content\/uploads\/2021\/05\/M\u00e3e-Juliana-Daniel-Costa-Lima-e-Yasmim-Janaina-Lima-Silva.jpg\" alt=\"\" width=\"594\" height=\"1056\" srcset=\"https:\/\/jorgezanoni.com.br\/2019\/wp-content\/uploads\/2021\/05\/M\u00e3e-Juliana-Daniel-Costa-Lima-e-Yasmim-Janaina-Lima-Silva.jpg 594w, https:\/\/jorgezanoni.com.br\/2019\/wp-content\/uploads\/2021\/05\/M\u00e3e-Juliana-Daniel-Costa-Lima-e-Yasmim-Janaina-Lima-Silva-169x300.jpg 169w, https:\/\/jorgezanoni.com.br\/2019\/wp-content\/uploads\/2021\/05\/M\u00e3e-Juliana-Daniel-Costa-Lima-e-Yasmim-Janaina-Lima-Silva-576x1024.jpg 576w, https:\/\/jorgezanoni.com.br\/2019\/wp-content\/uploads\/2021\/05\/M\u00e3e-Juliana-Daniel-Costa-Lima-e-Yasmim-Janaina-Lima-Silva-236x420.jpg 236w\" sizes=\"auto, (max-width: 594px) 100vw, 594px\" \/>M\u00e3e Juliana Daniel Costa Lima e Yasmim Janaina Lima Silva<\/p>\n<p><img loading=\"lazy\" decoding=\"async\" class=\"alignnone size-full wp-image-47477\" src=\"https:\/\/jorgezanoni.com.br\/2019\/wp-content\/uploads\/2021\/05\/M\u00e3e-Juliane-e-filha-ysabelly-vitoria.jpg\" alt=\"\" width=\"960\" height=\"1280\" srcset=\"https:\/\/jorgezanoni.com.br\/2019\/wp-content\/uploads\/2021\/05\/M\u00e3e-Juliane-e-filha-ysabelly-vitoria.jpg 960w, https:\/\/jorgezanoni.com.br\/2019\/wp-content\/uploads\/2021\/05\/M\u00e3e-Juliane-e-filha-ysabelly-vitoria-225x300.jpg 225w, https:\/\/jorgezanoni.com.br\/2019\/wp-content\/uploads\/2021\/05\/M\u00e3e-Juliane-e-filha-ysabelly-vitoria-768x1024.jpg 768w, https:\/\/jorgezanoni.com.br\/2019\/wp-content\/uploads\/2021\/05\/M\u00e3e-Juliane-e-filha-ysabelly-vitoria-696x928.jpg 696w, https:\/\/jorgezanoni.com.br\/2019\/wp-content\/uploads\/2021\/05\/M\u00e3e-Juliane-e-filha-ysabelly-vitoria-315x420.jpg 315w\" sizes=\"auto, (max-width: 960px) 100vw, 960px\" \/>M\u00e3e Juliane e filha ysabelly vitoria<\/p>\n<p><img loading=\"lazy\" decoding=\"async\" class=\"alignnone size-full wp-image-47478\" src=\"https:\/\/jorgezanoni.com.br\/2019\/wp-content\/uploads\/2021\/05\/M\u00e3e-Larissa-Rodrigues-bega-da-silva.jpg\" alt=\"\" width=\"999\" height=\"999\" srcset=\"https:\/\/jorgezanoni.com.br\/2019\/wp-content\/uploads\/2021\/05\/M\u00e3e-Larissa-Rodrigues-bega-da-silva.jpg 999w, https:\/\/jorgezanoni.com.br\/2019\/wp-content\/uploads\/2021\/05\/M\u00e3e-Larissa-Rodrigues-bega-da-silva-300x300.jpg 300w, https:\/\/jorgezanoni.com.br\/2019\/wp-content\/uploads\/2021\/05\/M\u00e3e-Larissa-Rodrigues-bega-da-silva-150x150.jpg 150w, https:\/\/jorgezanoni.com.br\/2019\/wp-content\/uploads\/2021\/05\/M\u00e3e-Larissa-Rodrigues-bega-da-silva-768x768.jpg 768w, https:\/\/jorgezanoni.com.br\/2019\/wp-content\/uploads\/2021\/05\/M\u00e3e-Larissa-Rodrigues-bega-da-silva-696x696.jpg 696w, https:\/\/jorgezanoni.com.br\/2019\/wp-content\/uploads\/2021\/05\/M\u00e3e-Larissa-Rodrigues-bega-da-silva-420x420.jpg 420w\" sizes=\"auto, (max-width: 999px) 100vw, 999px\" \/>M\u00e3e Larissa Rodrigues Bega da Silva<\/p>\n<p><img loading=\"lazy\" decoding=\"async\" class=\"alignnone size-full wp-image-47479\" src=\"https:\/\/jorgezanoni.com.br\/2019\/wp-content\/uploads\/2021\/05\/M\u00e3e-Laudig\u00e9ria-Aparecicda-Costa-Aniceto-Bueno-e-o-filho-Brayan-Aniceto-Bueno.jpg\" alt=\"\" width=\"498\" height=\"1032\" srcset=\"https:\/\/jorgezanoni.com.br\/2019\/wp-content\/uploads\/2021\/05\/M\u00e3e-Laudig\u00e9ria-Aparecicda-Costa-Aniceto-Bueno-e-o-filho-Brayan-Aniceto-Bueno.jpg 498w, https:\/\/jorgezanoni.com.br\/2019\/wp-content\/uploads\/2021\/05\/M\u00e3e-Laudig\u00e9ria-Aparecicda-Costa-Aniceto-Bueno-e-o-filho-Brayan-Aniceto-Bueno-145x300.jpg 145w, https:\/\/jorgezanoni.com.br\/2019\/wp-content\/uploads\/2021\/05\/M\u00e3e-Laudig\u00e9ria-Aparecicda-Costa-Aniceto-Bueno-e-o-filho-Brayan-Aniceto-Bueno-494x1024.jpg 494w, https:\/\/jorgezanoni.com.br\/2019\/wp-content\/uploads\/2021\/05\/M\u00e3e-Laudig\u00e9ria-Aparecicda-Costa-Aniceto-Bueno-e-o-filho-Brayan-Aniceto-Bueno-203x420.jpg 203w\" sizes=\"auto, (max-width: 498px) 100vw, 498px\" \/>M\u00e3e Laudig\u00e9ria Aparecicda Costa Aniceto Bueno e o filho Brayan Aniceto Bueno<\/p>\n<p><img loading=\"lazy\" decoding=\"async\" class=\"alignnone size-full wp-image-47480\" src=\"https:\/\/jorgezanoni.com.br\/2019\/wp-content\/uploads\/2021\/05\/M\u00e3e-Laurentina-Marques-do-Nascimento-2.jpg\" alt=\"\" width=\"720\" height=\"1007\" srcset=\"https:\/\/jorgezanoni.com.br\/2019\/wp-content\/uploads\/2021\/05\/M\u00e3e-Laurentina-Marques-do-Nascimento-2.jpg 720w, https:\/\/jorgezanoni.com.br\/2019\/wp-content\/uploads\/2021\/05\/M\u00e3e-Laurentina-Marques-do-Nascimento-2-214x300.jpg 214w, https:\/\/jorgezanoni.com.br\/2019\/wp-content\/uploads\/2021\/05\/M\u00e3e-Laurentina-Marques-do-Nascimento-2-696x973.jpg 696w, https:\/\/jorgezanoni.com.br\/2019\/wp-content\/uploads\/2021\/05\/M\u00e3e-Laurentina-Marques-do-Nascimento-2-300x420.jpg 300w\" sizes=\"auto, (max-width: 720px) 100vw, 720px\" \/>M\u00e3e Laurentina Marques do Nascimento<\/p>\n<p><img loading=\"lazy\" decoding=\"async\" class=\"alignnone size-full wp-image-47481\" src=\"https:\/\/jorgezanoni.com.br\/2019\/wp-content\/uploads\/2021\/05\/M\u00e3e-Leiva-de-C\u00e1ssia-Ferreira-Ribeiro.jpg\" alt=\"\" width=\"960\" height=\"1280\" srcset=\"https:\/\/jorgezanoni.com.br\/2019\/wp-content\/uploads\/2021\/05\/M\u00e3e-Leiva-de-C\u00e1ssia-Ferreira-Ribeiro.jpg 960w, https:\/\/jorgezanoni.com.br\/2019\/wp-content\/uploads\/2021\/05\/M\u00e3e-Leiva-de-C\u00e1ssia-Ferreira-Ribeiro-225x300.jpg 225w, https:\/\/jorgezanoni.com.br\/2019\/wp-content\/uploads\/2021\/05\/M\u00e3e-Leiva-de-C\u00e1ssia-Ferreira-Ribeiro-768x1024.jpg 768w, https:\/\/jorgezanoni.com.br\/2019\/wp-content\/uploads\/2021\/05\/M\u00e3e-Leiva-de-C\u00e1ssia-Ferreira-Ribeiro-696x928.jpg 696w, https:\/\/jorgezanoni.com.br\/2019\/wp-content\/uploads\/2021\/05\/M\u00e3e-Leiva-de-C\u00e1ssia-Ferreira-Ribeiro-315x420.jpg 315w\" sizes=\"auto, (max-width: 960px) 100vw, 960px\" \/>M\u00e3e Leiva de C\u00e1ssia Ferreira Ribeiro<\/p>\n<p><img loading=\"lazy\" decoding=\"async\" class=\"alignnone size-full wp-image-47482\" src=\"https:\/\/jorgezanoni.com.br\/2019\/wp-content\/uploads\/2021\/05\/M\u00e3e-Leonor-de-Almeida-e-Gislaine-Almeida.jpg\" alt=\"\" width=\"480\" height=\"480\" srcset=\"https:\/\/jorgezanoni.com.br\/2019\/wp-content\/uploads\/2021\/05\/M\u00e3e-Leonor-de-Almeida-e-Gislaine-Almeida.jpg 480w, https:\/\/jorgezanoni.com.br\/2019\/wp-content\/uploads\/2021\/05\/M\u00e3e-Leonor-de-Almeida-e-Gislaine-Almeida-300x300.jpg 300w, https:\/\/jorgezanoni.com.br\/2019\/wp-content\/uploads\/2021\/05\/M\u00e3e-Leonor-de-Almeida-e-Gislaine-Almeida-150x150.jpg 150w, https:\/\/jorgezanoni.com.br\/2019\/wp-content\/uploads\/2021\/05\/M\u00e3e-Leonor-de-Almeida-e-Gislaine-Almeida-420x420.jpg 420w\" sizes=\"auto, (max-width: 480px) 100vw, 480px\" \/>M\u00e3e Leonor de Almeida e Gislaine Almeida<\/p>\n<p><img loading=\"lazy\" decoding=\"async\" class=\"alignnone size-full wp-image-47483\" src=\"https:\/\/jorgezanoni.com.br\/2019\/wp-content\/uploads\/2021\/05\/M\u00e3e-Luana-Ferreira-Leite-e-os-filhos-Lucas-Vitor-Mateus-Artur-2.jpg\" alt=\"\" width=\"866\" height=\"485\" srcset=\"https:\/\/jorgezanoni.com.br\/2019\/wp-content\/uploads\/2021\/05\/M\u00e3e-Luana-Ferreira-Leite-e-os-filhos-Lucas-Vitor-Mateus-Artur-2.jpg 866w, https:\/\/jorgezanoni.com.br\/2019\/wp-content\/uploads\/2021\/05\/M\u00e3e-Luana-Ferreira-Leite-e-os-filhos-Lucas-Vitor-Mateus-Artur-2-300x168.jpg 300w, https:\/\/jorgezanoni.com.br\/2019\/wp-content\/uploads\/2021\/05\/M\u00e3e-Luana-Ferreira-Leite-e-os-filhos-Lucas-Vitor-Mateus-Artur-2-768x430.jpg 768w, https:\/\/jorgezanoni.com.br\/2019\/wp-content\/uploads\/2021\/05\/M\u00e3e-Luana-Ferreira-Leite-e-os-filhos-Lucas-Vitor-Mateus-Artur-2-696x390.jpg 696w, https:\/\/jorgezanoni.com.br\/2019\/wp-content\/uploads\/2021\/05\/M\u00e3e-Luana-Ferreira-Leite-e-os-filhos-Lucas-Vitor-Mateus-Artur-2-750x420.jpg 750w\" sizes=\"auto, (max-width: 866px) 100vw, 866px\" \/>M\u00e3e Luana Ferreira Leite e os filhos Lucas Vitor Mateus Artur<\/p>\n<p><img loading=\"lazy\" decoding=\"async\" class=\"alignnone size-full wp-image-47484\" src=\"https:\/\/jorgezanoni.com.br\/2019\/wp-content\/uploads\/2021\/05\/M\u00e3e-Luciane-Jacinto-2.jpg\" alt=\"\" width=\"456\" height=\"737\" srcset=\"https:\/\/jorgezanoni.com.br\/2019\/wp-content\/uploads\/2021\/05\/M\u00e3e-Luciane-Jacinto-2.jpg 456w, https:\/\/jorgezanoni.com.br\/2019\/wp-content\/uploads\/2021\/05\/M\u00e3e-Luciane-Jacinto-2-186x300.jpg 186w, https:\/\/jorgezanoni.com.br\/2019\/wp-content\/uploads\/2021\/05\/M\u00e3e-Luciane-Jacinto-2-260x420.jpg 260w\" sizes=\"auto, (max-width: 456px) 100vw, 456px\" \/>M\u00e3e Luciane Jacinto<\/p>\n<p><img loading=\"lazy\" decoding=\"async\" class=\"alignnone size-full wp-image-47485\" src=\"https:\/\/jorgezanoni.com.br\/2019\/wp-content\/uploads\/2021\/05\/M\u00e3e-Lucilene-Jacinto.jpg\" alt=\"\" width=\"750\" height=\"1000\" srcset=\"https:\/\/jorgezanoni.com.br\/2019\/wp-content\/uploads\/2021\/05\/M\u00e3e-Lucilene-Jacinto.jpg 750w, https:\/\/jorgezanoni.com.br\/2019\/wp-content\/uploads\/2021\/05\/M\u00e3e-Lucilene-Jacinto-225x300.jpg 225w, https:\/\/jorgezanoni.com.br\/2019\/wp-content\/uploads\/2021\/05\/M\u00e3e-Lucilene-Jacinto-696x928.jpg 696w, https:\/\/jorgezanoni.com.br\/2019\/wp-content\/uploads\/2021\/05\/M\u00e3e-Lucilene-Jacinto-315x420.jpg 315w\" sizes=\"auto, (max-width: 750px) 100vw, 750px\" \/>M\u00e3e Lucilene Jacinto<\/p>\n<p><img loading=\"lazy\" decoding=\"async\" class=\"alignnone size-full wp-image-47486\" src=\"https:\/\/jorgezanoni.com.br\/2019\/wp-content\/uploads\/2021\/05\/m\u00e3e-LUCINEIA-MARTINS-VIEIRA-E-DEYSE-GARCIA-HERNANDES-2.jpg\" alt=\"\" width=\"606\" height=\"1039\" srcset=\"https:\/\/jorgezanoni.com.br\/2019\/wp-content\/uploads\/2021\/05\/m\u00e3e-LUCINEIA-MARTINS-VIEIRA-E-DEYSE-GARCIA-HERNANDES-2.jpg 606w, https:\/\/jorgezanoni.com.br\/2019\/wp-content\/uploads\/2021\/05\/m\u00e3e-LUCINEIA-MARTINS-VIEIRA-E-DEYSE-GARCIA-HERNANDES-2-175x300.jpg 175w, https:\/\/jorgezanoni.com.br\/2019\/wp-content\/uploads\/2021\/05\/m\u00e3e-LUCINEIA-MARTINS-VIEIRA-E-DEYSE-GARCIA-HERNANDES-2-597x1024.jpg 597w, https:\/\/jorgezanoni.com.br\/2019\/wp-content\/uploads\/2021\/05\/m\u00e3e-LUCINEIA-MARTINS-VIEIRA-E-DEYSE-GARCIA-HERNANDES-2-245x420.jpg 245w\" sizes=\"auto, (max-width: 606px) 100vw, 606px\" \/>M\u00e3e Lucineia Martins Vieira e Deyse Garcia Hernandes<\/p>\n<p><img loading=\"lazy\" decoding=\"async\" class=\"alignnone size-full wp-image-47487\" src=\"https:\/\/jorgezanoni.com.br\/2019\/wp-content\/uploads\/2021\/05\/M\u00e3e-Lucineia-Matias-dos-Santos-Peinado-com-os-filhos-Ruan-e-Renan-2.jpg\" alt=\"\" width=\"959\" height=\"1011\" srcset=\"https:\/\/jorgezanoni.com.br\/2019\/wp-content\/uploads\/2021\/05\/M\u00e3e-Lucineia-Matias-dos-Santos-Peinado-com-os-filhos-Ruan-e-Renan-2.jpg 959w, https:\/\/jorgezanoni.com.br\/2019\/wp-content\/uploads\/2021\/05\/M\u00e3e-Lucineia-Matias-dos-Santos-Peinado-com-os-filhos-Ruan-e-Renan-2-285x300.jpg 285w, https:\/\/jorgezanoni.com.br\/2019\/wp-content\/uploads\/2021\/05\/M\u00e3e-Lucineia-Matias-dos-Santos-Peinado-com-os-filhos-Ruan-e-Renan-2-768x810.jpg 768w, https:\/\/jorgezanoni.com.br\/2019\/wp-content\/uploads\/2021\/05\/M\u00e3e-Lucineia-Matias-dos-Santos-Peinado-com-os-filhos-Ruan-e-Renan-2-696x734.jpg 696w, https:\/\/jorgezanoni.com.br\/2019\/wp-content\/uploads\/2021\/05\/M\u00e3e-Lucineia-Matias-dos-Santos-Peinado-com-os-filhos-Ruan-e-Renan-2-398x420.jpg 398w\" sizes=\"auto, (max-width: 959px) 100vw, 959px\" \/>M\u00e3e Lucineia Matias dos Santos Peinado com os filhos Ruan e Renan<\/p>\n<p><img loading=\"lazy\" decoding=\"async\" class=\"alignnone size-full wp-image-47488\" src=\"https:\/\/jorgezanoni.com.br\/2019\/wp-content\/uploads\/2021\/05\/M\u00e3e-Luzia-Olga-Pagliusi-Costa-com-os-filhos.jpg\" alt=\"\" width=\"320\" height=\"228\" srcset=\"https:\/\/jorgezanoni.com.br\/2019\/wp-content\/uploads\/2021\/05\/M\u00e3e-Luzia-Olga-Pagliusi-Costa-com-os-filhos.jpg 320w, https:\/\/jorgezanoni.com.br\/2019\/wp-content\/uploads\/2021\/05\/M\u00e3e-Luzia-Olga-Pagliusi-Costa-com-os-filhos-300x214.jpg 300w, https:\/\/jorgezanoni.com.br\/2019\/wp-content\/uploads\/2021\/05\/M\u00e3e-Luzia-Olga-Pagliusi-Costa-com-os-filhos-100x70.jpg 100w\" sizes=\"auto, (max-width: 320px) 100vw, 320px\" \/>M\u00e3e Luzia Olga Pagliusi Costa com os filhos<\/p>\n<p><img loading=\"lazy\" decoding=\"async\" class=\"alignnone size-full wp-image-47489\" src=\"https:\/\/jorgezanoni.com.br\/2019\/wp-content\/uploads\/2021\/05\/M\u00e3e-Magali-Alencar-e-a-filha-Vict\u00f3ria-Alencar.jpg\" alt=\"\" width=\"720\" height=\"667\" srcset=\"https:\/\/jorgezanoni.com.br\/2019\/wp-content\/uploads\/2021\/05\/M\u00e3e-Magali-Alencar-e-a-filha-Vict\u00f3ria-Alencar.jpg 720w, https:\/\/jorgezanoni.com.br\/2019\/wp-content\/uploads\/2021\/05\/M\u00e3e-Magali-Alencar-e-a-filha-Vict\u00f3ria-Alencar-300x278.jpg 300w, https:\/\/jorgezanoni.com.br\/2019\/wp-content\/uploads\/2021\/05\/M\u00e3e-Magali-Alencar-e-a-filha-Vict\u00f3ria-Alencar-696x645.jpg 696w, https:\/\/jorgezanoni.com.br\/2019\/wp-content\/uploads\/2021\/05\/M\u00e3e-Magali-Alencar-e-a-filha-Vict\u00f3ria-Alencar-453x420.jpg 453w\" sizes=\"auto, (max-width: 720px) 100vw, 720px\" \/>M\u00e3e Magali Alencar e a filha Vict\u00f3ria Alencar<\/p>\n<p><img loading=\"lazy\" decoding=\"async\" class=\"alignnone size-full wp-image-47490\" src=\"https:\/\/jorgezanoni.com.br\/2019\/wp-content\/uploads\/2021\/05\/M\u00e3e-Marcela-Beatriz-Nogueira-e-as-filhas-Helena-Nogueira-Santos-e-Isabely-Fernanda-Nogueira-Batalha.jpg\" alt=\"\" width=\"1280\" height=\"960\" srcset=\"https:\/\/jorgezanoni.com.br\/2019\/wp-content\/uploads\/2021\/05\/M\u00e3e-Marcela-Beatriz-Nogueira-e-as-filhas-Helena-Nogueira-Santos-e-Isabely-Fernanda-Nogueira-Batalha.jpg 1280w, https:\/\/jorgezanoni.com.br\/2019\/wp-content\/uploads\/2021\/05\/M\u00e3e-Marcela-Beatriz-Nogueira-e-as-filhas-Helena-Nogueira-Santos-e-Isabely-Fernanda-Nogueira-Batalha-300x225.jpg 300w, https:\/\/jorgezanoni.com.br\/2019\/wp-content\/uploads\/2021\/05\/M\u00e3e-Marcela-Beatriz-Nogueira-e-as-filhas-Helena-Nogueira-Santos-e-Isabely-Fernanda-Nogueira-Batalha-1024x768.jpg 1024w, https:\/\/jorgezanoni.com.br\/2019\/wp-content\/uploads\/2021\/05\/M\u00e3e-Marcela-Beatriz-Nogueira-e-as-filhas-Helena-Nogueira-Santos-e-Isabely-Fernanda-Nogueira-Batalha-768x576.jpg 768w, https:\/\/jorgezanoni.com.br\/2019\/wp-content\/uploads\/2021\/05\/M\u00e3e-Marcela-Beatriz-Nogueira-e-as-filhas-Helena-Nogueira-Santos-e-Isabely-Fernanda-Nogueira-Batalha-80x60.jpg 80w, https:\/\/jorgezanoni.com.br\/2019\/wp-content\/uploads\/2021\/05\/M\u00e3e-Marcela-Beatriz-Nogueira-e-as-filhas-Helena-Nogueira-Santos-e-Isabely-Fernanda-Nogueira-Batalha-265x198.jpg 265w, https:\/\/jorgezanoni.com.br\/2019\/wp-content\/uploads\/2021\/05\/M\u00e3e-Marcela-Beatriz-Nogueira-e-as-filhas-Helena-Nogueira-Santos-e-Isabely-Fernanda-Nogueira-Batalha-696x522.jpg 696w, https:\/\/jorgezanoni.com.br\/2019\/wp-content\/uploads\/2021\/05\/M\u00e3e-Marcela-Beatriz-Nogueira-e-as-filhas-Helena-Nogueira-Santos-e-Isabely-Fernanda-Nogueira-Batalha-1068x801.jpg 1068w, https:\/\/jorgezanoni.com.br\/2019\/wp-content\/uploads\/2021\/05\/M\u00e3e-Marcela-Beatriz-Nogueira-e-as-filhas-Helena-Nogueira-Santos-e-Isabely-Fernanda-Nogueira-Batalha-560x420.jpg 560w\" sizes=\"auto, (max-width: 1280px) 100vw, 1280px\" \/>M\u00e3e Marcela Beatriz Nogueira e as filhas Helena Nogueira Santos e Isabely Fernanda Nogueira Batalha<\/p>\n<p><img loading=\"lazy\" decoding=\"async\" class=\"alignnone size-full wp-image-47491\" src=\"https:\/\/jorgezanoni.com.br\/2019\/wp-content\/uploads\/2021\/05\/M\u00e3e-Marcela-Montanha-e-as-filhas-Vit\u00f3ria-Manuella-e-Isabella.jpg\" alt=\"\" width=\"1280\" height=\"1280\" srcset=\"https:\/\/jorgezanoni.com.br\/2019\/wp-content\/uploads\/2021\/05\/M\u00e3e-Marcela-Montanha-e-as-filhas-Vit\u00f3ria-Manuella-e-Isabella.jpg 1280w, https:\/\/jorgezanoni.com.br\/2019\/wp-content\/uploads\/2021\/05\/M\u00e3e-Marcela-Montanha-e-as-filhas-Vit\u00f3ria-Manuella-e-Isabella-300x300.jpg 300w, https:\/\/jorgezanoni.com.br\/2019\/wp-content\/uploads\/2021\/05\/M\u00e3e-Marcela-Montanha-e-as-filhas-Vit\u00f3ria-Manuella-e-Isabella-1024x1024.jpg 1024w, https:\/\/jorgezanoni.com.br\/2019\/wp-content\/uploads\/2021\/05\/M\u00e3e-Marcela-Montanha-e-as-filhas-Vit\u00f3ria-Manuella-e-Isabella-150x150.jpg 150w, https:\/\/jorgezanoni.com.br\/2019\/wp-content\/uploads\/2021\/05\/M\u00e3e-Marcela-Montanha-e-as-filhas-Vit\u00f3ria-Manuella-e-Isabella-768x768.jpg 768w, https:\/\/jorgezanoni.com.br\/2019\/wp-content\/uploads\/2021\/05\/M\u00e3e-Marcela-Montanha-e-as-filhas-Vit\u00f3ria-Manuella-e-Isabella-696x696.jpg 696w, https:\/\/jorgezanoni.com.br\/2019\/wp-content\/uploads\/2021\/05\/M\u00e3e-Marcela-Montanha-e-as-filhas-Vit\u00f3ria-Manuella-e-Isabella-1068x1068.jpg 1068w, https:\/\/jorgezanoni.com.br\/2019\/wp-content\/uploads\/2021\/05\/M\u00e3e-Marcela-Montanha-e-as-filhas-Vit\u00f3ria-Manuella-e-Isabella-420x420.jpg 420w\" sizes=\"auto, (max-width: 1280px) 100vw, 1280px\" \/>M\u00e3e Marcela Montanha e as filhas Vit\u00f3ria, Manuella e Isabella<\/p>\n<p><img loading=\"lazy\" decoding=\"async\" class=\"alignnone size-full wp-image-47492\" src=\"https:\/\/jorgezanoni.com.br\/2019\/wp-content\/uploads\/2021\/05\/M\u00e3e-Marcela-Oliveira.jpg\" alt=\"\" width=\"720\" height=\"1120\" srcset=\"https:\/\/jorgezanoni.com.br\/2019\/wp-content\/uploads\/2021\/05\/M\u00e3e-Marcela-Oliveira.jpg 720w, https:\/\/jorgezanoni.com.br\/2019\/wp-content\/uploads\/2021\/05\/M\u00e3e-Marcela-Oliveira-193x300.jpg 193w, https:\/\/jorgezanoni.com.br\/2019\/wp-content\/uploads\/2021\/05\/M\u00e3e-Marcela-Oliveira-658x1024.jpg 658w, https:\/\/jorgezanoni.com.br\/2019\/wp-content\/uploads\/2021\/05\/M\u00e3e-Marcela-Oliveira-696x1083.jpg 696w, https:\/\/jorgezanoni.com.br\/2019\/wp-content\/uploads\/2021\/05\/M\u00e3e-Marcela-Oliveira-270x420.jpg 270w\" sizes=\"auto, (max-width: 720px) 100vw, 720px\" \/>M\u00e3e Marcela Oliveira<\/p>\n<p><img loading=\"lazy\" decoding=\"async\" class=\"alignnone size-full wp-image-47493\" src=\"https:\/\/jorgezanoni.com.br\/2019\/wp-content\/uploads\/2021\/05\/M\u00e3e-Maria-Alves-Pereira-Sartorello-2.jpg\" alt=\"\" width=\"392\" height=\"281\" srcset=\"https:\/\/jorgezanoni.com.br\/2019\/wp-content\/uploads\/2021\/05\/M\u00e3e-Maria-Alves-Pereira-Sartorello-2.jpg 392w, https:\/\/jorgezanoni.com.br\/2019\/wp-content\/uploads\/2021\/05\/M\u00e3e-Maria-Alves-Pereira-Sartorello-2-300x215.jpg 300w\" sizes=\"auto, (max-width: 392px) 100vw, 392px\" \/>M\u00e3e Maria Alves Pereira Sartorello<\/p>\n<p><img loading=\"lazy\" decoding=\"async\" class=\"alignnone size-full wp-image-47494\" src=\"https:\/\/jorgezanoni.com.br\/2019\/wp-content\/uploads\/2021\/05\/M\u00e3e-Maria-Augusta-T.-C.-Carlino-e-filha-Alice-Carlino-Mantovani.jpg\" alt=\"\" width=\"804\" height=\"1038\" srcset=\"https:\/\/jorgezanoni.com.br\/2019\/wp-content\/uploads\/2021\/05\/M\u00e3e-Maria-Augusta-T.-C.-Carlino-e-filha-Alice-Carlino-Mantovani.jpg 804w, https:\/\/jorgezanoni.com.br\/2019\/wp-content\/uploads\/2021\/05\/M\u00e3e-Maria-Augusta-T.-C.-Carlino-e-filha-Alice-Carlino-Mantovani-232x300.jpg 232w, https:\/\/jorgezanoni.com.br\/2019\/wp-content\/uploads\/2021\/05\/M\u00e3e-Maria-Augusta-T.-C.-Carlino-e-filha-Alice-Carlino-Mantovani-793x1024.jpg 793w, https:\/\/jorgezanoni.com.br\/2019\/wp-content\/uploads\/2021\/05\/M\u00e3e-Maria-Augusta-T.-C.-Carlino-e-filha-Alice-Carlino-Mantovani-768x992.jpg 768w, https:\/\/jorgezanoni.com.br\/2019\/wp-content\/uploads\/2021\/05\/M\u00e3e-Maria-Augusta-T.-C.-Carlino-e-filha-Alice-Carlino-Mantovani-696x899.jpg 696w, https:\/\/jorgezanoni.com.br\/2019\/wp-content\/uploads\/2021\/05\/M\u00e3e-Maria-Augusta-T.-C.-Carlino-e-filha-Alice-Carlino-Mantovani-325x420.jpg 325w\" sizes=\"auto, (max-width: 804px) 100vw, 804px\" \/>M\u00e3e Maria Augusta T. C. Carlino e filha Alice Carlino Mantovani<\/p>\n<p><img loading=\"lazy\" decoding=\"async\" class=\"alignnone size-full wp-image-47495\" src=\"https:\/\/jorgezanoni.com.br\/2019\/wp-content\/uploads\/2021\/05\/M\u00e3e-Maria-Cristina-Garcia-Leite.jpg\" alt=\"\" width=\"1080\" height=\"1220\" srcset=\"https:\/\/jorgezanoni.com.br\/2019\/wp-content\/uploads\/2021\/05\/M\u00e3e-Maria-Cristina-Garcia-Leite.jpg 1080w, https:\/\/jorgezanoni.com.br\/2019\/wp-content\/uploads\/2021\/05\/M\u00e3e-Maria-Cristina-Garcia-Leite-266x300.jpg 266w, https:\/\/jorgezanoni.com.br\/2019\/wp-content\/uploads\/2021\/05\/M\u00e3e-Maria-Cristina-Garcia-Leite-906x1024.jpg 906w, https:\/\/jorgezanoni.com.br\/2019\/wp-content\/uploads\/2021\/05\/M\u00e3e-Maria-Cristina-Garcia-Leite-768x868.jpg 768w, https:\/\/jorgezanoni.com.br\/2019\/wp-content\/uploads\/2021\/05\/M\u00e3e-Maria-Cristina-Garcia-Leite-696x786.jpg 696w, https:\/\/jorgezanoni.com.br\/2019\/wp-content\/uploads\/2021\/05\/M\u00e3e-Maria-Cristina-Garcia-Leite-1068x1206.jpg 1068w, https:\/\/jorgezanoni.com.br\/2019\/wp-content\/uploads\/2021\/05\/M\u00e3e-Maria-Cristina-Garcia-Leite-372x420.jpg 372w\" sizes=\"auto, (max-width: 1080px) 100vw, 1080px\" \/>M\u00e3e Maria Cristina Garcia Leite<\/p>\n<p><img loading=\"lazy\" decoding=\"async\" class=\"alignnone size-full wp-image-47496\" src=\"https:\/\/jorgezanoni.com.br\/2019\/wp-content\/uploads\/2021\/05\/M\u00e3e-maria-de-lourdes-Barbosa-dos-santos-e-filha-Maria-Lucia-2.jpg\" alt=\"\" width=\"617\" height=\"557\" srcset=\"https:\/\/jorgezanoni.com.br\/2019\/wp-content\/uploads\/2021\/05\/M\u00e3e-maria-de-lourdes-Barbosa-dos-santos-e-filha-Maria-Lucia-2.jpg 617w, https:\/\/jorgezanoni.com.br\/2019\/wp-content\/uploads\/2021\/05\/M\u00e3e-maria-de-lourdes-Barbosa-dos-santos-e-filha-Maria-Lucia-2-300x271.jpg 300w, https:\/\/jorgezanoni.com.br\/2019\/wp-content\/uploads\/2021\/05\/M\u00e3e-maria-de-lourdes-Barbosa-dos-santos-e-filha-Maria-Lucia-2-465x420.jpg 465w\" sizes=\"auto, (max-width: 617px) 100vw, 617px\" \/>M\u00e3e maria de lourdes Barbosa dos santos e filha Maria Lucia<\/p>\n<p><img loading=\"lazy\" decoding=\"async\" class=\"alignnone size-full wp-image-47497\" src=\"https:\/\/jorgezanoni.com.br\/2019\/wp-content\/uploads\/2021\/05\/M\u00e3e-Maria-de-Lourdes-de-Oliveira.jpg\" alt=\"\" width=\"960\" height=\"1280\" srcset=\"https:\/\/jorgezanoni.com.br\/2019\/wp-content\/uploads\/2021\/05\/M\u00e3e-Maria-de-Lourdes-de-Oliveira.jpg 960w, https:\/\/jorgezanoni.com.br\/2019\/wp-content\/uploads\/2021\/05\/M\u00e3e-Maria-de-Lourdes-de-Oliveira-225x300.jpg 225w, https:\/\/jorgezanoni.com.br\/2019\/wp-content\/uploads\/2021\/05\/M\u00e3e-Maria-de-Lourdes-de-Oliveira-768x1024.jpg 768w, https:\/\/jorgezanoni.com.br\/2019\/wp-content\/uploads\/2021\/05\/M\u00e3e-Maria-de-Lourdes-de-Oliveira-696x928.jpg 696w, https:\/\/jorgezanoni.com.br\/2019\/wp-content\/uploads\/2021\/05\/M\u00e3e-Maria-de-Lourdes-de-Oliveira-315x420.jpg 315w\" sizes=\"auto, (max-width: 960px) 100vw, 960px\" \/>M\u00e3e Maria de Lourdes de Oliveira<\/p>\n<p><img loading=\"lazy\" decoding=\"async\" class=\"alignnone size-full wp-image-47498\" src=\"https:\/\/jorgezanoni.com.br\/2019\/wp-content\/uploads\/2021\/05\/M\u00e3e-Maria-de-Oliveira-Balista-in-mem\u00f3ria-2.jpg\" alt=\"\" width=\"568\" height=\"448\" srcset=\"https:\/\/jorgezanoni.com.br\/2019\/wp-content\/uploads\/2021\/05\/M\u00e3e-Maria-de-Oliveira-Balista-in-mem\u00f3ria-2.jpg 568w, https:\/\/jorgezanoni.com.br\/2019\/wp-content\/uploads\/2021\/05\/M\u00e3e-Maria-de-Oliveira-Balista-in-mem\u00f3ria-2-300x237.jpg 300w, https:\/\/jorgezanoni.com.br\/2019\/wp-content\/uploads\/2021\/05\/M\u00e3e-Maria-de-Oliveira-Balista-in-mem\u00f3ria-2-533x420.jpg 533w\" sizes=\"auto, (max-width: 568px) 100vw, 568px\" \/>M\u00e3e Maria de Oliveira Balista (in mem\u00f3ria)<\/p>\n<p>&nbsp;<\/p>\n<p><img loading=\"lazy\" decoding=\"async\" class=\"alignnone size-full wp-image-47499\" src=\"https:\/\/jorgezanoni.com.br\/2019\/wp-content\/uploads\/2021\/05\/M\u00e3e-Maria-gl\u00f3ria-da-Silva-2.jpg\" alt=\"\" width=\"720\" height=\"742\" srcset=\"https:\/\/jorgezanoni.com.br\/2019\/wp-content\/uploads\/2021\/05\/M\u00e3e-Maria-gl\u00f3ria-da-Silva-2.jpg 720w, https:\/\/jorgezanoni.com.br\/2019\/wp-content\/uploads\/2021\/05\/M\u00e3e-Maria-gl\u00f3ria-da-Silva-2-291x300.jpg 291w, https:\/\/jorgezanoni.com.br\/2019\/wp-content\/uploads\/2021\/05\/M\u00e3e-Maria-gl\u00f3ria-da-Silva-2-696x717.jpg 696w, https:\/\/jorgezanoni.com.br\/2019\/wp-content\/uploads\/2021\/05\/M\u00e3e-Maria-gl\u00f3ria-da-Silva-2-408x420.jpg 408w\" sizes=\"auto, (max-width: 720px) 100vw, 720px\" \/>M\u00e3e Maria gl\u00f3ria da Silva<\/p>\n<p><img loading=\"lazy\" decoding=\"async\" class=\"alignnone size-full wp-image-47500\" src=\"https:\/\/jorgezanoni.com.br\/2019\/wp-content\/uploads\/2021\/05\/M\u00e3e-Maria-Helena-Filhos-Mirian-Helena-Jess\u00e9-Rodrigues-2.jpg\" alt=\"\" width=\"572\" height=\"993\" srcset=\"https:\/\/jorgezanoni.com.br\/2019\/wp-content\/uploads\/2021\/05\/M\u00e3e-Maria-Helena-Filhos-Mirian-Helena-Jess\u00e9-Rodrigues-2.jpg 572w, https:\/\/jorgezanoni.com.br\/2019\/wp-content\/uploads\/2021\/05\/M\u00e3e-Maria-Helena-Filhos-Mirian-Helena-Jess\u00e9-Rodrigues-2-173x300.jpg 173w, https:\/\/jorgezanoni.com.br\/2019\/wp-content\/uploads\/2021\/05\/M\u00e3e-Maria-Helena-Filhos-Mirian-Helena-Jess\u00e9-Rodrigues-2-242x420.jpg 242w\" sizes=\"auto, (max-width: 572px) 100vw, 572px\" \/>M\u00e3e Maria Helena, Filhos Mirian Helena Jess\u00e9 Rodrigues<\/p>\n<p><img loading=\"lazy\" decoding=\"async\" class=\"alignnone size-full wp-image-47501\" src=\"https:\/\/jorgezanoni.com.br\/2019\/wp-content\/uploads\/2021\/05\/M\u00e3e-Maria-Jos\u00e9-e-Jhonata-2.jpg\" alt=\"\" width=\"773\" height=\"524\" srcset=\"https:\/\/jorgezanoni.com.br\/2019\/wp-content\/uploads\/2021\/05\/M\u00e3e-Maria-Jos\u00e9-e-Jhonata-2.jpg 773w, https:\/\/jorgezanoni.com.br\/2019\/wp-content\/uploads\/2021\/05\/M\u00e3e-Maria-Jos\u00e9-e-Jhonata-2-300x203.jpg 300w, https:\/\/jorgezanoni.com.br\/2019\/wp-content\/uploads\/2021\/05\/M\u00e3e-Maria-Jos\u00e9-e-Jhonata-2-768x521.jpg 768w, https:\/\/jorgezanoni.com.br\/2019\/wp-content\/uploads\/2021\/05\/M\u00e3e-Maria-Jos\u00e9-e-Jhonata-2-696x472.jpg 696w, https:\/\/jorgezanoni.com.br\/2019\/wp-content\/uploads\/2021\/05\/M\u00e3e-Maria-Jos\u00e9-e-Jhonata-2-620x420.jpg 620w\" sizes=\"auto, (max-width: 773px) 100vw, 773px\" \/> M\u00e3e Maria Jos\u00e9 e Jhonata<\/p>\n<p><img loading=\"lazy\" decoding=\"async\" class=\"alignnone size-full wp-image-47502\" src=\"https:\/\/jorgezanoni.com.br\/2019\/wp-content\/uploads\/2021\/05\/M\u00e3e-Maria-Regina-Bonfim-Pires-filhos-Renan-Edson-dos-Santos-e-Rog\u00ea-Everton-dos-Santos-2.jpg\" alt=\"\" width=\"536\" height=\"846\" srcset=\"https:\/\/jorgezanoni.com.br\/2019\/wp-content\/uploads\/2021\/05\/M\u00e3e-Maria-Regina-Bonfim-Pires-filhos-Renan-Edson-dos-Santos-e-Rog\u00ea-Everton-dos-Santos-2.jpg 536w, https:\/\/jorgezanoni.com.br\/2019\/wp-content\/uploads\/2021\/05\/M\u00e3e-Maria-Regina-Bonfim-Pires-filhos-Renan-Edson-dos-Santos-e-Rog\u00ea-Everton-dos-Santos-2-190x300.jpg 190w, https:\/\/jorgezanoni.com.br\/2019\/wp-content\/uploads\/2021\/05\/M\u00e3e-Maria-Regina-Bonfim-Pires-filhos-Renan-Edson-dos-Santos-e-Rog\u00ea-Everton-dos-Santos-2-266x420.jpg 266w\" sizes=\"auto, (max-width: 536px) 100vw, 536px\" \/>M\u00e3e Maria Regina Bonfim Pires, filhos Renan Edson dos Santos e Rog\u00ea Everton dos Santos<\/p>\n<p><img loading=\"lazy\" decoding=\"async\" class=\"alignnone size-full wp-image-47503\" src=\"https:\/\/jorgezanoni.com.br\/2019\/wp-content\/uploads\/2021\/05\/M\u00e3e-Maria-Sebastiana-Lourdes-Domenicali-Pereira-2.jpg\" alt=\"\" width=\"526\" height=\"522\" srcset=\"https:\/\/jorgezanoni.com.br\/2019\/wp-content\/uploads\/2021\/05\/M\u00e3e-Maria-Sebastiana-Lourdes-Domenicali-Pereira-2.jpg 526w, https:\/\/jorgezanoni.com.br\/2019\/wp-content\/uploads\/2021\/05\/M\u00e3e-Maria-Sebastiana-Lourdes-Domenicali-Pereira-2-300x298.jpg 300w, https:\/\/jorgezanoni.com.br\/2019\/wp-content\/uploads\/2021\/05\/M\u00e3e-Maria-Sebastiana-Lourdes-Domenicali-Pereira-2-150x150.jpg 150w, https:\/\/jorgezanoni.com.br\/2019\/wp-content\/uploads\/2021\/05\/M\u00e3e-Maria-Sebastiana-Lourdes-Domenicali-Pereira-2-423x420.jpg 423w\" sizes=\"auto, (max-width: 526px) 100vw, 526px\" \/>M\u00e3e Maria Sebastiana Lourdes Domenicali Pereira<\/p>\n<p><img loading=\"lazy\" decoding=\"async\" class=\"alignnone size-full wp-image-47504\" src=\"https:\/\/jorgezanoni.com.br\/2019\/wp-content\/uploads\/2021\/05\/M\u00e3e-Maria-Silveira-de-Freitas-dos-Santos-e-a-filha-Ana-Paula-dos-Santos-Mata-2.jpg\" alt=\"\" width=\"586\" height=\"928\" srcset=\"https:\/\/jorgezanoni.com.br\/2019\/wp-content\/uploads\/2021\/05\/M\u00e3e-Maria-Silveira-de-Freitas-dos-Santos-e-a-filha-Ana-Paula-dos-Santos-Mata-2.jpg 586w, https:\/\/jorgezanoni.com.br\/2019\/wp-content\/uploads\/2021\/05\/M\u00e3e-Maria-Silveira-de-Freitas-dos-Santos-e-a-filha-Ana-Paula-dos-Santos-Mata-2-189x300.jpg 189w, https:\/\/jorgezanoni.com.br\/2019\/wp-content\/uploads\/2021\/05\/M\u00e3e-Maria-Silveira-de-Freitas-dos-Santos-e-a-filha-Ana-Paula-dos-Santos-Mata-2-265x420.jpg 265w\" sizes=\"auto, (max-width: 586px) 100vw, 586px\" \/> M\u00e3e Maria Silveira de Freitas dos Santos e a filha Ana Paula dos Santos Mata<\/p>\n<p><img loading=\"lazy\" decoding=\"async\" class=\"alignnone size-full wp-image-47505\" src=\"https:\/\/jorgezanoni.com.br\/2019\/wp-content\/uploads\/2021\/05\/M\u00e3e-Maria-Socorro-e-Ant\u00f4niaAurenirAldenizaAldemir-e-Audrey.jpg\" alt=\"\" width=\"1032\" height=\"774\" srcset=\"https:\/\/jorgezanoni.com.br\/2019\/wp-content\/uploads\/2021\/05\/M\u00e3e-Maria-Socorro-e-Ant\u00f4niaAurenirAldenizaAldemir-e-Audrey.jpg 1032w, https:\/\/jorgezanoni.com.br\/2019\/wp-content\/uploads\/2021\/05\/M\u00e3e-Maria-Socorro-e-Ant\u00f4niaAurenirAldenizaAldemir-e-Audrey-300x225.jpg 300w, https:\/\/jorgezanoni.com.br\/2019\/wp-content\/uploads\/2021\/05\/M\u00e3e-Maria-Socorro-e-Ant\u00f4niaAurenirAldenizaAldemir-e-Audrey-1024x768.jpg 1024w, https:\/\/jorgezanoni.com.br\/2019\/wp-content\/uploads\/2021\/05\/M\u00e3e-Maria-Socorro-e-Ant\u00f4niaAurenirAldenizaAldemir-e-Audrey-768x576.jpg 768w, https:\/\/jorgezanoni.com.br\/2019\/wp-content\/uploads\/2021\/05\/M\u00e3e-Maria-Socorro-e-Ant\u00f4niaAurenirAldenizaAldemir-e-Audrey-80x60.jpg 80w, https:\/\/jorgezanoni.com.br\/2019\/wp-content\/uploads\/2021\/05\/M\u00e3e-Maria-Socorro-e-Ant\u00f4niaAurenirAldenizaAldemir-e-Audrey-265x198.jpg 265w, https:\/\/jorgezanoni.com.br\/2019\/wp-content\/uploads\/2021\/05\/M\u00e3e-Maria-Socorro-e-Ant\u00f4niaAurenirAldenizaAldemir-e-Audrey-696x522.jpg 696w, https:\/\/jorgezanoni.com.br\/2019\/wp-content\/uploads\/2021\/05\/M\u00e3e-Maria-Socorro-e-Ant\u00f4niaAurenirAldenizaAldemir-e-Audrey-560x420.jpg 560w\" sizes=\"auto, (max-width: 1032px) 100vw, 1032px\" \/>M\u00e3e Maria Socorro e Ant\u00f4nia,Aurenir,Aldeniza,Aldemir e Audrey<\/p>\n<p><img loading=\"lazy\" decoding=\"async\" class=\"alignnone size-full wp-image-47506\" src=\"https:\/\/jorgezanoni.com.br\/2019\/wp-content\/uploads\/2021\/05\/M\u00e3e-Marilda-gimenez-e-Elaine.jpg\" alt=\"\" width=\"373\" height=\"647\" srcset=\"https:\/\/jorgezanoni.com.br\/2019\/wp-content\/uploads\/2021\/05\/M\u00e3e-Marilda-gimenez-e-Elaine.jpg 373w, https:\/\/jorgezanoni.com.br\/2019\/wp-content\/uploads\/2021\/05\/M\u00e3e-Marilda-gimenez-e-Elaine-173x300.jpg 173w, https:\/\/jorgezanoni.com.br\/2019\/wp-content\/uploads\/2021\/05\/M\u00e3e-Marilda-gimenez-e-Elaine-242x420.jpg 242w\" sizes=\"auto, (max-width: 373px) 100vw, 373px\" \/>M\u00e3e Marilda Gimenez e Elaine<\/p>\n<p><img loading=\"lazy\" decoding=\"async\" class=\"alignnone size-full wp-image-47507\" src=\"https:\/\/jorgezanoni.com.br\/2019\/wp-content\/uploads\/2021\/05\/M\u00e3e-Marina-de-jesus-Costa-e-Eunice-da-Costa.jpg\" alt=\"\" width=\"720\" height=\"711\" srcset=\"https:\/\/jorgezanoni.com.br\/2019\/wp-content\/uploads\/2021\/05\/M\u00e3e-Marina-de-jesus-Costa-e-Eunice-da-Costa.jpg 720w, https:\/\/jorgezanoni.com.br\/2019\/wp-content\/uploads\/2021\/05\/M\u00e3e-Marina-de-jesus-Costa-e-Eunice-da-Costa-300x296.jpg 300w, https:\/\/jorgezanoni.com.br\/2019\/wp-content\/uploads\/2021\/05\/M\u00e3e-Marina-de-jesus-Costa-e-Eunice-da-Costa-696x687.jpg 696w, https:\/\/jorgezanoni.com.br\/2019\/wp-content\/uploads\/2021\/05\/M\u00e3e-Marina-de-jesus-Costa-e-Eunice-da-Costa-425x420.jpg 425w\" sizes=\"auto, (max-width: 720px) 100vw, 720px\" \/>M\u00e3e Marina de jesus Costa e Eunice da Costa<\/p>\n<p><img loading=\"lazy\" decoding=\"async\" class=\"alignnone size-full wp-image-47508\" src=\"https:\/\/jorgezanoni.com.br\/2019\/wp-content\/uploads\/2021\/05\/M\u00e3e-Marlene-e-as-filhas-Paloma-Cristine-e-josemari.jpg\" alt=\"\" width=\"1280\" height=\"959\" srcset=\"https:\/\/jorgezanoni.com.br\/2019\/wp-content\/uploads\/2021\/05\/M\u00e3e-Marlene-e-as-filhas-Paloma-Cristine-e-josemari.jpg 1280w, https:\/\/jorgezanoni.com.br\/2019\/wp-content\/uploads\/2021\/05\/M\u00e3e-Marlene-e-as-filhas-Paloma-Cristine-e-josemari-300x225.jpg 300w, https:\/\/jorgezanoni.com.br\/2019\/wp-content\/uploads\/2021\/05\/M\u00e3e-Marlene-e-as-filhas-Paloma-Cristine-e-josemari-1024x767.jpg 1024w, https:\/\/jorgezanoni.com.br\/2019\/wp-content\/uploads\/2021\/05\/M\u00e3e-Marlene-e-as-filhas-Paloma-Cristine-e-josemari-768x575.jpg 768w, https:\/\/jorgezanoni.com.br\/2019\/wp-content\/uploads\/2021\/05\/M\u00e3e-Marlene-e-as-filhas-Paloma-Cristine-e-josemari-80x60.jpg 80w, https:\/\/jorgezanoni.com.br\/2019\/wp-content\/uploads\/2021\/05\/M\u00e3e-Marlene-e-as-filhas-Paloma-Cristine-e-josemari-265x198.jpg 265w, https:\/\/jorgezanoni.com.br\/2019\/wp-content\/uploads\/2021\/05\/M\u00e3e-Marlene-e-as-filhas-Paloma-Cristine-e-josemari-696x521.jpg 696w, https:\/\/jorgezanoni.com.br\/2019\/wp-content\/uploads\/2021\/05\/M\u00e3e-Marlene-e-as-filhas-Paloma-Cristine-e-josemari-1068x800.jpg 1068w, https:\/\/jorgezanoni.com.br\/2019\/wp-content\/uploads\/2021\/05\/M\u00e3e-Marlene-e-as-filhas-Paloma-Cristine-e-josemari-561x420.jpg 561w\" sizes=\"auto, (max-width: 1280px) 100vw, 1280px\" \/>M\u00e3e Marlene e as filhas Paloma Cristine e josemari<\/p>\n<p><img loading=\"lazy\" decoding=\"async\" class=\"alignnone size-full wp-image-47509\" src=\"https:\/\/jorgezanoni.com.br\/2019\/wp-content\/uploads\/2021\/05\/M\u00e3e-Marley-Aguiar-filha-Katia-Aguiar-Franco-2.jpg\" alt=\"\" width=\"620\" height=\"967\" srcset=\"https:\/\/jorgezanoni.com.br\/2019\/wp-content\/uploads\/2021\/05\/M\u00e3e-Marley-Aguiar-filha-Katia-Aguiar-Franco-2.jpg 620w, https:\/\/jorgezanoni.com.br\/2019\/wp-content\/uploads\/2021\/05\/M\u00e3e-Marley-Aguiar-filha-Katia-Aguiar-Franco-2-192x300.jpg 192w, https:\/\/jorgezanoni.com.br\/2019\/wp-content\/uploads\/2021\/05\/M\u00e3e-Marley-Aguiar-filha-Katia-Aguiar-Franco-2-269x420.jpg 269w\" sizes=\"auto, (max-width: 620px) 100vw, 620px\" \/>M\u00e3e Marley Aguiar, filha Katia Aguiar Franco<\/p>\n<p><img loading=\"lazy\" decoding=\"async\" class=\"alignnone size-full wp-image-47510\" src=\"https:\/\/jorgezanoni.com.br\/2019\/wp-content\/uploads\/2021\/05\/M\u00e3e-Maura-e-filha-Daniele-Silverio.jpg\" alt=\"\" width=\"720\" height=\"888\" srcset=\"https:\/\/jorgezanoni.com.br\/2019\/wp-content\/uploads\/2021\/05\/M\u00e3e-Maura-e-filha-Daniele-Silverio.jpg 720w, https:\/\/jorgezanoni.com.br\/2019\/wp-content\/uploads\/2021\/05\/M\u00e3e-Maura-e-filha-Daniele-Silverio-243x300.jpg 243w, https:\/\/jorgezanoni.com.br\/2019\/wp-content\/uploads\/2021\/05\/M\u00e3e-Maura-e-filha-Daniele-Silverio-324x400.jpg 324w, https:\/\/jorgezanoni.com.br\/2019\/wp-content\/uploads\/2021\/05\/M\u00e3e-Maura-e-filha-Daniele-Silverio-696x858.jpg 696w, https:\/\/jorgezanoni.com.br\/2019\/wp-content\/uploads\/2021\/05\/M\u00e3e-Maura-e-filha-Daniele-Silverio-341x420.jpg 341w\" sizes=\"auto, (max-width: 720px) 100vw, 720px\" \/>M\u00e3e Maura e filha Daniele Silverio<\/p>\n<p><img loading=\"lazy\" decoding=\"async\" class=\"alignnone size-full wp-image-47511\" src=\"https:\/\/jorgezanoni.com.br\/2019\/wp-content\/uploads\/2021\/05\/M\u00e3e-Miriam-Maria-de-Fran\u00e7a-e-o-filho-Reginaldo-de-Fran\u00e7a-Gon\u00e7alves.jpg\" alt=\"\" width=\"581\" height=\"1032\" srcset=\"https:\/\/jorgezanoni.com.br\/2019\/wp-content\/uploads\/2021\/05\/M\u00e3e-Miriam-Maria-de-Fran\u00e7a-e-o-filho-Reginaldo-de-Fran\u00e7a-Gon\u00e7alves.jpg 581w, https:\/\/jorgezanoni.com.br\/2019\/wp-content\/uploads\/2021\/05\/M\u00e3e-Miriam-Maria-de-Fran\u00e7a-e-o-filho-Reginaldo-de-Fran\u00e7a-Gon\u00e7alves-169x300.jpg 169w, https:\/\/jorgezanoni.com.br\/2019\/wp-content\/uploads\/2021\/05\/M\u00e3e-Miriam-Maria-de-Fran\u00e7a-e-o-filho-Reginaldo-de-Fran\u00e7a-Gon\u00e7alves-576x1024.jpg 576w, https:\/\/jorgezanoni.com.br\/2019\/wp-content\/uploads\/2021\/05\/M\u00e3e-Miriam-Maria-de-Fran\u00e7a-e-o-filho-Reginaldo-de-Fran\u00e7a-Gon\u00e7alves-236x420.jpg 236w\" sizes=\"auto, (max-width: 581px) 100vw, 581px\" \/>M\u00e3e Miriam Maria de Fran\u00e7a e o filho Reginaldo de Fran\u00e7a Gon\u00e7alves<\/p>\n<p><img loading=\"lazy\" decoding=\"async\" class=\"alignnone size-full wp-image-47512\" src=\"https:\/\/jorgezanoni.com.br\/2019\/wp-content\/uploads\/2021\/05\/M\u00e3e-Nat\u00e1lia-de-morais-com-a-filhinha-Helo\u00edsa-pereira-2.jpg\" alt=\"\" width=\"888\" height=\"844\" srcset=\"https:\/\/jorgezanoni.com.br\/2019\/wp-content\/uploads\/2021\/05\/M\u00e3e-Nat\u00e1lia-de-morais-com-a-filhinha-Helo\u00edsa-pereira-2.jpg 888w, https:\/\/jorgezanoni.com.br\/2019\/wp-content\/uploads\/2021\/05\/M\u00e3e-Nat\u00e1lia-de-morais-com-a-filhinha-Helo\u00edsa-pereira-2-300x285.jpg 300w, https:\/\/jorgezanoni.com.br\/2019\/wp-content\/uploads\/2021\/05\/M\u00e3e-Nat\u00e1lia-de-morais-com-a-filhinha-Helo\u00edsa-pereira-2-768x730.jpg 768w, https:\/\/jorgezanoni.com.br\/2019\/wp-content\/uploads\/2021\/05\/M\u00e3e-Nat\u00e1lia-de-morais-com-a-filhinha-Helo\u00edsa-pereira-2-696x662.jpg 696w, https:\/\/jorgezanoni.com.br\/2019\/wp-content\/uploads\/2021\/05\/M\u00e3e-Nat\u00e1lia-de-morais-com-a-filhinha-Helo\u00edsa-pereira-2-442x420.jpg 442w\" sizes=\"auto, (max-width: 888px) 100vw, 888px\" \/>M\u00e3e Nat\u00e1lia de morais com a filhinha Helo\u00edsa pereira<\/p>\n<p><img loading=\"lazy\" decoding=\"async\" class=\"alignnone size-full wp-image-47513\" src=\"https:\/\/jorgezanoni.com.br\/2019\/wp-content\/uploads\/2021\/05\/M\u00e3e-Natal\u00edcia-e-a-filha-Hel\u00f4-Matheus.jpg\" alt=\"\" width=\"720\" height=\"720\" srcset=\"https:\/\/jorgezanoni.com.br\/2019\/wp-content\/uploads\/2021\/05\/M\u00e3e-Natal\u00edcia-e-a-filha-Hel\u00f4-Matheus.jpg 720w, https:\/\/jorgezanoni.com.br\/2019\/wp-content\/uploads\/2021\/05\/M\u00e3e-Natal\u00edcia-e-a-filha-Hel\u00f4-Matheus-300x300.jpg 300w, https:\/\/jorgezanoni.com.br\/2019\/wp-content\/uploads\/2021\/05\/M\u00e3e-Natal\u00edcia-e-a-filha-Hel\u00f4-Matheus-150x150.jpg 150w, https:\/\/jorgezanoni.com.br\/2019\/wp-content\/uploads\/2021\/05\/M\u00e3e-Natal\u00edcia-e-a-filha-Hel\u00f4-Matheus-696x696.jpg 696w, https:\/\/jorgezanoni.com.br\/2019\/wp-content\/uploads\/2021\/05\/M\u00e3e-Natal\u00edcia-e-a-filha-Hel\u00f4-Matheus-420x420.jpg 420w\" sizes=\"auto, (max-width: 720px) 100vw, 720px\" \/>M\u00e3e Natal\u00edcia e a filha Hel\u00f4 Matheus<\/p>\n<p><img loading=\"lazy\" decoding=\"async\" class=\"alignnone size-full wp-image-47514\" src=\"https:\/\/jorgezanoni.com.br\/2019\/wp-content\/uploads\/2021\/05\/M\u00e3e-Neuzete-Ferreira-da-Silva.jpg\" alt=\"\" width=\"720\" height=\"1280\" srcset=\"https:\/\/jorgezanoni.com.br\/2019\/wp-content\/uploads\/2021\/05\/M\u00e3e-Neuzete-Ferreira-da-Silva.jpg 720w, https:\/\/jorgezanoni.com.br\/2019\/wp-content\/uploads\/2021\/05\/M\u00e3e-Neuzete-Ferreira-da-Silva-169x300.jpg 169w, https:\/\/jorgezanoni.com.br\/2019\/wp-content\/uploads\/2021\/05\/M\u00e3e-Neuzete-Ferreira-da-Silva-576x1024.jpg 576w, https:\/\/jorgezanoni.com.br\/2019\/wp-content\/uploads\/2021\/05\/M\u00e3e-Neuzete-Ferreira-da-Silva-696x1237.jpg 696w, https:\/\/jorgezanoni.com.br\/2019\/wp-content\/uploads\/2021\/05\/M\u00e3e-Neuzete-Ferreira-da-Silva-236x420.jpg 236w\" sizes=\"auto, (max-width: 720px) 100vw, 720px\" \/>M\u00e3e Neuzete Ferreira da Silva<\/p>\n<p><img loading=\"lazy\" decoding=\"async\" class=\"alignnone size-full wp-image-47515\" src=\"https:\/\/jorgezanoni.com.br\/2019\/wp-content\/uploads\/2021\/05\/M\u00e3e-Niceia-nunes-laide-de-castro.jpg\" alt=\"\" width=\"640\" height=\"640\" srcset=\"https:\/\/jorgezanoni.com.br\/2019\/wp-content\/uploads\/2021\/05\/M\u00e3e-Niceia-nunes-laide-de-castro.jpg 640w, https:\/\/jorgezanoni.com.br\/2019\/wp-content\/uploads\/2021\/05\/M\u00e3e-Niceia-nunes-laide-de-castro-300x300.jpg 300w, https:\/\/jorgezanoni.com.br\/2019\/wp-content\/uploads\/2021\/05\/M\u00e3e-Niceia-nunes-laide-de-castro-150x150.jpg 150w, https:\/\/jorgezanoni.com.br\/2019\/wp-content\/uploads\/2021\/05\/M\u00e3e-Niceia-nunes-laide-de-castro-420x420.jpg 420w\" sizes=\"auto, (max-width: 640px) 100vw, 640px\" \/>M\u00e3e Niceia Nunes Laide de Castro<\/p>\n<p><img loading=\"lazy\" decoding=\"async\" class=\"alignnone size-full wp-image-47516\" src=\"https:\/\/jorgezanoni.com.br\/2019\/wp-content\/uploads\/2021\/05\/M\u00e3e-nilva-Lemes-da-Silva-do-Prado-filha-Jana\u00edna-e-Daiane.jpg\" alt=\"\" width=\"1024\" height=\"768\" srcset=\"https:\/\/jorgezanoni.com.br\/2019\/wp-content\/uploads\/2021\/05\/M\u00e3e-nilva-Lemes-da-Silva-do-Prado-filha-Jana\u00edna-e-Daiane.jpg 1024w, https:\/\/jorgezanoni.com.br\/2019\/wp-content\/uploads\/2021\/05\/M\u00e3e-nilva-Lemes-da-Silva-do-Prado-filha-Jana\u00edna-e-Daiane-300x225.jpg 300w, https:\/\/jorgezanoni.com.br\/2019\/wp-content\/uploads\/2021\/05\/M\u00e3e-nilva-Lemes-da-Silva-do-Prado-filha-Jana\u00edna-e-Daiane-768x576.jpg 768w, https:\/\/jorgezanoni.com.br\/2019\/wp-content\/uploads\/2021\/05\/M\u00e3e-nilva-Lemes-da-Silva-do-Prado-filha-Jana\u00edna-e-Daiane-80x60.jpg 80w, https:\/\/jorgezanoni.com.br\/2019\/wp-content\/uploads\/2021\/05\/M\u00e3e-nilva-Lemes-da-Silva-do-Prado-filha-Jana\u00edna-e-Daiane-265x198.jpg 265w, https:\/\/jorgezanoni.com.br\/2019\/wp-content\/uploads\/2021\/05\/M\u00e3e-nilva-Lemes-da-Silva-do-Prado-filha-Jana\u00edna-e-Daiane-696x522.jpg 696w, https:\/\/jorgezanoni.com.br\/2019\/wp-content\/uploads\/2021\/05\/M\u00e3e-nilva-Lemes-da-Silva-do-Prado-filha-Jana\u00edna-e-Daiane-560x420.jpg 560w\" sizes=\"auto, (max-width: 1024px) 100vw, 1024px\" \/>M\u00e3e Nilva Lemes da Silva do Prado filha Jana\u00edna e Daiane<\/p>\n<p><img loading=\"lazy\" decoding=\"async\" class=\"alignnone size-full wp-image-47517\" src=\"https:\/\/jorgezanoni.com.br\/2019\/wp-content\/uploads\/2021\/05\/M\u00e3e-Nilza-Alc\u00e2ntara-2.jpg\" alt=\"\" width=\"949\" height=\"1110\" srcset=\"https:\/\/jorgezanoni.com.br\/2019\/wp-content\/uploads\/2021\/05\/M\u00e3e-Nilza-Alc\u00e2ntara-2.jpg 949w, https:\/\/jorgezanoni.com.br\/2019\/wp-content\/uploads\/2021\/05\/M\u00e3e-Nilza-Alc\u00e2ntara-2-256x300.jpg 256w, https:\/\/jorgezanoni.com.br\/2019\/wp-content\/uploads\/2021\/05\/M\u00e3e-Nilza-Alc\u00e2ntara-2-875x1024.jpg 875w, https:\/\/jorgezanoni.com.br\/2019\/wp-content\/uploads\/2021\/05\/M\u00e3e-Nilza-Alc\u00e2ntara-2-768x898.jpg 768w, https:\/\/jorgezanoni.com.br\/2019\/wp-content\/uploads\/2021\/05\/M\u00e3e-Nilza-Alc\u00e2ntara-2-696x814.jpg 696w, https:\/\/jorgezanoni.com.br\/2019\/wp-content\/uploads\/2021\/05\/M\u00e3e-Nilza-Alc\u00e2ntara-2-359x420.jpg 359w\" sizes=\"auto, (max-width: 949px) 100vw, 949px\" \/>M\u00e3e Nilza Alc\u00e2ntara<\/p>\n<p><img loading=\"lazy\" decoding=\"async\" class=\"alignnone size-full wp-image-47518\" src=\"https:\/\/jorgezanoni.com.br\/2019\/wp-content\/uploads\/2021\/05\/M\u00e3e-Odenilda-Oliveira-Costa-Silva-e-a-filha-Naara-Costa-Silva-2.jpg\" alt=\"\" width=\"837\" height=\"550\" srcset=\"https:\/\/jorgezanoni.com.br\/2019\/wp-content\/uploads\/2021\/05\/M\u00e3e-Odenilda-Oliveira-Costa-Silva-e-a-filha-Naara-Costa-Silva-2.jpg 837w, https:\/\/jorgezanoni.com.br\/2019\/wp-content\/uploads\/2021\/05\/M\u00e3e-Odenilda-Oliveira-Costa-Silva-e-a-filha-Naara-Costa-Silva-2-300x197.jpg 300w, https:\/\/jorgezanoni.com.br\/2019\/wp-content\/uploads\/2021\/05\/M\u00e3e-Odenilda-Oliveira-Costa-Silva-e-a-filha-Naara-Costa-Silva-2-768x505.jpg 768w, https:\/\/jorgezanoni.com.br\/2019\/wp-content\/uploads\/2021\/05\/M\u00e3e-Odenilda-Oliveira-Costa-Silva-e-a-filha-Naara-Costa-Silva-2-696x457.jpg 696w, https:\/\/jorgezanoni.com.br\/2019\/wp-content\/uploads\/2021\/05\/M\u00e3e-Odenilda-Oliveira-Costa-Silva-e-a-filha-Naara-Costa-Silva-2-741x486.jpg 741w, https:\/\/jorgezanoni.com.br\/2019\/wp-content\/uploads\/2021\/05\/M\u00e3e-Odenilda-Oliveira-Costa-Silva-e-a-filha-Naara-Costa-Silva-2-639x420.jpg 639w\" sizes=\"auto, (max-width: 837px) 100vw, 837px\" \/>M\u00e3e Odenilda Oliveira Costa Silva e a filha Naara Costa Silva<\/p>\n<p><img loading=\"lazy\" decoding=\"async\" class=\"alignnone size-full wp-image-47519\" src=\"https:\/\/jorgezanoni.com.br\/2019\/wp-content\/uploads\/2021\/05\/M\u00e3e-Odete-aparecida-mota-bragatto-gerson-bragatto-e-afilhada-Cayla-Fernandes..jpg\" alt=\"\" width=\"720\" height=\"720\" srcset=\"https:\/\/jorgezanoni.com.br\/2019\/wp-content\/uploads\/2021\/05\/M\u00e3e-Odete-aparecida-mota-bragatto-gerson-bragatto-e-afilhada-Cayla-Fernandes..jpg 720w, https:\/\/jorgezanoni.com.br\/2019\/wp-content\/uploads\/2021\/05\/M\u00e3e-Odete-aparecida-mota-bragatto-gerson-bragatto-e-afilhada-Cayla-Fernandes.-300x300.jpg 300w, https:\/\/jorgezanoni.com.br\/2019\/wp-content\/uploads\/2021\/05\/M\u00e3e-Odete-aparecida-mota-bragatto-gerson-bragatto-e-afilhada-Cayla-Fernandes.-150x150.jpg 150w, https:\/\/jorgezanoni.com.br\/2019\/wp-content\/uploads\/2021\/05\/M\u00e3e-Odete-aparecida-mota-bragatto-gerson-bragatto-e-afilhada-Cayla-Fernandes.-696x696.jpg 696w, https:\/\/jorgezanoni.com.br\/2019\/wp-content\/uploads\/2021\/05\/M\u00e3e-Odete-aparecida-mota-bragatto-gerson-bragatto-e-afilhada-Cayla-Fernandes.-420x420.jpg 420w\" sizes=\"auto, (max-width: 720px) 100vw, 720px\" \/>M\u00e3e Odete Aparecida Mota Bragatto Gerson Bragatto e afilhada Cayla Fernandes<\/p>\n<p><img loading=\"lazy\" decoding=\"async\" class=\"alignnone size-full wp-image-47520\" src=\"https:\/\/jorgezanoni.com.br\/2019\/wp-content\/uploads\/2021\/05\/M\u00e3e-Odete-Ferreira-Domingos-e-filha-Irene-Domingos-2.jpg\" alt=\"\" width=\"930\" height=\"884\" srcset=\"https:\/\/jorgezanoni.com.br\/2019\/wp-content\/uploads\/2021\/05\/M\u00e3e-Odete-Ferreira-Domingos-e-filha-Irene-Domingos-2.jpg 930w, https:\/\/jorgezanoni.com.br\/2019\/wp-content\/uploads\/2021\/05\/M\u00e3e-Odete-Ferreira-Domingos-e-filha-Irene-Domingos-2-300x285.jpg 300w, https:\/\/jorgezanoni.com.br\/2019\/wp-content\/uploads\/2021\/05\/M\u00e3e-Odete-Ferreira-Domingos-e-filha-Irene-Domingos-2-768x730.jpg 768w, https:\/\/jorgezanoni.com.br\/2019\/wp-content\/uploads\/2021\/05\/M\u00e3e-Odete-Ferreira-Domingos-e-filha-Irene-Domingos-2-696x662.jpg 696w, https:\/\/jorgezanoni.com.br\/2019\/wp-content\/uploads\/2021\/05\/M\u00e3e-Odete-Ferreira-Domingos-e-filha-Irene-Domingos-2-442x420.jpg 442w\" sizes=\"auto, (max-width: 930px) 100vw, 930px\" \/>M\u00e3e Odete Ferreira Domingos e filha Irene Domingos<\/p>\n<p><img loading=\"lazy\" decoding=\"async\" class=\"alignnone size-full wp-image-47521\" src=\"https:\/\/jorgezanoni.com.br\/2019\/wp-content\/uploads\/2021\/05\/M\u00e3e-Odete-Ferreira-Domingos-o-esposo-Jos\u00e9-Domingos-e-a-filha-Irene-Domingos-2.jpg\" alt=\"\" width=\"956\" height=\"1121\" srcset=\"https:\/\/jorgezanoni.com.br\/2019\/wp-content\/uploads\/2021\/05\/M\u00e3e-Odete-Ferreira-Domingos-o-esposo-Jos\u00e9-Domingos-e-a-filha-Irene-Domingos-2.jpg 956w, https:\/\/jorgezanoni.com.br\/2019\/wp-content\/uploads\/2021\/05\/M\u00e3e-Odete-Ferreira-Domingos-o-esposo-Jos\u00e9-Domingos-e-a-filha-Irene-Domingos-2-256x300.jpg 256w, https:\/\/jorgezanoni.com.br\/2019\/wp-content\/uploads\/2021\/05\/M\u00e3e-Odete-Ferreira-Domingos-o-esposo-Jos\u00e9-Domingos-e-a-filha-Irene-Domingos-2-873x1024.jpg 873w, https:\/\/jorgezanoni.com.br\/2019\/wp-content\/uploads\/2021\/05\/M\u00e3e-Odete-Ferreira-Domingos-o-esposo-Jos\u00e9-Domingos-e-a-filha-Irene-Domingos-2-768x901.jpg 768w, https:\/\/jorgezanoni.com.br\/2019\/wp-content\/uploads\/2021\/05\/M\u00e3e-Odete-Ferreira-Domingos-o-esposo-Jos\u00e9-Domingos-e-a-filha-Irene-Domingos-2-696x816.jpg 696w, https:\/\/jorgezanoni.com.br\/2019\/wp-content\/uploads\/2021\/05\/M\u00e3e-Odete-Ferreira-Domingos-o-esposo-Jos\u00e9-Domingos-e-a-filha-Irene-Domingos-2-358x420.jpg 358w\" sizes=\"auto, (max-width: 956px) 100vw, 956px\" \/>M\u00e3e Odete Ferreira Domingos o esposo Jos\u00e9 Domingos e a filha Irene Domingos<\/p>\n<p><img loading=\"lazy\" decoding=\"async\" class=\"alignnone size-full wp-image-47522\" src=\"https:\/\/jorgezanoni.com.br\/2019\/wp-content\/uploads\/2021\/05\/M\u00e3e-Patr\u00edcia-de-Oliveira-Ferreira-Pocaia-com-seu-filho-Arthur-Henrique-de-Oliveira-Pocaia.jpg\" alt=\"\" width=\"648\" height=\"1247\" srcset=\"https:\/\/jorgezanoni.com.br\/2019\/wp-content\/uploads\/2021\/05\/M\u00e3e-Patr\u00edcia-de-Oliveira-Ferreira-Pocaia-com-seu-filho-Arthur-Henrique-de-Oliveira-Pocaia.jpg 648w, https:\/\/jorgezanoni.com.br\/2019\/wp-content\/uploads\/2021\/05\/M\u00e3e-Patr\u00edcia-de-Oliveira-Ferreira-Pocaia-com-seu-filho-Arthur-Henrique-de-Oliveira-Pocaia-156x300.jpg 156w, https:\/\/jorgezanoni.com.br\/2019\/wp-content\/uploads\/2021\/05\/M\u00e3e-Patr\u00edcia-de-Oliveira-Ferreira-Pocaia-com-seu-filho-Arthur-Henrique-de-Oliveira-Pocaia-532x1024.jpg 532w, https:\/\/jorgezanoni.com.br\/2019\/wp-content\/uploads\/2021\/05\/M\u00e3e-Patr\u00edcia-de-Oliveira-Ferreira-Pocaia-com-seu-filho-Arthur-Henrique-de-Oliveira-Pocaia-218x420.jpg 218w\" sizes=\"auto, (max-width: 648px) 100vw, 648px\" \/>M\u00e3e Patr\u00edcia de Oliveira Ferreira Pocaia com seu filho Arthur Henrique de Oliveira Pocaia<\/p>\n<p><img loading=\"lazy\" decoding=\"async\" class=\"alignnone size-full wp-image-47523\" src=\"https:\/\/jorgezanoni.com.br\/2019\/wp-content\/uploads\/2021\/05\/M\u00e3e-Priscila-Tossato-Hoshimo-a-filha-Valentina-m\u00e3e-av\u00f3-Luzia-Azevedo-Tossato-e-D.-Fidelina-Av\u00f3-Bisav\u00f3-2.jpg\" alt=\"\" width=\"892\" height=\"801\" srcset=\"https:\/\/jorgezanoni.com.br\/2019\/wp-content\/uploads\/2021\/05\/M\u00e3e-Priscila-Tossato-Hoshimo-a-filha-Valentina-m\u00e3e-av\u00f3-Luzia-Azevedo-Tossato-e-D.-Fidelina-Av\u00f3-Bisav\u00f3-2.jpg 892w, https:\/\/jorgezanoni.com.br\/2019\/wp-content\/uploads\/2021\/05\/M\u00e3e-Priscila-Tossato-Hoshimo-a-filha-Valentina-m\u00e3e-av\u00f3-Luzia-Azevedo-Tossato-e-D.-Fidelina-Av\u00f3-Bisav\u00f3-2-300x269.jpg 300w, https:\/\/jorgezanoni.com.br\/2019\/wp-content\/uploads\/2021\/05\/M\u00e3e-Priscila-Tossato-Hoshimo-a-filha-Valentina-m\u00e3e-av\u00f3-Luzia-Azevedo-Tossato-e-D.-Fidelina-Av\u00f3-Bisav\u00f3-2-768x690.jpg 768w, https:\/\/jorgezanoni.com.br\/2019\/wp-content\/uploads\/2021\/05\/M\u00e3e-Priscila-Tossato-Hoshimo-a-filha-Valentina-m\u00e3e-av\u00f3-Luzia-Azevedo-Tossato-e-D.-Fidelina-Av\u00f3-Bisav\u00f3-2-696x625.jpg 696w, https:\/\/jorgezanoni.com.br\/2019\/wp-content\/uploads\/2021\/05\/M\u00e3e-Priscila-Tossato-Hoshimo-a-filha-Valentina-m\u00e3e-av\u00f3-Luzia-Azevedo-Tossato-e-D.-Fidelina-Av\u00f3-Bisav\u00f3-2-468x420.jpg 468w\" sizes=\"auto, (max-width: 892px) 100vw, 892px\" \/>M\u00e3e Priscila Tossato Hoshimo a filha Valentina m\u00e3e av\u00f3 Luzia Azevedo Tossato e D. Fidelina Av\u00f3 Bisav\u00f3<\/p>\n<p><img loading=\"lazy\" decoding=\"async\" class=\"alignnone size-full wp-image-47524\" src=\"https:\/\/jorgezanoni.com.br\/2019\/wp-content\/uploads\/2021\/05\/M\u00e3e-Rafaela-Fortes-Padilha-Da-Silva-e-o-filho-Matheus-Fortes-Padilha-da-Silva-2.jpg\" alt=\"\" width=\"852\" height=\"1139\" srcset=\"https:\/\/jorgezanoni.com.br\/2019\/wp-content\/uploads\/2021\/05\/M\u00e3e-Rafaela-Fortes-Padilha-Da-Silva-e-o-filho-Matheus-Fortes-Padilha-da-Silva-2.jpg 852w, https:\/\/jorgezanoni.com.br\/2019\/wp-content\/uploads\/2021\/05\/M\u00e3e-Rafaela-Fortes-Padilha-Da-Silva-e-o-filho-Matheus-Fortes-Padilha-da-Silva-2-224x300.jpg 224w, https:\/\/jorgezanoni.com.br\/2019\/wp-content\/uploads\/2021\/05\/M\u00e3e-Rafaela-Fortes-Padilha-Da-Silva-e-o-filho-Matheus-Fortes-Padilha-da-Silva-2-766x1024.jpg 766w, https:\/\/jorgezanoni.com.br\/2019\/wp-content\/uploads\/2021\/05\/M\u00e3e-Rafaela-Fortes-Padilha-Da-Silva-e-o-filho-Matheus-Fortes-Padilha-da-Silva-2-768x1027.jpg 768w, https:\/\/jorgezanoni.com.br\/2019\/wp-content\/uploads\/2021\/05\/M\u00e3e-Rafaela-Fortes-Padilha-Da-Silva-e-o-filho-Matheus-Fortes-Padilha-da-Silva-2-696x930.jpg 696w, https:\/\/jorgezanoni.com.br\/2019\/wp-content\/uploads\/2021\/05\/M\u00e3e-Rafaela-Fortes-Padilha-Da-Silva-e-o-filho-Matheus-Fortes-Padilha-da-Silva-2-314x420.jpg 314w\" sizes=\"auto, (max-width: 852px) 100vw, 852px\" \/>M\u00e3e Rafaela Fortes Padilha Da Silva e o filho Matheus Fortes Padilha da Silva<\/p>\n<p><img loading=\"lazy\" decoding=\"async\" class=\"alignnone size-full wp-image-47525\" src=\"https:\/\/jorgezanoni.com.br\/2019\/wp-content\/uploads\/2021\/05\/M\u00e3e-Raquel-Roseno-da-Cruz-e-filha-J\u00falia-2.jpg\" alt=\"\" width=\"540\" height=\"875\" srcset=\"https:\/\/jorgezanoni.com.br\/2019\/wp-content\/uploads\/2021\/05\/M\u00e3e-Raquel-Roseno-da-Cruz-e-filha-J\u00falia-2.jpg 540w, https:\/\/jorgezanoni.com.br\/2019\/wp-content\/uploads\/2021\/05\/M\u00e3e-Raquel-Roseno-da-Cruz-e-filha-J\u00falia-2-185x300.jpg 185w, https:\/\/jorgezanoni.com.br\/2019\/wp-content\/uploads\/2021\/05\/M\u00e3e-Raquel-Roseno-da-Cruz-e-filha-J\u00falia-2-259x420.jpg 259w\" sizes=\"auto, (max-width: 540px) 100vw, 540px\" \/>M\u00e3e Raquel Roseno da Cruz e filha J\u00falia<\/p>\n<p><img loading=\"lazy\" decoding=\"async\" class=\"alignnone size-full wp-image-47526\" src=\"https:\/\/jorgezanoni.com.br\/2019\/wp-content\/uploads\/2021\/05\/M\u00e3e-Regiane-Cristina-Gomes-Bianca-Gomes-e-Maria-Eduarda-Gomes.jpg\" alt=\"\" width=\"720\" height=\"1280\" srcset=\"https:\/\/jorgezanoni.com.br\/2019\/wp-content\/uploads\/2021\/05\/M\u00e3e-Regiane-Cristina-Gomes-Bianca-Gomes-e-Maria-Eduarda-Gomes.jpg 720w, https:\/\/jorgezanoni.com.br\/2019\/wp-content\/uploads\/2021\/05\/M\u00e3e-Regiane-Cristina-Gomes-Bianca-Gomes-e-Maria-Eduarda-Gomes-169x300.jpg 169w, https:\/\/jorgezanoni.com.br\/2019\/wp-content\/uploads\/2021\/05\/M\u00e3e-Regiane-Cristina-Gomes-Bianca-Gomes-e-Maria-Eduarda-Gomes-576x1024.jpg 576w, https:\/\/jorgezanoni.com.br\/2019\/wp-content\/uploads\/2021\/05\/M\u00e3e-Regiane-Cristina-Gomes-Bianca-Gomes-e-Maria-Eduarda-Gomes-696x1237.jpg 696w, https:\/\/jorgezanoni.com.br\/2019\/wp-content\/uploads\/2021\/05\/M\u00e3e-Regiane-Cristina-Gomes-Bianca-Gomes-e-Maria-Eduarda-Gomes-236x420.jpg 236w\" sizes=\"auto, (max-width: 720px) 100vw, 720px\" \/>M\u00e3e Regiane Cristina Gomes, Bianca Gomes e Maria Eduarda Gomes<\/p>\n<p><img loading=\"lazy\" decoding=\"async\" class=\"alignnone size-full wp-image-47527\" src=\"https:\/\/jorgezanoni.com.br\/2019\/wp-content\/uploads\/2021\/05\/M\u00e3e-Roberta-Cristina-da-Silva-buainain-e-seu-filho-Leonardo-buainain-Cavalcante.jpg\" alt=\"\" width=\"720\" height=\"1280\" srcset=\"https:\/\/jorgezanoni.com.br\/2019\/wp-content\/uploads\/2021\/05\/M\u00e3e-Roberta-Cristina-da-Silva-buainain-e-seu-filho-Leonardo-buainain-Cavalcante.jpg 720w, https:\/\/jorgezanoni.com.br\/2019\/wp-content\/uploads\/2021\/05\/M\u00e3e-Roberta-Cristina-da-Silva-buainain-e-seu-filho-Leonardo-buainain-Cavalcante-169x300.jpg 169w, https:\/\/jorgezanoni.com.br\/2019\/wp-content\/uploads\/2021\/05\/M\u00e3e-Roberta-Cristina-da-Silva-buainain-e-seu-filho-Leonardo-buainain-Cavalcante-576x1024.jpg 576w, https:\/\/jorgezanoni.com.br\/2019\/wp-content\/uploads\/2021\/05\/M\u00e3e-Roberta-Cristina-da-Silva-buainain-e-seu-filho-Leonardo-buainain-Cavalcante-696x1237.jpg 696w, https:\/\/jorgezanoni.com.br\/2019\/wp-content\/uploads\/2021\/05\/M\u00e3e-Roberta-Cristina-da-Silva-buainain-e-seu-filho-Leonardo-buainain-Cavalcante-236x420.jpg 236w\" sizes=\"auto, (max-width: 720px) 100vw, 720px\" \/>M\u00e3e Roberta Cristina da Silva Buainain e Leonardo Buainain Cavalcante<\/p>\n<p><img loading=\"lazy\" decoding=\"async\" class=\"alignnone size-full wp-image-47528\" src=\"https:\/\/jorgezanoni.com.br\/2019\/wp-content\/uploads\/2021\/05\/M\u00e3e-Rosa-e-o-esposo-S\u00e9rgio-Hortoloni-e-Filhas-Ginamara-e-Rose-2.jpg\" alt=\"\" width=\"928\" height=\"883\" srcset=\"https:\/\/jorgezanoni.com.br\/2019\/wp-content\/uploads\/2021\/05\/M\u00e3e-Rosa-e-o-esposo-S\u00e9rgio-Hortoloni-e-Filhas-Ginamara-e-Rose-2.jpg 928w, https:\/\/jorgezanoni.com.br\/2019\/wp-content\/uploads\/2021\/05\/M\u00e3e-Rosa-e-o-esposo-S\u00e9rgio-Hortoloni-e-Filhas-Ginamara-e-Rose-2-300x285.jpg 300w, https:\/\/jorgezanoni.com.br\/2019\/wp-content\/uploads\/2021\/05\/M\u00e3e-Rosa-e-o-esposo-S\u00e9rgio-Hortoloni-e-Filhas-Ginamara-e-Rose-2-768x731.jpg 768w, https:\/\/jorgezanoni.com.br\/2019\/wp-content\/uploads\/2021\/05\/M\u00e3e-Rosa-e-o-esposo-S\u00e9rgio-Hortoloni-e-Filhas-Ginamara-e-Rose-2-696x662.jpg 696w, https:\/\/jorgezanoni.com.br\/2019\/wp-content\/uploads\/2021\/05\/M\u00e3e-Rosa-e-o-esposo-S\u00e9rgio-Hortoloni-e-Filhas-Ginamara-e-Rose-2-441x420.jpg 441w\" sizes=\"auto, (max-width: 928px) 100vw, 928px\" \/>M\u00e3e Rosa e o esposo S\u00e9rgio Hortoloni e Filhas Ginamara e Rose<\/p>\n<p><img loading=\"lazy\" decoding=\"async\" class=\"alignnone size-full wp-image-47529\" src=\"https:\/\/jorgezanoni.com.br\/2019\/wp-content\/uploads\/2021\/05\/M\u00e3e-ROSALINA-filhas-Vivian-e-michaely....jpg\" alt=\"\" width=\"720\" height=\"960\" srcset=\"https:\/\/jorgezanoni.com.br\/2019\/wp-content\/uploads\/2021\/05\/M\u00e3e-ROSALINA-filhas-Vivian-e-michaely....jpg 720w, https:\/\/jorgezanoni.com.br\/2019\/wp-content\/uploads\/2021\/05\/M\u00e3e-ROSALINA-filhas-Vivian-e-michaely...-225x300.jpg 225w, https:\/\/jorgezanoni.com.br\/2019\/wp-content\/uploads\/2021\/05\/M\u00e3e-ROSALINA-filhas-Vivian-e-michaely...-696x928.jpg 696w, https:\/\/jorgezanoni.com.br\/2019\/wp-content\/uploads\/2021\/05\/M\u00e3e-ROSALINA-filhas-Vivian-e-michaely...-315x420.jpg 315w\" sizes=\"auto, (max-width: 720px) 100vw, 720px\" \/>M\u00e3e Rosalina, filhas Vivian e Michaely.<\/p>\n<p><img loading=\"lazy\" decoding=\"async\" class=\"alignnone size-full wp-image-47530\" src=\"https:\/\/jorgezanoni.com.br\/2019\/wp-content\/uploads\/2021\/05\/M\u00e3e-Ros\u00e2ngela-Maria-dos-Santos-2.jpg\" alt=\"\" width=\"371\" height=\"279\" srcset=\"https:\/\/jorgezanoni.com.br\/2019\/wp-content\/uploads\/2021\/05\/M\u00e3e-Ros\u00e2ngela-Maria-dos-Santos-2.jpg 371w, https:\/\/jorgezanoni.com.br\/2019\/wp-content\/uploads\/2021\/05\/M\u00e3e-Ros\u00e2ngela-Maria-dos-Santos-2-300x226.jpg 300w, https:\/\/jorgezanoni.com.br\/2019\/wp-content\/uploads\/2021\/05\/M\u00e3e-Ros\u00e2ngela-Maria-dos-Santos-2-80x60.jpg 80w, https:\/\/jorgezanoni.com.br\/2019\/wp-content\/uploads\/2021\/05\/M\u00e3e-Ros\u00e2ngela-Maria-dos-Santos-2-265x198.jpg 265w\" sizes=\"auto, (max-width: 371px) 100vw, 371px\" \/>M\u00e3e Ros\u00e2ngela Maria dos Santos<\/p>\n<p><img loading=\"lazy\" decoding=\"async\" class=\"alignnone size-full wp-image-47531\" src=\"https:\/\/jorgezanoni.com.br\/2019\/wp-content\/uploads\/2021\/05\/M\u00e3e-Sara-Carolina-Costa-Silva-o-esposo-Jonas-da-Silva-Camporezi-e-os-filhos-Miguel-e-Pietra-2.jpg\" alt=\"\" width=\"720\" height=\"1126\" srcset=\"https:\/\/jorgezanoni.com.br\/2019\/wp-content\/uploads\/2021\/05\/M\u00e3e-Sara-Carolina-Costa-Silva-o-esposo-Jonas-da-Silva-Camporezi-e-os-filhos-Miguel-e-Pietra-2.jpg 720w, https:\/\/jorgezanoni.com.br\/2019\/wp-content\/uploads\/2021\/05\/M\u00e3e-Sara-Carolina-Costa-Silva-o-esposo-Jonas-da-Silva-Camporezi-e-os-filhos-Miguel-e-Pietra-2-192x300.jpg 192w, https:\/\/jorgezanoni.com.br\/2019\/wp-content\/uploads\/2021\/05\/M\u00e3e-Sara-Carolina-Costa-Silva-o-esposo-Jonas-da-Silva-Camporezi-e-os-filhos-Miguel-e-Pietra-2-655x1024.jpg 655w, https:\/\/jorgezanoni.com.br\/2019\/wp-content\/uploads\/2021\/05\/M\u00e3e-Sara-Carolina-Costa-Silva-o-esposo-Jonas-da-Silva-Camporezi-e-os-filhos-Miguel-e-Pietra-2-696x1088.jpg 696w, https:\/\/jorgezanoni.com.br\/2019\/wp-content\/uploads\/2021\/05\/M\u00e3e-Sara-Carolina-Costa-Silva-o-esposo-Jonas-da-Silva-Camporezi-e-os-filhos-Miguel-e-Pietra-2-269x420.jpg 269w\" sizes=\"auto, (max-width: 720px) 100vw, 720px\" \/>M\u00e3e Sara Carolina Costa Silva o esposo Jonas da Silva Camporezi e os filhos Miguel e Pietra<\/p>\n<p><img loading=\"lazy\" decoding=\"async\" class=\"alignnone size-full wp-image-47532\" src=\"https:\/\/jorgezanoni.com.br\/2019\/wp-content\/uploads\/2021\/05\/m\u00e3e-Sara-Carolina-e-os-seus-filhos-os-g\u00eameos-Miguel-e-Pietra-2.jpg\" alt=\"\" width=\"654\" height=\"1158\" srcset=\"https:\/\/jorgezanoni.com.br\/2019\/wp-content\/uploads\/2021\/05\/m\u00e3e-Sara-Carolina-e-os-seus-filhos-os-g\u00eameos-Miguel-e-Pietra-2.jpg 654w, https:\/\/jorgezanoni.com.br\/2019\/wp-content\/uploads\/2021\/05\/m\u00e3e-Sara-Carolina-e-os-seus-filhos-os-g\u00eameos-Miguel-e-Pietra-2-169x300.jpg 169w, https:\/\/jorgezanoni.com.br\/2019\/wp-content\/uploads\/2021\/05\/m\u00e3e-Sara-Carolina-e-os-seus-filhos-os-g\u00eameos-Miguel-e-Pietra-2-578x1024.jpg 578w, https:\/\/jorgezanoni.com.br\/2019\/wp-content\/uploads\/2021\/05\/m\u00e3e-Sara-Carolina-e-os-seus-filhos-os-g\u00eameos-Miguel-e-Pietra-2-237x420.jpg 237w\" sizes=\"auto, (max-width: 654px) 100vw, 654px\" \/>M\u00e3e Sara Carolina e os seus filhos os g\u00eameos Miguel e Pietra<\/p>\n<p><img loading=\"lazy\" decoding=\"async\" class=\"alignnone size-full wp-image-47533\" src=\"https:\/\/jorgezanoni.com.br\/2019\/wp-content\/uploads\/2021\/05\/M\u00e3e-Silvia-Vicente-de-Paula-2.jpg\" alt=\"\" width=\"645\" height=\"721\" srcset=\"https:\/\/jorgezanoni.com.br\/2019\/wp-content\/uploads\/2021\/05\/M\u00e3e-Silvia-Vicente-de-Paula-2.jpg 645w, https:\/\/jorgezanoni.com.br\/2019\/wp-content\/uploads\/2021\/05\/M\u00e3e-Silvia-Vicente-de-Paula-2-268x300.jpg 268w, https:\/\/jorgezanoni.com.br\/2019\/wp-content\/uploads\/2021\/05\/M\u00e3e-Silvia-Vicente-de-Paula-2-376x420.jpg 376w\" sizes=\"auto, (max-width: 645px) 100vw, 645px\" \/>M\u00e3e Silvia Vicente de Paula<\/p>\n<p><img loading=\"lazy\" decoding=\"async\" class=\"alignnone size-full wp-image-47534\" src=\"https:\/\/jorgezanoni.com.br\/2019\/wp-content\/uploads\/2021\/05\/M\u00e3e-Sim\u00f4nia-Pinto-da-silva-Maur\u00edcio-com-sua-filha-Brenda-da-Silva-Maur\u00edcio.jpg\" alt=\"\" width=\"960\" height=\"1280\" srcset=\"https:\/\/jorgezanoni.com.br\/2019\/wp-content\/uploads\/2021\/05\/M\u00e3e-Sim\u00f4nia-Pinto-da-silva-Maur\u00edcio-com-sua-filha-Brenda-da-Silva-Maur\u00edcio.jpg 960w, https:\/\/jorgezanoni.com.br\/2019\/wp-content\/uploads\/2021\/05\/M\u00e3e-Sim\u00f4nia-Pinto-da-silva-Maur\u00edcio-com-sua-filha-Brenda-da-Silva-Maur\u00edcio-225x300.jpg 225w, https:\/\/jorgezanoni.com.br\/2019\/wp-content\/uploads\/2021\/05\/M\u00e3e-Sim\u00f4nia-Pinto-da-silva-Maur\u00edcio-com-sua-filha-Brenda-da-Silva-Maur\u00edcio-768x1024.jpg 768w, https:\/\/jorgezanoni.com.br\/2019\/wp-content\/uploads\/2021\/05\/M\u00e3e-Sim\u00f4nia-Pinto-da-silva-Maur\u00edcio-com-sua-filha-Brenda-da-Silva-Maur\u00edcio-696x928.jpg 696w, https:\/\/jorgezanoni.com.br\/2019\/wp-content\/uploads\/2021\/05\/M\u00e3e-Sim\u00f4nia-Pinto-da-silva-Maur\u00edcio-com-sua-filha-Brenda-da-Silva-Maur\u00edcio-315x420.jpg 315w\" sizes=\"auto, (max-width: 960px) 100vw, 960px\" \/>M\u00e3e Sim\u00f4nia Pinto da silva Maur\u00edcio com sua filha Brenda da Silva Maur\u00edcio<\/p>\n<p><img loading=\"lazy\" decoding=\"async\" class=\"alignnone size-full wp-image-47535\" src=\"https:\/\/jorgezanoni.com.br\/2019\/wp-content\/uploads\/2021\/05\/M\u00e3e-Tatiane-Cristine-Rodrigues.jpg\" alt=\"\" width=\"993\" height=\"1280\" srcset=\"https:\/\/jorgezanoni.com.br\/2019\/wp-content\/uploads\/2021\/05\/M\u00e3e-Tatiane-Cristine-Rodrigues.jpg 993w, https:\/\/jorgezanoni.com.br\/2019\/wp-content\/uploads\/2021\/05\/M\u00e3e-Tatiane-Cristine-Rodrigues-233x300.jpg 233w, https:\/\/jorgezanoni.com.br\/2019\/wp-content\/uploads\/2021\/05\/M\u00e3e-Tatiane-Cristine-Rodrigues-794x1024.jpg 794w, https:\/\/jorgezanoni.com.br\/2019\/wp-content\/uploads\/2021\/05\/M\u00e3e-Tatiane-Cristine-Rodrigues-768x990.jpg 768w, https:\/\/jorgezanoni.com.br\/2019\/wp-content\/uploads\/2021\/05\/M\u00e3e-Tatiane-Cristine-Rodrigues-696x897.jpg 696w, https:\/\/jorgezanoni.com.br\/2019\/wp-content\/uploads\/2021\/05\/M\u00e3e-Tatiane-Cristine-Rodrigues-326x420.jpg 326w\" sizes=\"auto, (max-width: 993px) 100vw, 993px\" \/>M\u00e3e Tatiane Cristine Rodrigues<\/p>\n<p><img loading=\"lazy\" decoding=\"async\" class=\"alignnone size-full wp-image-47536\" src=\"https:\/\/jorgezanoni.com.br\/2019\/wp-content\/uploads\/2021\/05\/M\u00e3e-Teresa-Ferro-Rodrigues-e-a-filha-Jane-Cristina-Rodrigues.jpg\" alt=\"\" width=\"1280\" height=\"1154\" srcset=\"https:\/\/jorgezanoni.com.br\/2019\/wp-content\/uploads\/2021\/05\/M\u00e3e-Teresa-Ferro-Rodrigues-e-a-filha-Jane-Cristina-Rodrigues.jpg 1280w, https:\/\/jorgezanoni.com.br\/2019\/wp-content\/uploads\/2021\/05\/M\u00e3e-Teresa-Ferro-Rodrigues-e-a-filha-Jane-Cristina-Rodrigues-300x270.jpg 300w, https:\/\/jorgezanoni.com.br\/2019\/wp-content\/uploads\/2021\/05\/M\u00e3e-Teresa-Ferro-Rodrigues-e-a-filha-Jane-Cristina-Rodrigues-1024x923.jpg 1024w, https:\/\/jorgezanoni.com.br\/2019\/wp-content\/uploads\/2021\/05\/M\u00e3e-Teresa-Ferro-Rodrigues-e-a-filha-Jane-Cristina-Rodrigues-768x692.jpg 768w, https:\/\/jorgezanoni.com.br\/2019\/wp-content\/uploads\/2021\/05\/M\u00e3e-Teresa-Ferro-Rodrigues-e-a-filha-Jane-Cristina-Rodrigues-696x627.jpg 696w, https:\/\/jorgezanoni.com.br\/2019\/wp-content\/uploads\/2021\/05\/M\u00e3e-Teresa-Ferro-Rodrigues-e-a-filha-Jane-Cristina-Rodrigues-1068x963.jpg 1068w, https:\/\/jorgezanoni.com.br\/2019\/wp-content\/uploads\/2021\/05\/M\u00e3e-Teresa-Ferro-Rodrigues-e-a-filha-Jane-Cristina-Rodrigues-466x420.jpg 466w\" sizes=\"auto, (max-width: 1280px) 100vw, 1280px\" \/>M\u00e3e Teresa Ferro Rodrigues e a filha Jane Cristina Rodrigues<\/p>\n<p><img loading=\"lazy\" decoding=\"async\" class=\"alignnone size-full wp-image-47537\" src=\"https:\/\/jorgezanoni.com.br\/2019\/wp-content\/uploads\/2021\/05\/M\u00e3e-Tereza-Dantas-Rodrigues-lima.jpg\" alt=\"\" width=\"640\" height=\"960\" srcset=\"https:\/\/jorgezanoni.com.br\/2019\/wp-content\/uploads\/2021\/05\/M\u00e3e-Tereza-Dantas-Rodrigues-lima.jpg 640w, https:\/\/jorgezanoni.com.br\/2019\/wp-content\/uploads\/2021\/05\/M\u00e3e-Tereza-Dantas-Rodrigues-lima-200x300.jpg 200w, https:\/\/jorgezanoni.com.br\/2019\/wp-content\/uploads\/2021\/05\/M\u00e3e-Tereza-Dantas-Rodrigues-lima-280x420.jpg 280w\" sizes=\"auto, (max-width: 640px) 100vw, 640px\" \/>M\u00e3e Tereza Dantas Rodrigues lima<\/p>\n<p><img loading=\"lazy\" decoding=\"async\" class=\"alignnone size-full wp-image-47538\" src=\"https:\/\/jorgezanoni.com.br\/2019\/wp-content\/uploads\/2021\/05\/M\u00e3e-Tereza-Francisco-de-Oliveira-Ferreira-e-a-Filha-Patr\u00edcia-de-Oliveira-Ferreira-Pocaia.jpg\" alt=\"\" width=\"1280\" height=\"853\" srcset=\"https:\/\/jorgezanoni.com.br\/2019\/wp-content\/uploads\/2021\/05\/M\u00e3e-Tereza-Francisco-de-Oliveira-Ferreira-e-a-Filha-Patr\u00edcia-de-Oliveira-Ferreira-Pocaia.jpg 1280w, https:\/\/jorgezanoni.com.br\/2019\/wp-content\/uploads\/2021\/05\/M\u00e3e-Tereza-Francisco-de-Oliveira-Ferreira-e-a-Filha-Patr\u00edcia-de-Oliveira-Ferreira-Pocaia-300x200.jpg 300w, https:\/\/jorgezanoni.com.br\/2019\/wp-content\/uploads\/2021\/05\/M\u00e3e-Tereza-Francisco-de-Oliveira-Ferreira-e-a-Filha-Patr\u00edcia-de-Oliveira-Ferreira-Pocaia-1024x682.jpg 1024w, https:\/\/jorgezanoni.com.br\/2019\/wp-content\/uploads\/2021\/05\/M\u00e3e-Tereza-Francisco-de-Oliveira-Ferreira-e-a-Filha-Patr\u00edcia-de-Oliveira-Ferreira-Pocaia-768x512.jpg 768w, https:\/\/jorgezanoni.com.br\/2019\/wp-content\/uploads\/2021\/05\/M\u00e3e-Tereza-Francisco-de-Oliveira-Ferreira-e-a-Filha-Patr\u00edcia-de-Oliveira-Ferreira-Pocaia-696x464.jpg 696w, https:\/\/jorgezanoni.com.br\/2019\/wp-content\/uploads\/2021\/05\/M\u00e3e-Tereza-Francisco-de-Oliveira-Ferreira-e-a-Filha-Patr\u00edcia-de-Oliveira-Ferreira-Pocaia-1068x712.jpg 1068w, https:\/\/jorgezanoni.com.br\/2019\/wp-content\/uploads\/2021\/05\/M\u00e3e-Tereza-Francisco-de-Oliveira-Ferreira-e-a-Filha-Patr\u00edcia-de-Oliveira-Ferreira-Pocaia-630x420.jpg 630w\" sizes=\"auto, (max-width: 1280px) 100vw, 1280px\" \/>M\u00e3e Tereza Francisco de Oliveira Ferreira e a Filha Patr\u00edcia de Oliveira Ferreira Pocaia<\/p>\n<p><img loading=\"lazy\" decoding=\"async\" class=\"alignnone size-full wp-image-47539\" src=\"https:\/\/jorgezanoni.com.br\/2019\/wp-content\/uploads\/2021\/05\/M\u00e3e-Vera-Lucia-Martins-2.jpg\" alt=\"\" width=\"715\" height=\"845\" srcset=\"https:\/\/jorgezanoni.com.br\/2019\/wp-content\/uploads\/2021\/05\/M\u00e3e-Vera-Lucia-Martins-2.jpg 715w, https:\/\/jorgezanoni.com.br\/2019\/wp-content\/uploads\/2021\/05\/M\u00e3e-Vera-Lucia-Martins-2-254x300.jpg 254w, https:\/\/jorgezanoni.com.br\/2019\/wp-content\/uploads\/2021\/05\/M\u00e3e-Vera-Lucia-Martins-2-696x823.jpg 696w, https:\/\/jorgezanoni.com.br\/2019\/wp-content\/uploads\/2021\/05\/M\u00e3e-Vera-Lucia-Martins-2-355x420.jpg 355w\" sizes=\"auto, (max-width: 715px) 100vw, 715px\" \/>M\u00e3e Vera Lucia Martins<\/p>\n<p><img loading=\"lazy\" decoding=\"async\" class=\"alignnone size-full wp-image-47540\" src=\"https:\/\/jorgezanoni.com.br\/2019\/wp-content\/uploads\/2021\/05\/M\u00e3e-Ver\u00f4nica-Josefa-Barbosa-com-o-filho-Jos\u00e9-Carlos-Barbosa.jpg\" alt=\"\" width=\"640\" height=\"1280\" srcset=\"https:\/\/jorgezanoni.com.br\/2019\/wp-content\/uploads\/2021\/05\/M\u00e3e-Ver\u00f4nica-Josefa-Barbosa-com-o-filho-Jos\u00e9-Carlos-Barbosa.jpg 640w, https:\/\/jorgezanoni.com.br\/2019\/wp-content\/uploads\/2021\/05\/M\u00e3e-Ver\u00f4nica-Josefa-Barbosa-com-o-filho-Jos\u00e9-Carlos-Barbosa-150x300.jpg 150w, https:\/\/jorgezanoni.com.br\/2019\/wp-content\/uploads\/2021\/05\/M\u00e3e-Ver\u00f4nica-Josefa-Barbosa-com-o-filho-Jos\u00e9-Carlos-Barbosa-512x1024.jpg 512w, https:\/\/jorgezanoni.com.br\/2019\/wp-content\/uploads\/2021\/05\/M\u00e3e-Ver\u00f4nica-Josefa-Barbosa-com-o-filho-Jos\u00e9-Carlos-Barbosa-210x420.jpg 210w\" sizes=\"auto, (max-width: 640px) 100vw, 640px\" \/>M\u00e3e Ver\u00f4nica Josefa Barbosa com o filho Jos\u00e9 Carlos Barbosa<\/p>\n<p><img loading=\"lazy\" decoding=\"async\" class=\"alignnone size-full wp-image-47541\" src=\"https:\/\/jorgezanoni.com.br\/2019\/wp-content\/uploads\/2021\/05\/M\u00e3e-Zulmira-da-Silva-Machado.jpg\" alt=\"\" width=\"1080\" height=\"1098\" srcset=\"https:\/\/jorgezanoni.com.br\/2019\/wp-content\/uploads\/2021\/05\/M\u00e3e-Zulmira-da-Silva-Machado.jpg 1080w, https:\/\/jorgezanoni.com.br\/2019\/wp-content\/uploads\/2021\/05\/M\u00e3e-Zulmira-da-Silva-Machado-295x300.jpg 295w, https:\/\/jorgezanoni.com.br\/2019\/wp-content\/uploads\/2021\/05\/M\u00e3e-Zulmira-da-Silva-Machado-1007x1024.jpg 1007w, https:\/\/jorgezanoni.com.br\/2019\/wp-content\/uploads\/2021\/05\/M\u00e3e-Zulmira-da-Silva-Machado-768x781.jpg 768w, https:\/\/jorgezanoni.com.br\/2019\/wp-content\/uploads\/2021\/05\/M\u00e3e-Zulmira-da-Silva-Machado-696x708.jpg 696w, https:\/\/jorgezanoni.com.br\/2019\/wp-content\/uploads\/2021\/05\/M\u00e3e-Zulmira-da-Silva-Machado-1068x1086.jpg 1068w, https:\/\/jorgezanoni.com.br\/2019\/wp-content\/uploads\/2021\/05\/M\u00e3e-Zulmira-da-Silva-Machado-413x420.jpg 413w\" sizes=\"auto, (max-width: 1080px) 100vw, 1080px\" \/>M\u00e3e Zulmira da Silva Machado<\/p>\n<p><img loading=\"lazy\" decoding=\"async\" class=\"alignnone size-full wp-image-47542\" src=\"https:\/\/jorgezanoni.com.br\/2019\/wp-content\/uploads\/2021\/05\/M\u00e3e-v\u00f3-e-bisav\u00f3-Maria-Joana.-M\u00e3e-e-v\u00f3-Rosana.-M\u00e3e-Beatriz-e-Liz-2.jpg\" alt=\"\" width=\"461\" height=\"751\" srcset=\"https:\/\/jorgezanoni.com.br\/2019\/wp-content\/uploads\/2021\/05\/M\u00e3e-v\u00f3-e-bisav\u00f3-Maria-Joana.-M\u00e3e-e-v\u00f3-Rosana.-M\u00e3e-Beatriz-e-Liz-2.jpg 461w, https:\/\/jorgezanoni.com.br\/2019\/wp-content\/uploads\/2021\/05\/M\u00e3e-v\u00f3-e-bisav\u00f3-Maria-Joana.-M\u00e3e-e-v\u00f3-Rosana.-M\u00e3e-Beatriz-e-Liz-2-184x300.jpg 184w, https:\/\/jorgezanoni.com.br\/2019\/wp-content\/uploads\/2021\/05\/M\u00e3e-v\u00f3-e-bisav\u00f3-Maria-Joana.-M\u00e3e-e-v\u00f3-Rosana.-M\u00e3e-Beatriz-e-Liz-2-258x420.jpg 258w\" sizes=\"auto, (max-width: 461px) 100vw, 461px\" \/>M\u00e3e, v\u00f3 e bisav\u00f3 Maria Joana. M\u00e3e e v\u00f3 Rosana. M\u00e3e Beatriz e Liz<\/p>\n<p><img loading=\"lazy\" decoding=\"async\" class=\"alignnone size-full wp-image-47543\" src=\"https:\/\/jorgezanoni.com.br\/2019\/wp-content\/uploads\/2021\/05\/M\u00e3es-Ana-Claudia-Pascuim-do-Nascimento-e-Dayane-Kellen-Ribeiro-Abreu-filho-Anthony-Gabriel-Ribeiro-Pascuim.jpg\" alt=\"\" width=\"720\" height=\"1280\" srcset=\"https:\/\/jorgezanoni.com.br\/2019\/wp-content\/uploads\/2021\/05\/M\u00e3es-Ana-Claudia-Pascuim-do-Nascimento-e-Dayane-Kellen-Ribeiro-Abreu-filho-Anthony-Gabriel-Ribeiro-Pascuim.jpg 720w, https:\/\/jorgezanoni.com.br\/2019\/wp-content\/uploads\/2021\/05\/M\u00e3es-Ana-Claudia-Pascuim-do-Nascimento-e-Dayane-Kellen-Ribeiro-Abreu-filho-Anthony-Gabriel-Ribeiro-Pascuim-169x300.jpg 169w, https:\/\/jorgezanoni.com.br\/2019\/wp-content\/uploads\/2021\/05\/M\u00e3es-Ana-Claudia-Pascuim-do-Nascimento-e-Dayane-Kellen-Ribeiro-Abreu-filho-Anthony-Gabriel-Ribeiro-Pascuim-576x1024.jpg 576w, https:\/\/jorgezanoni.com.br\/2019\/wp-content\/uploads\/2021\/05\/M\u00e3es-Ana-Claudia-Pascuim-do-Nascimento-e-Dayane-Kellen-Ribeiro-Abreu-filho-Anthony-Gabriel-Ribeiro-Pascuim-696x1237.jpg 696w, https:\/\/jorgezanoni.com.br\/2019\/wp-content\/uploads\/2021\/05\/M\u00e3es-Ana-Claudia-Pascuim-do-Nascimento-e-Dayane-Kellen-Ribeiro-Abreu-filho-Anthony-Gabriel-Ribeiro-Pascuim-236x420.jpg 236w\" sizes=\"auto, (max-width: 720px) 100vw, 720px\" \/>M\u00e3es Ana Claudia Pascuim do Nascimento e Dayane Kellen Ribeiro Abreu filho Anthony Gabriel Ribeiro Pascuim<\/p>\n<p><img loading=\"lazy\" decoding=\"async\" class=\"alignnone size-full wp-image-47544\" src=\"https:\/\/jorgezanoni.com.br\/2019\/wp-content\/uploads\/2021\/05\/M\u00e3es-Cristiane-Oliveira-Elizabeth-Miyamoto-Takako-Yoshida-de-Oliveira-Jackeline-Mikie-Miyamoto-e-Enzo-Y.-O.-Prates-2.jpg\" alt=\"\" width=\"1080\" height=\"696\" srcset=\"https:\/\/jorgezanoni.com.br\/2019\/wp-content\/uploads\/2021\/05\/M\u00e3es-Cristiane-Oliveira-Elizabeth-Miyamoto-Takako-Yoshida-de-Oliveira-Jackeline-Mikie-Miyamoto-e-Enzo-Y.-O.-Prates-2.jpg 1080w, https:\/\/jorgezanoni.com.br\/2019\/wp-content\/uploads\/2021\/05\/M\u00e3es-Cristiane-Oliveira-Elizabeth-Miyamoto-Takako-Yoshida-de-Oliveira-Jackeline-Mikie-Miyamoto-e-Enzo-Y.-O.-Prates-2-300x193.jpg 300w, https:\/\/jorgezanoni.com.br\/2019\/wp-content\/uploads\/2021\/05\/M\u00e3es-Cristiane-Oliveira-Elizabeth-Miyamoto-Takako-Yoshida-de-Oliveira-Jackeline-Mikie-Miyamoto-e-Enzo-Y.-O.-Prates-2-1024x660.jpg 1024w, https:\/\/jorgezanoni.com.br\/2019\/wp-content\/uploads\/2021\/05\/M\u00e3es-Cristiane-Oliveira-Elizabeth-Miyamoto-Takako-Yoshida-de-Oliveira-Jackeline-Mikie-Miyamoto-e-Enzo-Y.-O.-Prates-2-768x495.jpg 768w, https:\/\/jorgezanoni.com.br\/2019\/wp-content\/uploads\/2021\/05\/M\u00e3es-Cristiane-Oliveira-Elizabeth-Miyamoto-Takako-Yoshida-de-Oliveira-Jackeline-Mikie-Miyamoto-e-Enzo-Y.-O.-Prates-2-696x449.jpg 696w, https:\/\/jorgezanoni.com.br\/2019\/wp-content\/uploads\/2021\/05\/M\u00e3es-Cristiane-Oliveira-Elizabeth-Miyamoto-Takako-Yoshida-de-Oliveira-Jackeline-Mikie-Miyamoto-e-Enzo-Y.-O.-Prates-2-1068x688.jpg 1068w, https:\/\/jorgezanoni.com.br\/2019\/wp-content\/uploads\/2021\/05\/M\u00e3es-Cristiane-Oliveira-Elizabeth-Miyamoto-Takako-Yoshida-de-Oliveira-Jackeline-Mikie-Miyamoto-e-Enzo-Y.-O.-Prates-2-652x420.jpg 652w\" sizes=\"auto, (max-width: 1080px) 100vw, 1080px\" \/>M\u00e3es Cristiane Oliveira, Elizabeth Miyamoto, Takako Yoshida de Oliveira, Jackeline Mikie Miyamoto e Enzo Y. O. Prates<\/p>\n<p><img loading=\"lazy\" decoding=\"async\" class=\"alignnone size-full wp-image-47545\" src=\"https:\/\/jorgezanoni.com.br\/2019\/wp-content\/uploads\/2021\/05\/M\u00e3es-Jaqueline-Valdemir-Mara-filho-Guilherme-e-meu-neto-Nicolas-2.jpg\" alt=\"\" width=\"486\" height=\"397\" srcset=\"https:\/\/jorgezanoni.com.br\/2019\/wp-content\/uploads\/2021\/05\/M\u00e3es-Jaqueline-Valdemir-Mara-filho-Guilherme-e-meu-neto-Nicolas-2.jpg 486w, https:\/\/jorgezanoni.com.br\/2019\/wp-content\/uploads\/2021\/05\/M\u00e3es-Jaqueline-Valdemir-Mara-filho-Guilherme-e-meu-neto-Nicolas-2-300x245.jpg 300w\" sizes=\"auto, (max-width: 486px) 100vw, 486px\" \/>M\u00e3es Jaqueline Valdemir Mara filho Guilherme e meu neto Nicolas<\/p>\n<p><img loading=\"lazy\" decoding=\"async\" class=\"alignnone size-full wp-image-47546\" src=\"https:\/\/jorgezanoni.com.br\/2019\/wp-content\/uploads\/2021\/05\/M\u00e3es-Luzinete-Alves-de-Morais-e-Lurdes-Alves-de-Morais-2.jpg\" alt=\"\" width=\"595\" height=\"797\" srcset=\"https:\/\/jorgezanoni.com.br\/2019\/wp-content\/uploads\/2021\/05\/M\u00e3es-Luzinete-Alves-de-Morais-e-Lurdes-Alves-de-Morais-2.jpg 595w, https:\/\/jorgezanoni.com.br\/2019\/wp-content\/uploads\/2021\/05\/M\u00e3es-Luzinete-Alves-de-Morais-e-Lurdes-Alves-de-Morais-2-224x300.jpg 224w, https:\/\/jorgezanoni.com.br\/2019\/wp-content\/uploads\/2021\/05\/M\u00e3es-Luzinete-Alves-de-Morais-e-Lurdes-Alves-de-Morais-2-314x420.jpg 314w\" sizes=\"auto, (max-width: 595px) 100vw, 595px\" \/>M\u00e3es Luzinete Alves de Morais e Lurdes Alves de Morais<\/p>\n<p><img loading=\"lazy\" decoding=\"async\" class=\"alignnone size-full wp-image-47548\" src=\"https:\/\/jorgezanoni.com.br\/2019\/wp-content\/uploads\/2021\/05\/Rhuan-F\u00e1varo-Racaneli-Karen-F\u00e1varo-Racaneli-Jamil-Racaneli-ieda-M\u00e1rcia-F\u00e1varo-Racaneli-M\u00e3e-e-Bianca-F\u00e1varo-Racaneli.jpg\" alt=\"\" width=\"1280\" height=\"821\" srcset=\"https:\/\/jorgezanoni.com.br\/2019\/wp-content\/uploads\/2021\/05\/Rhuan-F\u00e1varo-Racaneli-Karen-F\u00e1varo-Racaneli-Jamil-Racaneli-ieda-M\u00e1rcia-F\u00e1varo-Racaneli-M\u00e3e-e-Bianca-F\u00e1varo-Racaneli.jpg 1280w, https:\/\/jorgezanoni.com.br\/2019\/wp-content\/uploads\/2021\/05\/Rhuan-F\u00e1varo-Racaneli-Karen-F\u00e1varo-Racaneli-Jamil-Racaneli-ieda-M\u00e1rcia-F\u00e1varo-Racaneli-M\u00e3e-e-Bianca-F\u00e1varo-Racaneli-300x192.jpg 300w, https:\/\/jorgezanoni.com.br\/2019\/wp-content\/uploads\/2021\/05\/Rhuan-F\u00e1varo-Racaneli-Karen-F\u00e1varo-Racaneli-Jamil-Racaneli-ieda-M\u00e1rcia-F\u00e1varo-Racaneli-M\u00e3e-e-Bianca-F\u00e1varo-Racaneli-1024x657.jpg 1024w, https:\/\/jorgezanoni.com.br\/2019\/wp-content\/uploads\/2021\/05\/Rhuan-F\u00e1varo-Racaneli-Karen-F\u00e1varo-Racaneli-Jamil-Racaneli-ieda-M\u00e1rcia-F\u00e1varo-Racaneli-M\u00e3e-e-Bianca-F\u00e1varo-Racaneli-768x493.jpg 768w, https:\/\/jorgezanoni.com.br\/2019\/wp-content\/uploads\/2021\/05\/Rhuan-F\u00e1varo-Racaneli-Karen-F\u00e1varo-Racaneli-Jamil-Racaneli-ieda-M\u00e1rcia-F\u00e1varo-Racaneli-M\u00e3e-e-Bianca-F\u00e1varo-Racaneli-696x446.jpg 696w, https:\/\/jorgezanoni.com.br\/2019\/wp-content\/uploads\/2021\/05\/Rhuan-F\u00e1varo-Racaneli-Karen-F\u00e1varo-Racaneli-Jamil-Racaneli-ieda-M\u00e1rcia-F\u00e1varo-Racaneli-M\u00e3e-e-Bianca-F\u00e1varo-Racaneli-1068x685.jpg 1068w, https:\/\/jorgezanoni.com.br\/2019\/wp-content\/uploads\/2021\/05\/Rhuan-F\u00e1varo-Racaneli-Karen-F\u00e1varo-Racaneli-Jamil-Racaneli-ieda-M\u00e1rcia-F\u00e1varo-Racaneli-M\u00e3e-e-Bianca-F\u00e1varo-Racaneli-655x420.jpg 655w\" sizes=\"auto, (max-width: 1280px) 100vw, 1280px\" \/>Rhuan F\u00e1varo Racaneli, Karen F\u00e1varo Racaneli, Jamil Racaneli, ieda M\u00e1rcia F\u00e1varo Racaneli (M\u00e3e) e Bianca F\u00e1varo Racaneli<\/p>\n<p><img loading=\"lazy\" decoding=\"async\" class=\"alignnone size-full wp-image-47574\" src=\"https:\/\/jorgezanoni.com.br\/2019\/wp-content\/uploads\/2021\/05\/Irma-Dantas-Ferreira.jpg\" alt=\"\" width=\"960\" height=\"1280\" srcset=\"https:\/\/jorgezanoni.com.br\/2019\/wp-content\/uploads\/2021\/05\/Irma-Dantas-Ferreira.jpg 960w, https:\/\/jorgezanoni.com.br\/2019\/wp-content\/uploads\/2021\/05\/Irma-Dantas-Ferreira-225x300.jpg 225w, https:\/\/jorgezanoni.com.br\/2019\/wp-content\/uploads\/2021\/05\/Irma-Dantas-Ferreira-768x1024.jpg 768w, https:\/\/jorgezanoni.com.br\/2019\/wp-content\/uploads\/2021\/05\/Irma-Dantas-Ferreira-696x928.jpg 696w, https:\/\/jorgezanoni.com.br\/2019\/wp-content\/uploads\/2021\/05\/Irma-Dantas-Ferreira-315x420.jpg 315w\" sizes=\"auto, (max-width: 960px) 100vw, 960px\" \/>M\u00e3e Irma Dantas Ferreira<\/p>\n<p><img loading=\"lazy\" decoding=\"async\" class=\"alignnone size-full wp-image-47576\" src=\"https:\/\/jorgezanoni.com.br\/2019\/wp-content\/uploads\/2021\/05\/M\u00e3e-Patr\u00edcia-Mazzarin.jpg\" alt=\"\" width=\"720\" height=\"960\" srcset=\"https:\/\/jorgezanoni.com.br\/2019\/wp-content\/uploads\/2021\/05\/M\u00e3e-Patr\u00edcia-Mazzarin.jpg 720w, https:\/\/jorgezanoni.com.br\/2019\/wp-content\/uploads\/2021\/05\/M\u00e3e-Patr\u00edcia-Mazzarin-225x300.jpg 225w, https:\/\/jorgezanoni.com.br\/2019\/wp-content\/uploads\/2021\/05\/M\u00e3e-Patr\u00edcia-Mazzarin-696x928.jpg 696w, https:\/\/jorgezanoni.com.br\/2019\/wp-content\/uploads\/2021\/05\/M\u00e3e-Patr\u00edcia-Mazzarin-315x420.jpg 315w\" sizes=\"auto, (max-width: 720px) 100vw, 720px\" \/> M\u00e3e Patr\u00edcia Mazzarin<\/p>\n<p><img loading=\"lazy\" decoding=\"async\" class=\"alignnone size-full wp-image-47578\" src=\"https:\/\/jorgezanoni.com.br\/2019\/wp-content\/uploads\/2021\/05\/M\u00e3e-Diva-e-o-neto-Odair-Matheus.jpg\" alt=\"\" width=\"528\" height=\"960\" srcset=\"https:\/\/jorgezanoni.com.br\/2019\/wp-content\/uploads\/2021\/05\/M\u00e3e-Diva-e-o-neto-Odair-Matheus.jpg 528w, https:\/\/jorgezanoni.com.br\/2019\/wp-content\/uploads\/2021\/05\/M\u00e3e-Diva-e-o-neto-Odair-Matheus-165x300.jpg 165w, https:\/\/jorgezanoni.com.br\/2019\/wp-content\/uploads\/2021\/05\/M\u00e3e-Diva-e-o-neto-Odair-Matheus-231x420.jpg 231w\" sizes=\"auto, (max-width: 528px) 100vw, 528px\" \/>M\u00e3e Diva e o neto Odair Matheus<\/p>\n<p><img loading=\"lazy\" decoding=\"async\" class=\"alignnone size-full wp-image-47579\" src=\"https:\/\/jorgezanoni.com.br\/2019\/wp-content\/uploads\/2021\/05\/M\u00e3es-Arlete-e-Simone-2.jpg\" alt=\"\" width=\"704\" height=\"547\" srcset=\"https:\/\/jorgezanoni.com.br\/2019\/wp-content\/uploads\/2021\/05\/M\u00e3es-Arlete-e-Simone-2.jpg 704w, https:\/\/jorgezanoni.com.br\/2019\/wp-content\/uploads\/2021\/05\/M\u00e3es-Arlete-e-Simone-2-300x233.jpg 300w, https:\/\/jorgezanoni.com.br\/2019\/wp-content\/uploads\/2021\/05\/M\u00e3es-Arlete-e-Simone-2-696x541.jpg 696w, https:\/\/jorgezanoni.com.br\/2019\/wp-content\/uploads\/2021\/05\/M\u00e3es-Arlete-e-Simone-2-541x420.jpg 541w\" sizes=\"auto, (max-width: 704px) 100vw, 704px\" \/>M\u00e3es Arlete e Simone<\/p>\n<p>&nbsp;<\/p>\n<p>&nbsp;<\/p>\n","protected":false},"excerpt":{"rendered":"<p>O SITE JORGE ZANONI e a JORROVI CAL\u00c7ADOS, prestam esta singela homenagem a todas as M\u00e3es de Dracena e regi\u00e3o. Obrigado a voc\u00ea que nos enviou as fotos. Al\u00e9m da homenagem \u00e0 sua amada Mam\u00e3e, ela estar\u00e1 concorrendo ao sorteio de dois pares de cal\u00e7ados. Ser\u00e3o dois sorteios que ir\u00e1 acontecer amanh\u00e3 (10) na Jorrovi [&hellip;]<\/p>\n","protected":false},"author":1,"featured_media":47549,"comment_status":"closed","ping_status":"open","sticky":false,"template":"","format":"standard","meta":{"footnotes":""},"categories":[181,110],"tags":[],"class_list":["post-47420","post","type-post","status-publish","format-standard","has-post-thumbnail","hentry","category-galeriadefotos","category-noticiasdestaque"],"_links":{"self":[{"href":"https:\/\/jorgezanoni.com.br\/2019\/wp-json\/wp\/v2\/posts\/47420","targetHints":{"allow":["GET"]}}],"collection":[{"href":"https:\/\/jorgezanoni.com.br\/2019\/wp-json\/wp\/v2\/posts"}],"about":[{"href":"https:\/\/jorgezanoni.com.br\/2019\/wp-json\/wp\/v2\/types\/post"}],"author":[{"embeddable":true,"href":"https:\/\/jorgezanoni.com.br\/2019\/wp-json\/wp\/v2\/users\/1"}],"replies":[{"embeddable":true,"href":"https:\/\/jorgezanoni.com.br\/2019\/wp-json\/wp\/v2\/comments?post=47420"}],"version-history":[{"count":0,"href":"https:\/\/jorgezanoni.com.br\/2019\/wp-json\/wp\/v2\/posts\/47420\/revisions"}],"wp:featuredmedia":[{"embeddable":true,"href":"https:\/\/jorgezanoni.com.br\/2019\/wp-json\/wp\/v2\/media\/47549"}],"wp:attachment":[{"href":"https:\/\/jorgezanoni.com.br\/2019\/wp-json\/wp\/v2\/media?parent=47420"}],"wp:term":[{"taxonomy":"category","embeddable":true,"href":"https:\/\/jorgezanoni.com.br\/2019\/wp-json\/wp\/v2\/categories?post=47420"},{"taxonomy":"post_tag","embeddable":true,"href":"https:\/\/jorgezanoni.com.br\/2019\/wp-json\/wp\/v2\/tags?post=47420"}],"curies":[{"name":"wp","href":"https:\/\/api.w.org\/{rel}","templated":true}]}}