{"id":47416,"date":"2021-05-08T15:50:46","date_gmt":"2021-05-08T15:50:46","guid":{"rendered":"https:\/\/jorgezanoni.com.br\/2019\/?p=47416"},"modified":"2021-05-08T15:50:46","modified_gmt":"2021-05-08T15:50:46","slug":"covid-19-a-terceira-guerra-mundial-por-everton-santos","status":"publish","type":"post","link":"https:\/\/jorgezanoni.com.br\/2019\/covid-19-a-terceira-guerra-mundial-por-everton-santos\/","title":{"rendered":"Covid-19: a Terceira Guerra Mundial  (por \u00c9verton Santos)"},"content":{"rendered":"<p><strong>Covid-19: a Terceira Guerra Mundial<\/strong><\/p>\n<p><strong><em>\u00c9verton Santos<\/em><\/strong><\/p>\n<p style=\"text-align: justify;\">A\u00a0Primeira Guerra Mundial, de 28 de julho de 1914 a 11 de novembro de 1918, foi causada por fatores complexos, mas teve como estopim as disputas imperialistas, o nacionalismo, alian\u00e7as militares e a corrida armamentista. J\u00e1 a Segunda, de 1939 a 1945, pode-se dizer que foi um reflexo do primeiro conflito em\u00a0estado de\u00a0guerra total e eclodiu com a invas\u00e3o da Pol\u00f4nia pelos alem\u00e3es, resultado do processo de rearmamento da Alemanha Nazista \u2013 um claro desrespeito \u00e0s determina\u00e7\u00f5es do Tratado de Versalhes.<\/p>\n<p style=\"text-align: justify;\">Em 2019 uma nova guerra teve in\u00edcio, tamb\u00e9m de propor\u00e7\u00f5es mundiais, desta vez com um inimigo em comum para todas as na\u00e7\u00f5es, mas assim como nas duas primeiras grandes guerras nem todos ficaram do mesmo lado das trincheiras. Deu-se in\u00edcio ent\u00e3o a uma corrida, n\u00e3o armamentista como outrora, mas por uma cura, por uma vacina.<\/p>\n<p style=\"text-align: justify;\">No in\u00edcio o v\u00edrus at\u00e9 ent\u00e3o desconhecido n\u00e3o parecia assim t\u00e3o letal, diziam as informa\u00e7\u00f5es vindas de fontes nada seguras de um dos pa\u00edses mais fechados, com fortes restri\u00e7\u00f5es ao acesso a internet e a imprensa, bem como viola\u00e7\u00f5es aos direitos humanos.<\/p>\n<p style=\"text-align: justify;\">Ao se espalhar por outras na\u00e7\u00f5es pode-se observar que o v\u00edrus n\u00e3o era t\u00e3o simples \u2013 ali\u00e1s, de simples nada tinha \u2013 e possu\u00eda alta virul\u00eancia e \u00edndice de letalidade exponencial. Como os microrganismos n\u00e3o t\u00eam passaporte, ignoram fronteiras, n\u00e3o demorou muito para que quase todo o globo terrestre fosse infectado.<\/p>\n<p style=\"text-align: justify;\">O impacto nas economias foi imediato e afetou frontalmente as cadeias globais de produ\u00e7\u00e3o, o que fez ressurgir \u2013 ou fortalecer as j\u00e1 existentes \u2013 a\u00e7\u00f5es de protecionismo comercial, o j\u00e1 conhecido nacionalismo de outros tempos.<\/p>\n<p style=\"text-align: justify;\">J\u00e1 caracterizada como pandemia, a Covid-19 provocava quedas acentuadas nos mercados financeiros e paraliza\u00e7\u00e3o dos sistemas de produ\u00e7\u00e3o em diversos setores. Os de servi\u00e7os e o com\u00e9rcio tamb\u00e9m seriam atingidos, estes de forma mais acentuada em raz\u00e3o da fragilidade das atividades.<\/p>\n<p style=\"text-align: justify;\">Embasados em dados cient\u00edficos, muitos pa\u00edses decidiram fechar fronteiras, restringir atividades econ\u00f4micas e a circula\u00e7\u00e3o da popula\u00e7\u00e3o. Por outro lado, outras na\u00e7\u00f5es demonstraram s\u00e9rias ambiguidades, perdendo tempo valioso antes de tomar medidas contundentes, sem coordena\u00e7\u00e3o na condu\u00e7\u00e3o das a\u00e7\u00f5es de combate ao v\u00edrus e tomando-as de maneira apenas reativa. Situa\u00e7\u00e3o ainda mais cr\u00edtica em pa\u00edses com sistema de sa\u00fade deteriorado ou despreparado para tal situa\u00e7\u00e3o, um enredo catastr\u00f3fico.<\/p>\n<p style=\"text-align: justify;\">Enquanto muitas na\u00e7\u00f5es garantiam celeridade para a aprova\u00e7\u00e3o de pesquisas e processos de compra de vacinas, outras por quest\u00f5es pol\u00edticas apostaram em \u201csolu\u00e7\u00f5es alternativas\u201d ou em tratamentos recha\u00e7ados pela comunidade cient\u00edfica internacional, mesmo diante dos alertas e das evid\u00eancias.<\/p>\n<p style=\"text-align: justify;\">Ao mesmo passo, a\u00e7\u00f5es coordenadas tentam garantir compra de vacinas de forma que pa\u00edses em desenvolvimento e os considerados pobres n\u00e3o fiquem \u00e0 merc\u00ea do sistema capitalista e possam, tamb\u00e9m, ter acesso \u00e0s primeiras vacinas j\u00e1 aprovadas.<\/p>\n<p style=\"text-align: justify;\">A coalis\u00e3o de mais de 150 pa\u00edses, criada para impulsionar o desenvolvimento e distribui\u00e7\u00e3o de vacinas prev\u00ea a aquisi\u00e7\u00e3o de 1,1 bilh\u00e3o de doses para serem igualitariamente partilhadas entre pa\u00edses ricos e pobres, deveria ter apoio e ser impulsionada, no entanto sofre dificuldades para a compra dos imunizantes. \u00c9, mais uma vez, a gan\u00e2ncia e o individualismo falando mais alto, tal nacionalismo, como ocorreu no passado.<\/p>\n<p style=\"text-align: justify;\">A Covid-19 \u00e9 a Terceira Guerra Mundial. O coronav\u00edrus mostrou ao mundo que n\u00e3o existe fronteira, n\u00e3o existe uma \u00fanica na\u00e7\u00e3o, um l\u00edder mundial isolado. Todos estamos no mesmo planeta, no mesmo ecossistema, no mesmo barco, temos o mesmo Deus. Entretanto ainda existem barreiras para que esse pensamento se consolide&#8230;<\/p>\n<p style=\"text-align: justify;\">No Brasil, desdenharam, n\u00e3o se preveniram, classificaram o v\u00edrus de gripezinha, fizeram piadas com os mortos e desempregados, promoveram rem\u00e9dios sem efic\u00e1cia&#8230; foram t\u00e3o nocivos quanto o v\u00edrus.<\/p>\n<p style=\"text-align: justify;\">Em pleno ano de 2021, j\u00e1 com vacinas aprovadas e com efeito comprovado o discurso anticient\u00edfico, mesmo sendo contradit\u00f3rio \u2013 e rid\u00edculo \u2013, ainda persiste. Se aqueles, que n\u00e3o adotaram as medidas necess\u00e1rias para combater essa situa\u00e7\u00e3o, arcar\u00e3o com as consequ\u00eancias de suas escolhas s\u00f3 o tempo dir\u00e1.<\/p>\n<p style=\"text-align: justify;\">A \u00fanica certeza que temos \u00e9 que mais de 400 mil vidas foram ceifadas&#8230;<\/p>\n<p style=\"text-align: justify;\"><strong><em>\u00c9verton Santos \u00e9 publicit\u00e1rio e jornalista (MTb N\u00ba. 34.016\/SP) formado pela UniFAI &#8211; Centro Universit\u00e1rio de Adamantina.<\/em><\/strong><\/p>\n<p style=\"text-align: justify;\"><strong><em>E-mail: evertonsantos.adt@gmail.com<\/em><\/strong><\/p>\n<p><strong><em>\u00a0<\/em><\/strong><\/p>\n","protected":false},"excerpt":{"rendered":"<p>Covid-19: a Terceira Guerra Mundial \u00c9verton Santos A\u00a0Primeira Guerra Mundial, de 28 de julho de 1914 a 11 de novembro de 1918, foi causada por fatores complexos, mas teve como estopim as disputas imperialistas, o nacionalismo, alian\u00e7as militares e a corrida armamentista. J\u00e1 a Segunda, de 1939 a 1945, pode-se dizer que foi um reflexo [&hellip;]<\/p>\n","protected":false},"author":1,"featured_media":47417,"comment_status":"closed","ping_status":"open","sticky":false,"template":"","format":"standard","meta":{"footnotes":""},"categories":[175],"tags":[],"class_list":["post-47416","post","type-post","status-publish","format-standard","has-post-thumbnail","hentry","category-artigos"],"_links":{"self":[{"href":"https:\/\/jorgezanoni.com.br\/2019\/wp-json\/wp\/v2\/posts\/47416","targetHints":{"allow":["GET"]}}],"collection":[{"href":"https:\/\/jorgezanoni.com.br\/2019\/wp-json\/wp\/v2\/posts"}],"about":[{"href":"https:\/\/jorgezanoni.com.br\/2019\/wp-json\/wp\/v2\/types\/post"}],"author":[{"embeddable":true,"href":"https:\/\/jorgezanoni.com.br\/2019\/wp-json\/wp\/v2\/users\/1"}],"replies":[{"embeddable":true,"href":"https:\/\/jorgezanoni.com.br\/2019\/wp-json\/wp\/v2\/comments?post=47416"}],"version-history":[{"count":0,"href":"https:\/\/jorgezanoni.com.br\/2019\/wp-json\/wp\/v2\/posts\/47416\/revisions"}],"wp:featuredmedia":[{"embeddable":true,"href":"https:\/\/jorgezanoni.com.br\/2019\/wp-json\/wp\/v2\/media\/47417"}],"wp:attachment":[{"href":"https:\/\/jorgezanoni.com.br\/2019\/wp-json\/wp\/v2\/media?parent=47416"}],"wp:term":[{"taxonomy":"category","embeddable":true,"href":"https:\/\/jorgezanoni.com.br\/2019\/wp-json\/wp\/v2\/categories?post=47416"},{"taxonomy":"post_tag","embeddable":true,"href":"https:\/\/jorgezanoni.com.br\/2019\/wp-json\/wp\/v2\/tags?post=47416"}],"curies":[{"name":"wp","href":"https:\/\/api.w.org\/{rel}","templated":true}]}}