{"id":47376,"date":"2021-05-08T00:26:07","date_gmt":"2021-05-08T00:26:07","guid":{"rendered":"https:\/\/jorgezanoni.com.br\/2019\/?p=47376"},"modified":"2021-05-08T00:26:07","modified_gmt":"2021-05-08T00:26:07","slug":"acidente-envolvendo-automovel-e-caminhao-deixa-uma-vitima-fatal-na-sp-294-em-osvaldo-cruz","status":"publish","type":"post","link":"https:\/\/jorgezanoni.com.br\/2019\/acidente-envolvendo-automovel-e-caminhao-deixa-uma-vitima-fatal-na-sp-294-em-osvaldo-cruz\/","title":{"rendered":"Acidente envolvendo autom\u00f3vel e caminh\u00e3o deixa uma v\u00edtima fatal na SP-294, em Osvaldo Cruz"},"content":{"rendered":"<p style=\"text-align: justify;\"><strong>Um grave acidente foi registrado no in\u00edcio da noite desta sexta-feira (07), na SP-294, Rodovia Comandante Jo\u00e3o Ribeiro de Barros.<\/strong><\/p>\n<p style=\"text-align: justify;\">Segundo informa\u00e7\u00f5es da Pol\u00edcia Rodovi\u00e1ria, base operacional de Adamantina, no local conhecido como Jangad\u00e3o, um ve\u00edculo Toyota Corola, de Osvaldo Cruz e um caminh\u00e3o bitrem, n\u00e3o foi informado a origem do mesmo, por motivos a serem esclarecidos, vieram a se chocar, vindo o autom\u00f3vel a capotar.<\/p>\n<p style=\"text-align: justify;\">Com o choque, o condutor do Corolla se feriu gravemente, foi retirado do carro e socorrido para o PS da Santa Casa de Osvaldo Cruz, mas, n\u00e3o resistiu aos ferimentos e faleceu.<\/p>\n<p style=\"text-align: justify;\">Informa\u00e7\u00f5es da Pol\u00edcia Rodovi\u00e1ria que atendeu a ocorr\u00eancia, juntamente com equipes da EIXO e o Corpo de Bombeiros de Osvaldo Cruz.<\/p>\n<p style=\"text-align: justify;\">A ocorr\u00eancia ainda se encontrava em andamento pelo local.<\/p>\n<p style=\"text-align: justify;\">Da Reda\u00e7\u00e3o \u2013 Informa\u00e7\u00f5es Pol\u00edcia Rodovi\u00e1ria _ Foto \u2013 Cristiano Nascimento.<\/p>\n<p style=\"text-align: justify;\">Fonte: kakonews.com.br\/<\/p>\n","protected":false},"excerpt":{"rendered":"<p>Um grave acidente foi registrado no in\u00edcio da noite desta sexta-feira (07), na SP-294, Rodovia Comandante Jo\u00e3o Ribeiro de Barros. Segundo informa\u00e7\u00f5es da Pol\u00edcia Rodovi\u00e1ria, base operacional de Adamantina, no local conhecido como Jangad\u00e3o, um ve\u00edculo Toyota Corola, de Osvaldo Cruz e um caminh\u00e3o bitrem, n\u00e3o foi informado a origem do mesmo, por motivos a [&hellip;]<\/p>\n","protected":false},"author":1,"featured_media":47377,"comment_status":"closed","ping_status":"open","sticky":false,"template":"","format":"standard","meta":{"footnotes":""},"categories":[170,110],"tags":[],"class_list":["post-47376","post","type-post","status-publish","format-standard","has-post-thumbnail","hentry","category-acidentes","category-noticiasdestaque"],"_links":{"self":[{"href":"https:\/\/jorgezanoni.com.br\/2019\/wp-json\/wp\/v2\/posts\/47376","targetHints":{"allow":["GET"]}}],"collection":[{"href":"https:\/\/jorgezanoni.com.br\/2019\/wp-json\/wp\/v2\/posts"}],"about":[{"href":"https:\/\/jorgezanoni.com.br\/2019\/wp-json\/wp\/v2\/types\/post"}],"author":[{"embeddable":true,"href":"https:\/\/jorgezanoni.com.br\/2019\/wp-json\/wp\/v2\/users\/1"}],"replies":[{"embeddable":true,"href":"https:\/\/jorgezanoni.com.br\/2019\/wp-json\/wp\/v2\/comments?post=47376"}],"version-history":[{"count":0,"href":"https:\/\/jorgezanoni.com.br\/2019\/wp-json\/wp\/v2\/posts\/47376\/revisions"}],"wp:featuredmedia":[{"embeddable":true,"href":"https:\/\/jorgezanoni.com.br\/2019\/wp-json\/wp\/v2\/media\/47377"}],"wp:attachment":[{"href":"https:\/\/jorgezanoni.com.br\/2019\/wp-json\/wp\/v2\/media?parent=47376"}],"wp:term":[{"taxonomy":"category","embeddable":true,"href":"https:\/\/jorgezanoni.com.br\/2019\/wp-json\/wp\/v2\/categories?post=47376"},{"taxonomy":"post_tag","embeddable":true,"href":"https:\/\/jorgezanoni.com.br\/2019\/wp-json\/wp\/v2\/tags?post=47376"}],"curies":[{"name":"wp","href":"https:\/\/api.w.org\/{rel}","templated":true}]}}