{"id":47372,"date":"2021-05-08T00:12:57","date_gmt":"2021-05-08T00:12:57","guid":{"rendered":"https:\/\/jorgezanoni.com.br\/2019\/?p=47372"},"modified":"2021-05-08T00:12:57","modified_gmt":"2021-05-08T00:12:57","slug":"o-bullying-por-cidinha-pascoaloto","status":"publish","type":"post","link":"https:\/\/jorgezanoni.com.br\/2019\/o-bullying-por-cidinha-pascoaloto\/","title":{"rendered":"O\u00a0bullying  (por Cidinha Pascoaloto)"},"content":{"rendered":"<p style=\"text-align: justify;\"><em>\u00a0<\/em>Corresponde \u00e0 pr\u00e1tica de\u00a0atos de viol\u00eancia f\u00edsica ou psicol\u00f3gica, intencionais e repetidos, cometidos por um ou mais agressores contra uma determinada v\u00edtima.<\/p>\n<p style=\"text-align: justify;\">O Bullying pode ocorrer em qualquer ambiente onde existe o contato interpessoal, nos clubes, nas igrejas, escolas ou na fam\u00edlia.<\/p>\n<p style=\"text-align: justify;\">Os mais comuns acontecem nas escolas. Conflitos entre crian\u00e7as e adolescentes acontecem com mais frequ\u00eancia pois trata-se de uma fase de inseguran\u00e7a e autoafirma\u00e7\u00e3o. Por\u00e9m, quando os desentendimentos s\u00e3o frequentes e partem para humilha\u00e7\u00f5es, esses atos s\u00e3o considerados bullying.<\/p>\n<p style=\"text-align: justify;\">Nas escolas, as agress\u00f5es geralmente s\u00e3o praticadas longe das autoridades. Ocorrem normalmente na entrada ou sa\u00edda do pr\u00e9dio, ou ainda quando os professores n\u00e3o est\u00e3o por perto.<\/p>\n<p style=\"text-align: justify;\">Podem tamb\u00e9m acontecer de forma silenciosa, na sala de aula, na presen\u00e7a do professor, com gestos, bilhetes etc. As agress\u00f5es f\u00edsicas s\u00e3o mais dif\u00edceis de serem escondidas e muitas vezes levam a fam\u00edlia a transferir a v\u00edtima para outra escola.<\/p>\n<p style=\"text-align: justify;\">O agressor em geral, tem uma mente perversa e \u00e0s vezes doentia. Ele \u00e9 consciente de seus atos e tem certeza de que suas v\u00edtimas n\u00e3o gostam de suas atitudes, mas agride como forma de se destacar entre seu grupo. Os agressores pensam que ser\u00e3o mais populares e sentem o poder com esses atos.<\/p>\n<p style=\"text-align: justify;\">Sempre buscam v\u00edtimas que normalmente tem um diferencial da maioria. Ex: novatos, t\u00edmidos, alguma diferen\u00e7a f\u00edsica, uso de \u00f3culos e melhores notas. \u00a0Geralmente, as v\u00edtimas do bullying t\u00eam vergonha e medo de falar para a fam\u00edlia sobre as agress\u00f5es que est\u00e3o sofrendo.<\/p>\n<p style=\"text-align: justify;\">As v\u00edtimas de agress\u00e3o f\u00edsica ou verbal ficam marcadas para toda a vida. Em alguns casos, a ajuda psicol\u00f3gica \u00e9 fundamental para amenizar a dif\u00edcil conviv\u00eancia com mem\u00f3rias t\u00e3o dolorosas.<\/p>\n<p style=\"text-align: justify;\">\u00a0Cabem aos pais e familiares notarem os sintomas das crian\u00e7as e\/ou adolescentes, se perceber alguma diferen\u00e7a no comportamento, \u00e9 importante contactar os respons\u00e1veis da escola e ainda ter uma conversa franca com a pessoa que foi agredida.<\/p>\n<p style=\"text-align: justify;\">A\u00e7\u00f5es como esta, podem evitar constrangimentos futuros, ou mesmo trag\u00e9dias, como o suic\u00eddio da v\u00edtima.<\/p>\n<p><img loading=\"lazy\" decoding=\"async\" class=\"alignnone size-full wp-image-47373\" src=\"https:\/\/jorgezanoni.com.br\/2019\/wp-content\/uploads\/2021\/05\/Cidinha-1-2.jpg\" alt=\"\" width=\"612\" height=\"1136\" srcset=\"https:\/\/jorgezanoni.com.br\/2019\/wp-content\/uploads\/2021\/05\/Cidinha-1-2.jpg 612w, https:\/\/jorgezanoni.com.br\/2019\/wp-content\/uploads\/2021\/05\/Cidinha-1-2-162x300.jpg 162w, https:\/\/jorgezanoni.com.br\/2019\/wp-content\/uploads\/2021\/05\/Cidinha-1-2-552x1024.jpg 552w, https:\/\/jorgezanoni.com.br\/2019\/wp-content\/uploads\/2021\/05\/Cidinha-1-2-226x420.jpg 226w\" sizes=\"auto, (max-width: 612px) 100vw, 612px\" \/><\/p>\n<p>Cidinha Pascoaloto \u2013 Psic\u00f3loga -CRP 06\/158174 Terapia Cognitivo Comportamental (TCC) com foco no Luto e na Dor Atendimento on-line, contato: (18) 99725-6418<\/p>\n<p>&nbsp;<\/p>\n","protected":false},"excerpt":{"rendered":"<p>\u00a0Corresponde \u00e0 pr\u00e1tica de\u00a0atos de viol\u00eancia f\u00edsica ou psicol\u00f3gica, intencionais e repetidos, cometidos por um ou mais agressores contra uma determinada v\u00edtima. O Bullying pode ocorrer em qualquer ambiente onde existe o contato interpessoal, nos clubes, nas igrejas, escolas ou na fam\u00edlia. Os mais comuns acontecem nas escolas. Conflitos entre crian\u00e7as e adolescentes acontecem com [&hellip;]<\/p>\n","protected":false},"author":1,"featured_media":47374,"comment_status":"closed","ping_status":"open","sticky":false,"template":"","format":"standard","meta":{"footnotes":""},"categories":[175],"tags":[],"class_list":["post-47372","post","type-post","status-publish","format-standard","has-post-thumbnail","hentry","category-artigos"],"_links":{"self":[{"href":"https:\/\/jorgezanoni.com.br\/2019\/wp-json\/wp\/v2\/posts\/47372","targetHints":{"allow":["GET"]}}],"collection":[{"href":"https:\/\/jorgezanoni.com.br\/2019\/wp-json\/wp\/v2\/posts"}],"about":[{"href":"https:\/\/jorgezanoni.com.br\/2019\/wp-json\/wp\/v2\/types\/post"}],"author":[{"embeddable":true,"href":"https:\/\/jorgezanoni.com.br\/2019\/wp-json\/wp\/v2\/users\/1"}],"replies":[{"embeddable":true,"href":"https:\/\/jorgezanoni.com.br\/2019\/wp-json\/wp\/v2\/comments?post=47372"}],"version-history":[{"count":0,"href":"https:\/\/jorgezanoni.com.br\/2019\/wp-json\/wp\/v2\/posts\/47372\/revisions"}],"wp:featuredmedia":[{"embeddable":true,"href":"https:\/\/jorgezanoni.com.br\/2019\/wp-json\/wp\/v2\/media\/47374"}],"wp:attachment":[{"href":"https:\/\/jorgezanoni.com.br\/2019\/wp-json\/wp\/v2\/media?parent=47372"}],"wp:term":[{"taxonomy":"category","embeddable":true,"href":"https:\/\/jorgezanoni.com.br\/2019\/wp-json\/wp\/v2\/categories?post=47372"},{"taxonomy":"post_tag","embeddable":true,"href":"https:\/\/jorgezanoni.com.br\/2019\/wp-json\/wp\/v2\/tags?post=47372"}],"curies":[{"name":"wp","href":"https:\/\/api.w.org\/{rel}","templated":true}]}}