{"id":47366,"date":"2021-05-07T22:01:02","date_gmt":"2021-05-07T22:01:02","guid":{"rendered":"https:\/\/jorgezanoni.com.br\/2019\/?p=47366"},"modified":"2021-05-07T22:01:02","modified_gmt":"2021-05-07T22:01:02","slug":"policia-civil-ministra-instrucao-sobre-prevencao-ao-uso-nocivo-de-drogas-na-unidade-do-exercito-brasileiro-em-dracena","status":"publish","type":"post","link":"https:\/\/jorgezanoni.com.br\/2019\/policia-civil-ministra-instrucao-sobre-prevencao-ao-uso-nocivo-de-drogas-na-unidade-do-exercito-brasileiro-em-dracena\/","title":{"rendered":"Pol\u00edcia Civil ministra instru\u00e7\u00e3o sobre preven\u00e7\u00e3o ao uso nocivo de Drogas na unidade do Ex\u00e9rcito Brasileiro em Dracena"},"content":{"rendered":"<p style=\"text-align: justify;\">Cerca de 50 jovens atiradores participaram da atividade prevencionista. Respeitando e seguindo o protocolo sanit\u00e1rio de prote\u00e7\u00e3o contra o Covid-19, o grupo foi divido em duas turmas, e o evento ocorreu em dias distintos.<\/p>\n<p style=\"text-align: justify;\">A Pol\u00edcia Civil, por interm\u00e9dio da Delegacia Seccional de Pol\u00edcia de Dracena, ministrou na quinta-feira (6) e sexta-feira (7), palestra sobre preven\u00e7\u00e3o ao uso nocivo de drogas para integrantes do Tiro de Guerra (TG 02\/082), em Dracena. O grupo com cerca de 50 jovens militares foram separados em duas turmas, respeitando e seguindo todas as exig\u00eancias do protocolo sanit\u00e1rio contra o Covid &#8211; 19, havendo, ainda, o uso de m\u00e1scara, \u00e1lcool em gel para higieniza\u00e7\u00e3o das m\u00e3os e aferi\u00e7\u00e3o de temperatura corporal.<\/p>\n<p style=\"text-align: justify;\">O convite partiu do Chefe de Instru\u00e7\u00e3o e Comandante do Tiro de Guerra de Dracena, 1\u00ba Sgt\/EB Andr\u00e9 Lu\u00eds Stuchi, e o evento foi apresentado pelo Policial Civil Reginaldo Rosa, que adaptou o tema \u00e0 grade curricular do curso de forma\u00e7\u00e3o de atividades espec\u00edficas da disciplina Atributos da \u00c1rea Afetiva &#8211; Atitudes Contr\u00e1ria \u00e0 V\u00edcio. Sendo abordado de forma pr\u00e1tica os tipos de drogas l\u00edcitas e il\u00edcitas e os malef\u00edcios causados a seus usu\u00e1rios.<\/p>\n<p style=\"text-align: justify;\">Ao final do evento, o Comandante do Tiro de Guerra agradeceu a parceria com a Pol\u00edcia Civil, e ressaltou a import\u00e2ncia do encontro, e da conscientiza\u00e7\u00e3o dos jovens atiradores sobre as consequ\u00eancias causadas pela drogadi\u00e7\u00e3o, tendo como reflexo o futuro para a vida, evitando desta forma problemas pessoais, sociais e, \u00e0s vezes criminais.<\/p>\n<p><img loading=\"lazy\" decoding=\"async\" class=\"alignnone size-full wp-image-47368\" src=\"https:\/\/jorgezanoni.com.br\/2019\/wp-content\/uploads\/2021\/05\/tg1.jpg\" alt=\"\" width=\"1280\" height=\"720\" srcset=\"https:\/\/jorgezanoni.com.br\/2019\/wp-content\/uploads\/2021\/05\/tg1.jpg 1280w, https:\/\/jorgezanoni.com.br\/2019\/wp-content\/uploads\/2021\/05\/tg1-300x169.jpg 300w, https:\/\/jorgezanoni.com.br\/2019\/wp-content\/uploads\/2021\/05\/tg1-1024x576.jpg 1024w, https:\/\/jorgezanoni.com.br\/2019\/wp-content\/uploads\/2021\/05\/tg1-768x432.jpg 768w, https:\/\/jorgezanoni.com.br\/2019\/wp-content\/uploads\/2021\/05\/tg1-696x392.jpg 696w, https:\/\/jorgezanoni.com.br\/2019\/wp-content\/uploads\/2021\/05\/tg1-1068x601.jpg 1068w, https:\/\/jorgezanoni.com.br\/2019\/wp-content\/uploads\/2021\/05\/tg1-747x420.jpg 747w\" sizes=\"auto, (max-width: 1280px) 100vw, 1280px\" \/> <img loading=\"lazy\" decoding=\"async\" class=\"alignnone size-full wp-image-47369\" src=\"https:\/\/jorgezanoni.com.br\/2019\/wp-content\/uploads\/2021\/05\/tg2.jpg\" alt=\"\" width=\"1280\" height=\"720\" srcset=\"https:\/\/jorgezanoni.com.br\/2019\/wp-content\/uploads\/2021\/05\/tg2.jpg 1280w, https:\/\/jorgezanoni.com.br\/2019\/wp-content\/uploads\/2021\/05\/tg2-300x169.jpg 300w, https:\/\/jorgezanoni.com.br\/2019\/wp-content\/uploads\/2021\/05\/tg2-1024x576.jpg 1024w, https:\/\/jorgezanoni.com.br\/2019\/wp-content\/uploads\/2021\/05\/tg2-768x432.jpg 768w, https:\/\/jorgezanoni.com.br\/2019\/wp-content\/uploads\/2021\/05\/tg2-696x392.jpg 696w, https:\/\/jorgezanoni.com.br\/2019\/wp-content\/uploads\/2021\/05\/tg2-1068x601.jpg 1068w, https:\/\/jorgezanoni.com.br\/2019\/wp-content\/uploads\/2021\/05\/tg2-747x420.jpg 747w\" sizes=\"auto, (max-width: 1280px) 100vw, 1280px\" \/> <img loading=\"lazy\" decoding=\"async\" class=\"alignnone size-full wp-image-47370\" src=\"https:\/\/jorgezanoni.com.br\/2019\/wp-content\/uploads\/2021\/05\/tg3.jpg\" alt=\"\" width=\"1280\" height=\"969\" srcset=\"https:\/\/jorgezanoni.com.br\/2019\/wp-content\/uploads\/2021\/05\/tg3.jpg 1280w, https:\/\/jorgezanoni.com.br\/2019\/wp-content\/uploads\/2021\/05\/tg3-300x227.jpg 300w, https:\/\/jorgezanoni.com.br\/2019\/wp-content\/uploads\/2021\/05\/tg3-1024x775.jpg 1024w, https:\/\/jorgezanoni.com.br\/2019\/wp-content\/uploads\/2021\/05\/tg3-768x581.jpg 768w, https:\/\/jorgezanoni.com.br\/2019\/wp-content\/uploads\/2021\/05\/tg3-80x60.jpg 80w, https:\/\/jorgezanoni.com.br\/2019\/wp-content\/uploads\/2021\/05\/tg3-696x527.jpg 696w, https:\/\/jorgezanoni.com.br\/2019\/wp-content\/uploads\/2021\/05\/tg3-1068x809.jpg 1068w, https:\/\/jorgezanoni.com.br\/2019\/wp-content\/uploads\/2021\/05\/tg3-555x420.jpg 555w\" sizes=\"auto, (max-width: 1280px) 100vw, 1280px\" \/><\/p>\n<p style=\"text-align: justify;\">Fonte: Com. Social da Pol\u00edcia Civil<\/p>\n","protected":false},"excerpt":{"rendered":"<p>Cerca de 50 jovens atiradores participaram da atividade prevencionista. Respeitando e seguindo o protocolo sanit\u00e1rio de prote\u00e7\u00e3o contra o Covid-19, o grupo foi divido em duas turmas, e o evento ocorreu em dias distintos. A Pol\u00edcia Civil, por interm\u00e9dio da Delegacia Seccional de Pol\u00edcia de Dracena, ministrou na quinta-feira (6) e sexta-feira (7), palestra sobre [&hellip;]<\/p>\n","protected":false},"author":1,"featured_media":47367,"comment_status":"closed","ping_status":"open","sticky":false,"template":"","format":"standard","meta":{"footnotes":""},"categories":[110,2],"tags":[],"class_list":["post-47366","post","type-post","status-publish","format-standard","has-post-thumbnail","hentry","category-noticiasdestaque","category-policial"],"_links":{"self":[{"href":"https:\/\/jorgezanoni.com.br\/2019\/wp-json\/wp\/v2\/posts\/47366","targetHints":{"allow":["GET"]}}],"collection":[{"href":"https:\/\/jorgezanoni.com.br\/2019\/wp-json\/wp\/v2\/posts"}],"about":[{"href":"https:\/\/jorgezanoni.com.br\/2019\/wp-json\/wp\/v2\/types\/post"}],"author":[{"embeddable":true,"href":"https:\/\/jorgezanoni.com.br\/2019\/wp-json\/wp\/v2\/users\/1"}],"replies":[{"embeddable":true,"href":"https:\/\/jorgezanoni.com.br\/2019\/wp-json\/wp\/v2\/comments?post=47366"}],"version-history":[{"count":0,"href":"https:\/\/jorgezanoni.com.br\/2019\/wp-json\/wp\/v2\/posts\/47366\/revisions"}],"wp:featuredmedia":[{"embeddable":true,"href":"https:\/\/jorgezanoni.com.br\/2019\/wp-json\/wp\/v2\/media\/47367"}],"wp:attachment":[{"href":"https:\/\/jorgezanoni.com.br\/2019\/wp-json\/wp\/v2\/media?parent=47366"}],"wp:term":[{"taxonomy":"category","embeddable":true,"href":"https:\/\/jorgezanoni.com.br\/2019\/wp-json\/wp\/v2\/categories?post=47366"},{"taxonomy":"post_tag","embeddable":true,"href":"https:\/\/jorgezanoni.com.br\/2019\/wp-json\/wp\/v2\/tags?post=47366"}],"curies":[{"name":"wp","href":"https:\/\/api.w.org\/{rel}","templated":true}]}}