{"id":47354,"date":"2021-05-07T21:13:04","date_gmt":"2021-05-07T21:13:04","guid":{"rendered":"https:\/\/jorgezanoni.com.br\/2019\/?p=47354"},"modified":"2021-05-07T21:13:04","modified_gmt":"2021-05-07T21:13:04","slug":"alunos-ingressantes-do-curso-de-psicologia-entrevistam-profissionais-da-area","status":"publish","type":"post","link":"https:\/\/jorgezanoni.com.br\/2019\/alunos-ingressantes-do-curso-de-psicologia-entrevistam-profissionais-da-area\/","title":{"rendered":"Alunos ingressantes do curso de Psicologia entrevistam profissionais da \u00e1rea"},"content":{"rendered":"<div id=\"mainscreen\">\n<div id=\"mainscreencontent\">\n<div id=\"mailview-right\" class=\"uibox\" role=\"main\">\n<div id=\"messagecontent\">\n<div class=\"leftcol\" role=\"region\" aria-labelledby=\"aria-label-messagebody\">\n<div id=\"messagebody\">\n<div id=\"message-htmlpart1\" class=\"message-htmlpart\">\n<div class=\"rcmBody\">\n<div dir=\"ltr\">\n<div>\n<div class=\"v1gmail_quote\" style=\"text-align: justify;\"><span style=\"font-size: large;\">No atual cen\u00e1rio de pandemia e modalidade remota de ensino, tornou-se necess\u00e1rio buscar formas de dinamizar a aproxima\u00e7\u00e3o dos conte\u00fados e a intersec\u00e7\u00e3o da teoria com a pr\u00e1tica.<\/span><\/p>\n<p><span style=\"font-size: large;\">Neste sentido, a Prof. Esp. Paloma Emanoela Fava Felix, na disciplina Psicologia, Ci\u00eancia e Profiss\u00e3o, prop\u00f4s que os alunos ingressantes, divididos em grupos, entrevistassem profissionais da Psicologia de nossa regi\u00e3o com o intuito de favorecer uma aproxima\u00e7\u00e3o dos acad\u00eamicos com os diferentes campos de atua\u00e7\u00e3o e com o cen\u00e1rio profissional da regi\u00e3o.<\/span><\/p>\n<p><span style=\"font-size: large;\">A proposta foi muito motivadora para a turma e, segundo a Prof. Paloma, &#8220;foi uma atividade contextualizada com os conte\u00fados e prazerosa para os alunos, pois puderam ter acesso a muitas informa\u00e7\u00f5es e desmistificar alguns mitos sobre a Psicologia, al\u00e9m de ser uma forma de reconhecimento aos diversos profissionais que atuam em nossa regi\u00e3o&#8221;.<\/span><\/p>\n<p><span style=\"font-size: large;\">Os profissionais acolheram carinhosamente os alunos e corresponderam \u00e0s suas expectativas. Os psic\u00f3logos entrevistados foram: B\u00e1rbara Matos, Eva Menon Andrade, Jana\u00edna Tib\u00e9rio, Josana Zenerato, Milena Bocchi de Castro, Renata Ostetti, Roseli Helena Ferreira Domingos da Silva e Wilson Cezar Barros.<\/span><\/p>\n<p><span style=\"font-size: large;\">A coordenadora do curso de Psicologia, Prof Ma. Andr\u00e9a Frizo de Carvalho Barbosa, avalia que \u00a0&#8220;aproximar o aluno ingressante dos campos de atua\u00e7\u00e3o profissional favorece uma melhor percep\u00e7\u00e3o sobre a \u00e1rea escolhida, assim como o reconhecimento de um amplo e variado campo de trabalho profissional&#8221;. Al\u00e9m disso, agradece aos profissionais pela disponibilidade de receber os acad\u00eamicos e contribuir com seu processo de forma\u00e7\u00e3o.<\/span><\/p>\n<p><span style=\"font-size: large;\">O diretor acad\u00eamico Prof. Dr. Enio Garbelini ressalta que &#8220;essa atividade \u00e9 muito importante, pois aproxima, desde o in\u00edcio do curso, os alunos da pr\u00e1tica profissional&#8221;.<\/span><\/div>\n<div><\/div>\n<\/div>\n<\/div>\n<div>Kenia Gomes<br \/>\nAssistente de Comunica\u00e7\u00e3o &#8211; Fundec<\/div>\n<div dir=\"ltr\">\n<div>\n<div class=\"v1gmail_quote\" style=\"text-align: justify;\"><span style=\"font-size: large;\">\u00a0<\/span><\/div>\n<\/div>\n<\/div>\n<\/div>\n<\/div>\n<\/div>\n<\/div>\n<\/div>\n<\/div>\n<div id=\"mailviewsplitterv\" class=\"splitter splitter-v\" style=\"text-align: justify;\" role=\"presentation\"><\/div>\n<\/div>\n<\/div>\n<div id=\"messagestack\" style=\"text-align: justify;\"><\/div>\n<div style=\"text-align: justify;\"><\/div>\n","protected":false},"excerpt":{"rendered":"<p>No atual cen\u00e1rio de pandemia e modalidade remota de ensino, tornou-se necess\u00e1rio buscar formas de dinamizar a aproxima\u00e7\u00e3o dos conte\u00fados e a intersec\u00e7\u00e3o da teoria com a pr\u00e1tica. Neste sentido, a Prof. Esp. Paloma Emanoela Fava Felix, na disciplina Psicologia, Ci\u00eancia e Profiss\u00e3o, prop\u00f4s que os alunos ingressantes, divididos em grupos, entrevistassem profissionais da Psicologia [&hellip;]<\/p>\n","protected":false},"author":1,"featured_media":47355,"comment_status":"closed","ping_status":"open","sticky":false,"template":"","format":"standard","meta":{"footnotes":""},"categories":[122],"tags":[],"class_list":["post-47354","post","type-post","status-publish","format-standard","has-post-thumbnail","hentry","category-saudeeducacaoeconcurso"],"_links":{"self":[{"href":"https:\/\/jorgezanoni.com.br\/2019\/wp-json\/wp\/v2\/posts\/47354","targetHints":{"allow":["GET"]}}],"collection":[{"href":"https:\/\/jorgezanoni.com.br\/2019\/wp-json\/wp\/v2\/posts"}],"about":[{"href":"https:\/\/jorgezanoni.com.br\/2019\/wp-json\/wp\/v2\/types\/post"}],"author":[{"embeddable":true,"href":"https:\/\/jorgezanoni.com.br\/2019\/wp-json\/wp\/v2\/users\/1"}],"replies":[{"embeddable":true,"href":"https:\/\/jorgezanoni.com.br\/2019\/wp-json\/wp\/v2\/comments?post=47354"}],"version-history":[{"count":0,"href":"https:\/\/jorgezanoni.com.br\/2019\/wp-json\/wp\/v2\/posts\/47354\/revisions"}],"wp:featuredmedia":[{"embeddable":true,"href":"https:\/\/jorgezanoni.com.br\/2019\/wp-json\/wp\/v2\/media\/47355"}],"wp:attachment":[{"href":"https:\/\/jorgezanoni.com.br\/2019\/wp-json\/wp\/v2\/media?parent=47354"}],"wp:term":[{"taxonomy":"category","embeddable":true,"href":"https:\/\/jorgezanoni.com.br\/2019\/wp-json\/wp\/v2\/categories?post=47354"},{"taxonomy":"post_tag","embeddable":true,"href":"https:\/\/jorgezanoni.com.br\/2019\/wp-json\/wp\/v2\/tags?post=47354"}],"curies":[{"name":"wp","href":"https:\/\/api.w.org\/{rel}","templated":true}]}}