{"id":47350,"date":"2021-05-07T17:00:17","date_gmt":"2021-05-07T17:00:17","guid":{"rendered":"https:\/\/jorgezanoni.com.br\/2019\/?p=47350"},"modified":"2021-05-07T17:00:17","modified_gmt":"2021-05-07T17:00:17","slug":"palestra-do-seminarios-da-educacao-fisica-alcancou-publico-variado","status":"publish","type":"post","link":"https:\/\/jorgezanoni.com.br\/2019\/palestra-do-seminarios-da-educacao-fisica-alcancou-publico-variado\/","title":{"rendered":"Palestra do Semin\u00e1rios da Educa\u00e7\u00e3o F\u00edsica alcan\u00e7ou p\u00fablico variado"},"content":{"rendered":"<div dir=\"ltr\" style=\"text-align: justify;\"><span style=\"font-size: large;\">Realizada por videoconfer\u00eancia na noite do \u00faltimo dia 28, a segunda palestra do Semin\u00e1rios da Educa\u00e7\u00e3o F\u00edsica teve como palestrante convidado o\u00a0<\/span>Prof. Dr.<span style=\"font-size: large;\">\u00a0\u00cdtalo Ribeiro Lemes. O evento contou com 90 inscritos, de diversas institui\u00e7\u00f5es de ensino, incluindo tamb\u00e9m os profissionais j\u00e1 formados, al\u00e9m de pessoas vindas de \u00e1reas distintas.<\/span><\/p>\n<p><span style=\"font-size: large;\">&#8220;O objetivo foi alcan\u00e7ado para esse segundo encontro do ciclo de palestras&#8221;, relatou a\u00a0<\/span>Profa. Dra.<span style=\"font-size: large;\">\u00a0Denise Rodrigues Bueno, coordenadora do curso de Educa\u00e7\u00e3o F\u00edsica da Unifadra, que est\u00e1 desenvolvendo as atividades.<\/span><\/p>\n<p><span style=\"font-size: large;\">O\u00a0<\/span>Prof. Dr.<span style=\"font-size: large;\">\u00a0\u00cdtalo falou sobre as evid\u00eancias cient\u00edficas da rela\u00e7\u00e3o entre atividade f\u00edsica e sa\u00fade e ressaltou a relev\u00e2ncia do tema na atualidade, pontuando conceitos, falando sobre a quantidade de passos por dia para a melhora da sa\u00fade e da qualidade de vida, com embasamento em estudos recentes &#8211; apresentados de forma bastante acess\u00edvel para os participantes da comunidade.<\/span><\/p>\n<p><span style=\"font-size: large;\">Quem perdeu a palestra ainda pode assistir ao evento em:\u00a0<a href=\"https:\/\/youtu.be\/22c5V5Pfx8o\" target=\"_blank\" rel=\"noopener noreferrer\">https:\/\/youtu.be\/22c5V5Pfx8o<\/a>\u00a0.<\/span><\/div>\n<div dir=\"ltr\" style=\"text-align: justify;\"><span style=\"font-size: large;\"><br \/>\nO diretor acad\u00eamico da Unifadra,\u00a0<\/span>Prof. Dr.<span style=\"font-size: large;\">\u00a0Enio Garbelini, ressaltou a relev\u00e2ncia e a import\u00e2ncia de abordar esses temas com a comunidade e parabenizou o professor pela palestra.<\/span><\/p>\n<p><span style=\"font-size: large;\"><b>Semin\u00e1rios Educa\u00e7\u00e3o F\u00edsica &#8211; pr\u00f3ximas palestras<\/b><\/span><\/div>\n<div dir=\"ltr\" style=\"text-align: justify;\"><span style=\"font-size: large;\"><br \/>\nRealizado pelo curso de Educa\u00e7\u00e3o F\u00edsica da Unifadra\/Fundec de Dracena, o Semin\u00e1rios da Educa\u00e7\u00e3o F\u00edsica \u00e9 um evento gratuito e aberto a alunos, profissionais e \u00e0 comunidade externa. As palestras s\u00e3o transmitidas via Google Meet e Youtube, com emiss\u00e3o de certificado.<\/span><\/p>\n<p><span style=\"font-size: large;\">Siga nossas atividades e fique de olho nas pr\u00f3ximas inscri\u00e7\u00f5es, que ser\u00e3o divulgadas em breve:\u00a0<a href=\"https:\/\/www.facebook.com\/Unifadra\/\" target=\"_blank\" rel=\"noopener noreferrer\">https:\/\/www.facebook.com\/Unifadra\/<\/a>\u00a0.<\/span><\/p>\n<p><span style=\"font-size: large;\"><b>Dia 19\/05, \u00e0s 20h<\/b>, o\u00a0<\/span>Prof. Dr.<span style=\"font-size: large;\">\u00a0R\u00f4mulo Ara\u00fajo Fernandes, docente do curso Educa\u00e7\u00e3o F\u00edsica da Unesp de Presidente Prudente, falar\u00e1 sobre &#8220;Atividade f\u00edsica e esporte na inf\u00e2ncia e adolesc\u00eancia&#8221;.<\/span><\/p>\n<p><span style=\"font-size: large;\"><b>Dia 10\/06, \u00e0s 20h<\/b>, o Prof. Esp. Rubens\u00a0<\/span>Rolllo<span style=\"font-size: large;\">\u00a0Cavalin, docente da Unifadra, abordar\u00e1 o tema\u00a0<\/span>&#8220;Alcan\u00e7ando<span style=\"font-size: large;\">\u00a0o sucesso em sua carreira&#8221;.<\/span><\/div>\n<div dir=\"ltr\"><\/div>\n<div dir=\"ltr\"><img loading=\"lazy\" decoding=\"async\" class=\"alignnone size-full wp-image-47352\" src=\"https:\/\/jorgezanoni.com.br\/2019\/wp-content\/uploads\/2021\/05\/fu1.png\" alt=\"\" width=\"240\" height=\"240\" srcset=\"https:\/\/jorgezanoni.com.br\/2019\/wp-content\/uploads\/2021\/05\/fu1.png 240w, https:\/\/jorgezanoni.com.br\/2019\/wp-content\/uploads\/2021\/05\/fu1-150x150.png 150w\" sizes=\"auto, (max-width: 240px) 100vw, 240px\" \/><\/div>\n<div dir=\"ltr\"><\/div>\n<div dir=\"ltr\">Kenia Gomes<br \/>\nAssistente de Comunica\u00e7\u00e3o &#8211; Fundec<\/div>\n","protected":false},"excerpt":{"rendered":"<p>Realizada por videoconfer\u00eancia na noite do \u00faltimo dia 28, a segunda palestra do Semin\u00e1rios da Educa\u00e7\u00e3o F\u00edsica teve como palestrante convidado o\u00a0Prof. Dr.\u00a0\u00cdtalo Ribeiro Lemes. O evento contou com 90 inscritos, de diversas institui\u00e7\u00f5es de ensino, incluindo tamb\u00e9m os profissionais j\u00e1 formados, al\u00e9m de pessoas vindas de \u00e1reas distintas. &#8220;O objetivo foi alcan\u00e7ado para esse [&hellip;]<\/p>\n","protected":false},"author":1,"featured_media":47351,"comment_status":"closed","ping_status":"open","sticky":false,"template":"","format":"standard","meta":{"footnotes":""},"categories":[122],"tags":[],"class_list":["post-47350","post","type-post","status-publish","format-standard","has-post-thumbnail","hentry","category-saudeeducacaoeconcurso"],"_links":{"self":[{"href":"https:\/\/jorgezanoni.com.br\/2019\/wp-json\/wp\/v2\/posts\/47350","targetHints":{"allow":["GET"]}}],"collection":[{"href":"https:\/\/jorgezanoni.com.br\/2019\/wp-json\/wp\/v2\/posts"}],"about":[{"href":"https:\/\/jorgezanoni.com.br\/2019\/wp-json\/wp\/v2\/types\/post"}],"author":[{"embeddable":true,"href":"https:\/\/jorgezanoni.com.br\/2019\/wp-json\/wp\/v2\/users\/1"}],"replies":[{"embeddable":true,"href":"https:\/\/jorgezanoni.com.br\/2019\/wp-json\/wp\/v2\/comments?post=47350"}],"version-history":[{"count":0,"href":"https:\/\/jorgezanoni.com.br\/2019\/wp-json\/wp\/v2\/posts\/47350\/revisions"}],"wp:featuredmedia":[{"embeddable":true,"href":"https:\/\/jorgezanoni.com.br\/2019\/wp-json\/wp\/v2\/media\/47351"}],"wp:attachment":[{"href":"https:\/\/jorgezanoni.com.br\/2019\/wp-json\/wp\/v2\/media?parent=47350"}],"wp:term":[{"taxonomy":"category","embeddable":true,"href":"https:\/\/jorgezanoni.com.br\/2019\/wp-json\/wp\/v2\/categories?post=47350"},{"taxonomy":"post_tag","embeddable":true,"href":"https:\/\/jorgezanoni.com.br\/2019\/wp-json\/wp\/v2\/tags?post=47350"}],"curies":[{"name":"wp","href":"https:\/\/api.w.org\/{rel}","templated":true}]}}