{"id":47341,"date":"2021-05-07T15:09:35","date_gmt":"2021-05-07T15:09:35","guid":{"rendered":"https:\/\/jorgezanoni.com.br\/2019\/?p=47341"},"modified":"2021-05-07T15:27:55","modified_gmt":"2021-05-07T15:27:55","slug":"policia-militar-prende-homem-com-mandado-de-prisao-na-cidade-de-dracena","status":"publish","type":"post","link":"https:\/\/jorgezanoni.com.br\/2019\/policia-militar-prende-homem-com-mandado-de-prisao-na-cidade-de-dracena\/","title":{"rendered":"Pol\u00edcia Militar prende homem com mandado de pris\u00e3o na cidade de Dracena"},"content":{"rendered":"<p style=\"text-align: justify;\">NA DATA DE HOJE (7) POR VOLTA DAS 08H55MIN, NA HERMES DA FONSECA Bairro JARDIM JUSSARA, A EQUIPE DA POL\u00cdCIA MILITAR EM PATRULHAMENTO PELO BAIRRO JARDIM JUSSARA RUA HERMES DA FONSECA FOI VISUALIZADO UM INDIV\u00cdDUO EM ATITUDE SUSPEITA, DE IMEDIATO FOI ABORDADO E NADA DE IL\u00cdCITO FOI ENCONTRADO , POR\u00c9M HAVIA EM SEU DESFAVOR UM MANDADO DE PRIS\u00c3O DA 1 VARA DO FORO DE DRACENA, DATA DO DELITO 20\/06\/2012 ARTIGO 155 COM PENA A SER CUMPRIDA DE 2 ANOS. O INDIV\u00cdDUO DE 32 ANOS, PERMANECEU PRESO FICANDO O MESMO A DISPOSI\u00c7\u00c3O DA JUSTI\u00c7A.<\/p>\n<p>Fonte: Com. Social Pol\u00edcia Civil<\/p>\n","protected":false},"excerpt":{"rendered":"<p>NA DATA DE HOJE (7) POR VOLTA DAS 08H55MIN, NA HERMES DA FONSECA Bairro JARDIM JUSSARA, A EQUIPE DA POL\u00cdCIA MILITAR EM PATRULHAMENTO PELO BAIRRO JARDIM JUSSARA RUA HERMES DA FONSECA FOI VISUALIZADO UM INDIV\u00cdDUO EM ATITUDE SUSPEITA, DE IMEDIATO FOI ABORDADO E NADA DE IL\u00cdCITO FOI ENCONTRADO , POR\u00c9M HAVIA EM SEU DESFAVOR UM [&hellip;]<\/p>\n","protected":false},"author":1,"featured_media":47344,"comment_status":"closed","ping_status":"open","sticky":false,"template":"","format":"standard","meta":{"footnotes":""},"categories":[110,2],"tags":[],"class_list":["post-47341","post","type-post","status-publish","format-standard","has-post-thumbnail","hentry","category-noticiasdestaque","category-policial"],"_links":{"self":[{"href":"https:\/\/jorgezanoni.com.br\/2019\/wp-json\/wp\/v2\/posts\/47341","targetHints":{"allow":["GET"]}}],"collection":[{"href":"https:\/\/jorgezanoni.com.br\/2019\/wp-json\/wp\/v2\/posts"}],"about":[{"href":"https:\/\/jorgezanoni.com.br\/2019\/wp-json\/wp\/v2\/types\/post"}],"author":[{"embeddable":true,"href":"https:\/\/jorgezanoni.com.br\/2019\/wp-json\/wp\/v2\/users\/1"}],"replies":[{"embeddable":true,"href":"https:\/\/jorgezanoni.com.br\/2019\/wp-json\/wp\/v2\/comments?post=47341"}],"version-history":[{"count":0,"href":"https:\/\/jorgezanoni.com.br\/2019\/wp-json\/wp\/v2\/posts\/47341\/revisions"}],"wp:featuredmedia":[{"embeddable":true,"href":"https:\/\/jorgezanoni.com.br\/2019\/wp-json\/wp\/v2\/media\/47344"}],"wp:attachment":[{"href":"https:\/\/jorgezanoni.com.br\/2019\/wp-json\/wp\/v2\/media?parent=47341"}],"wp:term":[{"taxonomy":"category","embeddable":true,"href":"https:\/\/jorgezanoni.com.br\/2019\/wp-json\/wp\/v2\/categories?post=47341"},{"taxonomy":"post_tag","embeddable":true,"href":"https:\/\/jorgezanoni.com.br\/2019\/wp-json\/wp\/v2\/tags?post=47341"}],"curies":[{"name":"wp","href":"https:\/\/api.w.org\/{rel}","templated":true}]}}