{"id":47320,"date":"2021-05-06T23:49:00","date_gmt":"2021-05-06T23:49:00","guid":{"rendered":"https:\/\/jorgezanoni.com.br\/2019\/?p=47320"},"modified":"2021-05-06T23:49:59","modified_gmt":"2021-05-06T23:49:59","slug":"boletim-atualizado-da-covid-19-da-secretaria-municipal-de-saude-de-dracena-16","status":"publish","type":"post","link":"https:\/\/jorgezanoni.com.br\/2019\/boletim-atualizado-da-covid-19-da-secretaria-municipal-de-saude-de-dracena-16\/","title":{"rendered":"Boletim atualizado da COVID-19 da Secretaria Municipal de Sa\u00fade de Dracena 06\/05\/21"},"content":{"rendered":"<div class=\"kvgmc6g5 cxmmr5t8 oygrvhab hcukyx3x c1et5uql ii04i59q\">\n<div dir=\"auto\">BOLETIM COVID<\/div>\n<div dir=\"auto\">Quinta feira, 6\/05<\/div>\n<\/div>\n<div class=\"o9v6fnle cxmmr5t8 oygrvhab hcukyx3x c1et5uql ii04i59q\">\n<div dir=\"auto\">Suspeitos: 9<\/div>\n<div dir=\"auto\">Suspeitos domiciliar: 8<\/div>\n<div dir=\"auto\">Suspeitos hospitalar: 1<\/div>\n<\/div>\n<div class=\"o9v6fnle cxmmr5t8 oygrvhab hcukyx3x c1et5uql ii04i59q\">\n<div dir=\"auto\">Confirmados: 4.361<\/div>\n<div dir=\"auto\">Curados: 4.095<\/div>\n<div dir=\"auto\">Isolamento domiciliar: 57<\/div>\n<div dir=\"auto\">Tratamento hospitalar: 12<\/div>\n<div dir=\"auto\">\u00d3bitos: 197<\/div>\n<\/div>\n<div class=\"o9v6fnle cxmmr5t8 oygrvhab hcukyx3x c1et5uql ii04i59q\">\n<div dir=\"auto\"><span class=\"pq6dq46d tbxw36s4 knj5qynh kvgmc6g5 ditlmg2l oygrvhab nvdbi5me sf5mxxl7 gl3lb2sf hhz5lgdu\"><img loading=\"lazy\" decoding=\"async\" src=\"https:\/\/static.xx.fbcdn.net\/images\/emoji.php\/v9\/t9b\/1\/16\/1f6d1.png\" alt=\"\ud83d\uded1\" width=\"16\" height=\"16\" \/><\/span> ALERTA <span class=\"pq6dq46d tbxw36s4 knj5qynh kvgmc6g5 ditlmg2l oygrvhab nvdbi5me sf5mxxl7 gl3lb2sf hhz5lgdu\"><img loading=\"lazy\" decoding=\"async\" src=\"https:\/\/static.xx.fbcdn.net\/images\/emoji.php\/v9\/t9b\/1\/16\/1f6d1.png\" alt=\"\ud83d\uded1\" width=\"16\" height=\"16\" \/><\/span><\/div>\n<div dir=\"auto\">Nas \u00faltimas 24h: 7 novas confirma\u00e7\u00f5es da doen\u00e7a<\/div>\n<div dir=\"auto\">Nas \u00faltimas 24h: 7 pacientes se curaram<\/div>\n<div dir=\"auto\"><\/div>\n<\/div>\n<div dir=\"auto\">Fonte: https:\/\/www.facebook.com\/prefeituradracena<\/div>\n","protected":false},"excerpt":{"rendered":"<p>BOLETIM COVID Quinta feira, 6\/05 Suspeitos: 9 Suspeitos domiciliar: 8 Suspeitos hospitalar: 1 Confirmados: 4.361 Curados: 4.095 Isolamento domiciliar: 57 Tratamento hospitalar: 12 \u00d3bitos: 197 ALERTA Nas \u00faltimas 24h: 7 novas confirma\u00e7\u00f5es da doen\u00e7a Nas \u00faltimas 24h: 7 pacientes se curaram Fonte: https:\/\/www.facebook.com\/prefeituradracena<\/p>\n","protected":false},"author":1,"featured_media":47321,"comment_status":"closed","ping_status":"open","sticky":false,"template":"","format":"standard","meta":{"footnotes":""},"categories":[179,184,110],"tags":[],"class_list":["post-47320","post","type-post","status-publish","format-standard","has-post-thumbnail","hentry","category-cidadeseregiao","category-dracena","category-noticiasdestaque"],"_links":{"self":[{"href":"https:\/\/jorgezanoni.com.br\/2019\/wp-json\/wp\/v2\/posts\/47320","targetHints":{"allow":["GET"]}}],"collection":[{"href":"https:\/\/jorgezanoni.com.br\/2019\/wp-json\/wp\/v2\/posts"}],"about":[{"href":"https:\/\/jorgezanoni.com.br\/2019\/wp-json\/wp\/v2\/types\/post"}],"author":[{"embeddable":true,"href":"https:\/\/jorgezanoni.com.br\/2019\/wp-json\/wp\/v2\/users\/1"}],"replies":[{"embeddable":true,"href":"https:\/\/jorgezanoni.com.br\/2019\/wp-json\/wp\/v2\/comments?post=47320"}],"version-history":[{"count":0,"href":"https:\/\/jorgezanoni.com.br\/2019\/wp-json\/wp\/v2\/posts\/47320\/revisions"}],"wp:featuredmedia":[{"embeddable":true,"href":"https:\/\/jorgezanoni.com.br\/2019\/wp-json\/wp\/v2\/media\/47321"}],"wp:attachment":[{"href":"https:\/\/jorgezanoni.com.br\/2019\/wp-json\/wp\/v2\/media?parent=47320"}],"wp:term":[{"taxonomy":"category","embeddable":true,"href":"https:\/\/jorgezanoni.com.br\/2019\/wp-json\/wp\/v2\/categories?post=47320"},{"taxonomy":"post_tag","embeddable":true,"href":"https:\/\/jorgezanoni.com.br\/2019\/wp-json\/wp\/v2\/tags?post=47320"}],"curies":[{"name":"wp","href":"https:\/\/api.w.org\/{rel}","templated":true}]}}