{"id":47312,"date":"2021-05-06T22:42:53","date_gmt":"2021-05-06T22:42:53","guid":{"rendered":"https:\/\/jorgezanoni.com.br\/2019\/?p=47312"},"modified":"2021-05-06T22:42:53","modified_gmt":"2021-05-06T22:42:53","slug":"policiais-militares-sao-homenageados-com-titulo-de-ocorrencia-destaque","status":"publish","type":"post","link":"https:\/\/jorgezanoni.com.br\/2019\/policiais-militares-sao-homenageados-com-titulo-de-ocorrencia-destaque\/","title":{"rendered":"Policiais Militares s\u00e3o homenageados com t\u00edtulo de ocorr\u00eancia destaque"},"content":{"rendered":"<p style=\"text-align: justify;\">Policiais militares da Primeira Companhia PM de Dracena\/SP, s\u00e3o homenageados com t\u00edtulo de Ocorr\u00eancia de Destaque do 25\u00b0 Batalh\u00e3o de Pol\u00edcia Militar do Interior e tamb\u00e9m do Comando de Policiamento do Interior 8 em Presidente Prudente\/SP. No dia 13 de abril de 2021, ao tomarem conhecimento que durante a madrugada um homem havia ateado fogo em uma resid\u00eancia, envidaram esfor\u00e7os e atrav\u00e9s de dilig\u00eancias incessantes, que continuaram at\u00e9 o dia seguinte, obtiveram \u00eaxito em prender o autor, nesse \u00ednterim conseguiram prender tamb\u00e9m outro autor por tr\u00e1fico de drogas e porte ilegal de arma de fogo.<\/p>\n<p style=\"text-align: justify;\">Fonte: Com. Social Pol\u00edcia Militar<\/p>\n","protected":false},"excerpt":{"rendered":"<p>Policiais militares da Primeira Companhia PM de Dracena\/SP, s\u00e3o homenageados com t\u00edtulo de Ocorr\u00eancia de Destaque do 25\u00b0 Batalh\u00e3o de Pol\u00edcia Militar do Interior e tamb\u00e9m do Comando de Policiamento do Interior 8 em Presidente Prudente\/SP. No dia 13 de abril de 2021, ao tomarem conhecimento que durante a madrugada um homem havia ateado fogo [&hellip;]<\/p>\n","protected":false},"author":1,"featured_media":47313,"comment_status":"closed","ping_status":"open","sticky":false,"template":"","format":"standard","meta":{"footnotes":""},"categories":[110,2],"tags":[],"class_list":["post-47312","post","type-post","status-publish","format-standard","has-post-thumbnail","hentry","category-noticiasdestaque","category-policial"],"_links":{"self":[{"href":"https:\/\/jorgezanoni.com.br\/2019\/wp-json\/wp\/v2\/posts\/47312","targetHints":{"allow":["GET"]}}],"collection":[{"href":"https:\/\/jorgezanoni.com.br\/2019\/wp-json\/wp\/v2\/posts"}],"about":[{"href":"https:\/\/jorgezanoni.com.br\/2019\/wp-json\/wp\/v2\/types\/post"}],"author":[{"embeddable":true,"href":"https:\/\/jorgezanoni.com.br\/2019\/wp-json\/wp\/v2\/users\/1"}],"replies":[{"embeddable":true,"href":"https:\/\/jorgezanoni.com.br\/2019\/wp-json\/wp\/v2\/comments?post=47312"}],"version-history":[{"count":0,"href":"https:\/\/jorgezanoni.com.br\/2019\/wp-json\/wp\/v2\/posts\/47312\/revisions"}],"wp:featuredmedia":[{"embeddable":true,"href":"https:\/\/jorgezanoni.com.br\/2019\/wp-json\/wp\/v2\/media\/47313"}],"wp:attachment":[{"href":"https:\/\/jorgezanoni.com.br\/2019\/wp-json\/wp\/v2\/media?parent=47312"}],"wp:term":[{"taxonomy":"category","embeddable":true,"href":"https:\/\/jorgezanoni.com.br\/2019\/wp-json\/wp\/v2\/categories?post=47312"},{"taxonomy":"post_tag","embeddable":true,"href":"https:\/\/jorgezanoni.com.br\/2019\/wp-json\/wp\/v2\/tags?post=47312"}],"curies":[{"name":"wp","href":"https:\/\/api.w.org\/{rel}","templated":true}]}}