{"id":47282,"date":"2021-05-06T01:47:58","date_gmt":"2021-05-06T01:47:58","guid":{"rendered":"https:\/\/jorgezanoni.com.br\/2019\/?p=47282"},"modified":"2021-05-06T01:47:58","modified_gmt":"2021-05-06T01:47:58","slug":"lancado-o-programa-de-apadrinhamento-afetivo-na-comarca-de-dracena","status":"publish","type":"post","link":"https:\/\/jorgezanoni.com.br\/2019\/lancado-o-programa-de-apadrinhamento-afetivo-na-comarca-de-dracena\/","title":{"rendered":"Lan\u00e7ado o Programa de Apadrinhamento Afetivo na Comarca de Dracena"},"content":{"rendered":"<div class=\"kvgmc6g5 cxmmr5t8 oygrvhab hcukyx3x c1et5uql ii04i59q\">\n<div dir=\"auto\" style=\"text-align: justify;\">A Dr\u00aa Aline Sugahara Bertaco, Ju\u00edza de Direito da 3\u00aa Vara da Comarca de Dracena, elaborou o programa \u201cTrilhas do Afeto\u201d, que foi lan\u00e7ado nesta quarta-feira, atrav\u00e9s de videoconfer\u00eancia.<\/div>\n<\/div>\n<div class=\"o9v6fnle cxmmr5t8 oygrvhab hcukyx3x c1et5uql ii04i59q\" style=\"text-align: justify;\">\n<div dir=\"auto\">O evento contou com a participa\u00e7\u00e3o do Desembargador Coordenador da Inf\u00e2ncia e da Juventude do Tribunal de Justi\u00e7a do Estado de S\u00e3o Paulo, Dr. Reinaldo Cintra Torres de Carvalho. Ainda falaram o promotor Ruy Bodini e Darilene Vialle (Casa do Adolescente) e convidados.<\/div>\n<\/div>\n<div class=\"o9v6fnle cxmmr5t8 oygrvhab hcukyx3x c1et5uql ii04i59q\" style=\"text-align: justify;\">\n<div dir=\"auto\">O apadrinhamento tem por objetivo encontrar pessoas dispostas a estabelecer e proporcionar \u00e0s crian\u00e7as e adolescentes em situa\u00e7\u00e3o de acolhimento, v\u00ednculos externos \u00e0 institui\u00e7\u00e3o, para fins de conviv\u00eancia familiar e comunit\u00e1ria e colabora\u00e7\u00e3o com o seu desenvolvimento nos aspectos social, moral, f\u00edsico, cognitivo, educacional ou financeiro.<\/div>\n<\/div>\n<div class=\"o9v6fnle cxmmr5t8 oygrvhab hcukyx3x c1et5uql ii04i59q\" style=\"text-align: justify;\">\n<div dir=\"auto\">O programa conta com as seguintes modalidades de apadrinhamento:<\/div>\n<\/div>\n<div class=\"o9v6fnle cxmmr5t8 oygrvhab hcukyx3x c1et5uql ii04i59q\" style=\"text-align: justify;\">\n<div dir=\"auto\">I \u2013 Afetivo: tem o objetivo de promover v\u00ednculos afetivos seguros e duradouros entre a crian\u00e7a ou adolescente e o padrinho e\/ou madrinha; pressup\u00f5e contato direto entre o \u201cpadrinho\u201d e o \u201capadrinhado\u201d, por meio de passeios e visitas peri\u00f3dicas;<\/div>\n<\/div>\n<div class=\"o9v6fnle cxmmr5t8 oygrvhab hcukyx3x c1et5uql ii04i59q\" style=\"text-align: justify;\">\n<div dir=\"auto\">II \u2013 Financeiro: consiste em contribui\u00e7\u00e3o econ\u00f4mica para atender as necessidades da crian\u00e7a ou adolescente acolhido institucionalmente, sem criar necessariamente com ela v\u00ednculos afetivos. Pressup\u00f5e o fornecimento de suporte material ou financeiro por meio de: (a) doa\u00e7\u00e3o em dinheiro a ser depositada em conta poupan\u00e7a de titularidade da crian\u00e7a ou adolescente; (b) doa\u00e7\u00e3o de bens materiais, como vestu\u00e1rios, cal\u00e7ados, brinquedos, materiais escolares; (c) patroc\u00ednio de cursos profissionalizantes, refor\u00e7o escolar, pr\u00e1tica esportiva, lazer, cultura e atendimentos m\u00e9dicos. Poder\u00e3o ser pessoas f\u00edsicas ou jur\u00eddicas;<\/div>\n<\/div>\n<div class=\"o9v6fnle cxmmr5t8 oygrvhab hcukyx3x c1et5uql ii04i59q\" style=\"text-align: justify;\">\n<div dir=\"auto\">II \u2013 Presta\u00e7\u00e3o de servi\u00e7os: \u00e9 aquele que pressup\u00f5e a realiza\u00e7\u00e3o de servi\u00e7os na institui\u00e7\u00e3o de acolhimento ou fora dela, voltados \u00e0 forma\u00e7\u00e3o, \u00e0 cultura, lazer e educa\u00e7\u00e3o das crian\u00e7as e adolescentes. Trata-se de trabalho volunt\u00e1rio e gracioso do profissional qualificado que se cadastre para atender os participantes do projeto, conforme sua especialidade de trabalho ou habilidade. Poder\u00e3o ser pessoas f\u00edsicas ou jur\u00eddicas, mediante a\u00e7\u00f5es de responsabilidade social junto aos servi\u00e7os de atendimento.<\/div>\n<\/div>\n<div class=\"o9v6fnle cxmmr5t8 oygrvhab hcukyx3x c1et5uql ii04i59q\" style=\"text-align: justify;\">\n<div dir=\"auto\">Se voc\u00ea tem os seguintes pr\u00e9-requisitos:<\/div>\n<\/div>\n<div class=\"o9v6fnle cxmmr5t8 oygrvhab hcukyx3x c1et5uql ii04i59q\" style=\"text-align: justify;\">\n<div dir=\"auto\">&#8211; Reside em Dracena ou Ouro Verde<\/div>\n<div dir=\"auto\">&#8211; Tem disponibilidade pessoal<\/div>\n<div dir=\"auto\">&#8211; Tem idade m\u00ednima de 21 anos<\/div>\n<div dir=\"auto\">&#8211; N\u00e3o est\u00e1 em processo para ado\u00e7\u00e3o<\/div>\n<div dir=\"auto\"><\/div>\n<\/div>\n<div dir=\"auto\" style=\"text-align: justify;\">Fonte: Bastidores da Not\u00edcia<\/div>\n<div dir=\"auto\"><\/div>\n<div dir=\"auto\">NOTA: O Site JZ participou da Live como convidado atrav\u00e9s de seu diretor Jorge Zanoni.<\/div>\n","protected":false},"excerpt":{"rendered":"<p>A Dr\u00aa Aline Sugahara Bertaco, Ju\u00edza de Direito da 3\u00aa Vara da Comarca de Dracena, elaborou o programa \u201cTrilhas do Afeto\u201d, que foi lan\u00e7ado nesta quarta-feira, atrav\u00e9s de videoconfer\u00eancia. O evento contou com a participa\u00e7\u00e3o do Desembargador Coordenador da Inf\u00e2ncia e da Juventude do Tribunal de Justi\u00e7a do Estado de S\u00e3o Paulo, Dr. Reinaldo Cintra [&hellip;]<\/p>\n","protected":false},"author":1,"featured_media":47283,"comment_status":"closed","ping_status":"open","sticky":false,"template":"","format":"standard","meta":{"footnotes":""},"categories":[120,110],"tags":[],"class_list":["post-47282","post","type-post","status-publish","format-standard","has-post-thumbnail","hentry","category-justicahabitacaotecnologia","category-noticiasdestaque"],"_links":{"self":[{"href":"https:\/\/jorgezanoni.com.br\/2019\/wp-json\/wp\/v2\/posts\/47282","targetHints":{"allow":["GET"]}}],"collection":[{"href":"https:\/\/jorgezanoni.com.br\/2019\/wp-json\/wp\/v2\/posts"}],"about":[{"href":"https:\/\/jorgezanoni.com.br\/2019\/wp-json\/wp\/v2\/types\/post"}],"author":[{"embeddable":true,"href":"https:\/\/jorgezanoni.com.br\/2019\/wp-json\/wp\/v2\/users\/1"}],"replies":[{"embeddable":true,"href":"https:\/\/jorgezanoni.com.br\/2019\/wp-json\/wp\/v2\/comments?post=47282"}],"version-history":[{"count":0,"href":"https:\/\/jorgezanoni.com.br\/2019\/wp-json\/wp\/v2\/posts\/47282\/revisions"}],"wp:featuredmedia":[{"embeddable":true,"href":"https:\/\/jorgezanoni.com.br\/2019\/wp-json\/wp\/v2\/media\/47283"}],"wp:attachment":[{"href":"https:\/\/jorgezanoni.com.br\/2019\/wp-json\/wp\/v2\/media?parent=47282"}],"wp:term":[{"taxonomy":"category","embeddable":true,"href":"https:\/\/jorgezanoni.com.br\/2019\/wp-json\/wp\/v2\/categories?post=47282"},{"taxonomy":"post_tag","embeddable":true,"href":"https:\/\/jorgezanoni.com.br\/2019\/wp-json\/wp\/v2\/tags?post=47282"}],"curies":[{"name":"wp","href":"https:\/\/api.w.org\/{rel}","templated":true}]}}