{"id":47262,"date":"2021-05-05T23:49:25","date_gmt":"2021-05-05T23:49:25","guid":{"rendered":"https:\/\/jorgezanoni.com.br\/2019\/?p=47262"},"modified":"2021-05-05T23:49:25","modified_gmt":"2021-05-05T23:49:25","slug":"velorio-e-enterro-das-cinco-pessoas-mortas-em-saudade-sc-com-muita-dor-e-comocao","status":"publish","type":"post","link":"https:\/\/jorgezanoni.com.br\/2019\/velorio-e-enterro-das-cinco-pessoas-mortas-em-saudade-sc-com-muita-dor-e-comocao\/","title":{"rendered":"Vel\u00f3rio e enterro das cinco pessoas mortas em Saudade\/SC com muita dor e como\u00e7\u00e3o"},"content":{"rendered":"<div class=\"kvgmc6g5 cxmmr5t8 oygrvhab hcukyx3x c1et5uql ii04i59q\">\n<div dir=\"auto\" style=\"text-align: justify;\">O vel\u00f3rio das cinco pessoas mortas no atentado \u00e0 escola infantil Pr\u00f3-Inf\u00e2ncia Aquarela em Saudades, no Oeste de Santa Catarina, come\u00e7ou por volta das 23h de ter\u00e7a-feira (4) no Parque de Exposi\u00e7\u00f5es Theobaldo Hermes. Perto das 11h desta quarta-feira (5), os corpos das v\u00edtimas foram levados ao cemit\u00e9rio para o enterro.<\/div>\n<\/div>\n<div class=\"o9v6fnle cxmmr5t8 oygrvhab hcukyx3x c1et5uql ii04i59q\" style=\"text-align: justify;\">\n<div dir=\"auto\">Os corpos das tr\u00eas crian\u00e7as, da professora e da agente educativa chegaram por volta das 3h no parque que funciona como gin\u00e1sio da cidade. Ainda na madrugada, a comunidade fez uma pequena celebra\u00e7\u00e3o. Pela manh\u00e3, \u00e0s 9h, teve in\u00edcio uma missa de corpo presente.<\/div>\n<\/div>\n<div class=\"o9v6fnle cxmmr5t8 oygrvhab hcukyx3x c1et5uql ii04i59q\">\n<div dir=\"auto\" style=\"text-align: justify;\">Por volta das 10h50, os corpos foram levados por um cortejo ao Cemit\u00e9rio Municipal de Saudades, localizado a 300 metros de onde foi o vel\u00f3rio.<\/div>\n<div dir=\"auto\"><\/div>\n<div dir=\"auto\"><img loading=\"lazy\" decoding=\"async\" class=\"alignnone size-full wp-image-47264\" src=\"https:\/\/jorgezanoni.com.br\/2019\/wp-content\/uploads\/2021\/05\/tragedia2.jpg\" alt=\"\" width=\"960\" height=\"718\" srcset=\"https:\/\/jorgezanoni.com.br\/2019\/wp-content\/uploads\/2021\/05\/tragedia2.jpg 960w, https:\/\/jorgezanoni.com.br\/2019\/wp-content\/uploads\/2021\/05\/tragedia2-300x224.jpg 300w, https:\/\/jorgezanoni.com.br\/2019\/wp-content\/uploads\/2021\/05\/tragedia2-768x574.jpg 768w, https:\/\/jorgezanoni.com.br\/2019\/wp-content\/uploads\/2021\/05\/tragedia2-80x60.jpg 80w, https:\/\/jorgezanoni.com.br\/2019\/wp-content\/uploads\/2021\/05\/tragedia2-265x198.jpg 265w, https:\/\/jorgezanoni.com.br\/2019\/wp-content\/uploads\/2021\/05\/tragedia2-696x521.jpg 696w, https:\/\/jorgezanoni.com.br\/2019\/wp-content\/uploads\/2021\/05\/tragedia2-562x420.jpg 562w\" sizes=\"auto, (max-width: 960px) 100vw, 960px\" \/> <img loading=\"lazy\" decoding=\"async\" class=\"alignnone size-full wp-image-47265\" src=\"https:\/\/jorgezanoni.com.br\/2019\/wp-content\/uploads\/2021\/05\/tragedia3.jpg\" alt=\"\" width=\"960\" height=\"561\" srcset=\"https:\/\/jorgezanoni.com.br\/2019\/wp-content\/uploads\/2021\/05\/tragedia3.jpg 960w, https:\/\/jorgezanoni.com.br\/2019\/wp-content\/uploads\/2021\/05\/tragedia3-300x175.jpg 300w, https:\/\/jorgezanoni.com.br\/2019\/wp-content\/uploads\/2021\/05\/tragedia3-768x449.jpg 768w, https:\/\/jorgezanoni.com.br\/2019\/wp-content\/uploads\/2021\/05\/tragedia3-696x407.jpg 696w, https:\/\/jorgezanoni.com.br\/2019\/wp-content\/uploads\/2021\/05\/tragedia3-719x420.jpg 719w\" sizes=\"auto, (max-width: 960px) 100vw, 960px\" \/> <img loading=\"lazy\" decoding=\"async\" class=\"alignnone size-full wp-image-47266\" src=\"https:\/\/jorgezanoni.com.br\/2019\/wp-content\/uploads\/2021\/05\/tragedia4.jpg\" alt=\"\" width=\"960\" height=\"718\" srcset=\"https:\/\/jorgezanoni.com.br\/2019\/wp-content\/uploads\/2021\/05\/tragedia4.jpg 960w, https:\/\/jorgezanoni.com.br\/2019\/wp-content\/uploads\/2021\/05\/tragedia4-300x224.jpg 300w, https:\/\/jorgezanoni.com.br\/2019\/wp-content\/uploads\/2021\/05\/tragedia4-768x574.jpg 768w, https:\/\/jorgezanoni.com.br\/2019\/wp-content\/uploads\/2021\/05\/tragedia4-80x60.jpg 80w, https:\/\/jorgezanoni.com.br\/2019\/wp-content\/uploads\/2021\/05\/tragedia4-265x198.jpg 265w, https:\/\/jorgezanoni.com.br\/2019\/wp-content\/uploads\/2021\/05\/tragedia4-696x521.jpg 696w, https:\/\/jorgezanoni.com.br\/2019\/wp-content\/uploads\/2021\/05\/tragedia4-562x420.jpg 562w\" sizes=\"auto, (max-width: 960px) 100vw, 960px\" \/> <img loading=\"lazy\" decoding=\"async\" class=\"alignnone size-full wp-image-47267\" src=\"https:\/\/jorgezanoni.com.br\/2019\/wp-content\/uploads\/2021\/05\/trageia1.jpg\" alt=\"\" width=\"960\" height=\"720\" srcset=\"https:\/\/jorgezanoni.com.br\/2019\/wp-content\/uploads\/2021\/05\/trageia1.jpg 960w, https:\/\/jorgezanoni.com.br\/2019\/wp-content\/uploads\/2021\/05\/trageia1-300x225.jpg 300w, https:\/\/jorgezanoni.com.br\/2019\/wp-content\/uploads\/2021\/05\/trageia1-768x576.jpg 768w, https:\/\/jorgezanoni.com.br\/2019\/wp-content\/uploads\/2021\/05\/trageia1-80x60.jpg 80w, https:\/\/jorgezanoni.com.br\/2019\/wp-content\/uploads\/2021\/05\/trageia1-265x198.jpg 265w, https:\/\/jorgezanoni.com.br\/2019\/wp-content\/uploads\/2021\/05\/trageia1-696x522.jpg 696w, https:\/\/jorgezanoni.com.br\/2019\/wp-content\/uploads\/2021\/05\/trageia1-560x420.jpg 560w\" sizes=\"auto, (max-width: 960px) 100vw, 960px\" \/><\/div>\n<\/div>\n","protected":false},"excerpt":{"rendered":"<p>O vel\u00f3rio das cinco pessoas mortas no atentado \u00e0 escola infantil Pr\u00f3-Inf\u00e2ncia Aquarela em Saudades, no Oeste de Santa Catarina, come\u00e7ou por volta das 23h de ter\u00e7a-feira (4) no Parque de Exposi\u00e7\u00f5es Theobaldo Hermes. Perto das 11h desta quarta-feira (5), os corpos das v\u00edtimas foram levados ao cemit\u00e9rio para o enterro. Os corpos das tr\u00eas [&hellip;]<\/p>\n","protected":false},"author":1,"featured_media":47268,"comment_status":"closed","ping_status":"open","sticky":false,"template":"","format":"standard","meta":{"footnotes":""},"categories":[178,110],"tags":[],"class_list":["post-47262","post","type-post","status-publish","format-standard","has-post-thumbnail","hentry","category-notadefalecimento","category-noticiasdestaque"],"_links":{"self":[{"href":"https:\/\/jorgezanoni.com.br\/2019\/wp-json\/wp\/v2\/posts\/47262","targetHints":{"allow":["GET"]}}],"collection":[{"href":"https:\/\/jorgezanoni.com.br\/2019\/wp-json\/wp\/v2\/posts"}],"about":[{"href":"https:\/\/jorgezanoni.com.br\/2019\/wp-json\/wp\/v2\/types\/post"}],"author":[{"embeddable":true,"href":"https:\/\/jorgezanoni.com.br\/2019\/wp-json\/wp\/v2\/users\/1"}],"replies":[{"embeddable":true,"href":"https:\/\/jorgezanoni.com.br\/2019\/wp-json\/wp\/v2\/comments?post=47262"}],"version-history":[{"count":0,"href":"https:\/\/jorgezanoni.com.br\/2019\/wp-json\/wp\/v2\/posts\/47262\/revisions"}],"wp:featuredmedia":[{"embeddable":true,"href":"https:\/\/jorgezanoni.com.br\/2019\/wp-json\/wp\/v2\/media\/47268"}],"wp:attachment":[{"href":"https:\/\/jorgezanoni.com.br\/2019\/wp-json\/wp\/v2\/media?parent=47262"}],"wp:term":[{"taxonomy":"category","embeddable":true,"href":"https:\/\/jorgezanoni.com.br\/2019\/wp-json\/wp\/v2\/categories?post=47262"},{"taxonomy":"post_tag","embeddable":true,"href":"https:\/\/jorgezanoni.com.br\/2019\/wp-json\/wp\/v2\/tags?post=47262"}],"curies":[{"name":"wp","href":"https:\/\/api.w.org\/{rel}","templated":true}]}}