{"id":47254,"date":"2021-05-05T16:39:55","date_gmt":"2021-05-05T16:39:55","guid":{"rendered":"https:\/\/jorgezanoni.com.br\/2019\/?p=47254"},"modified":"2021-05-05T16:40:27","modified_gmt":"2021-05-05T16:40:27","slug":"homem-e-preso-suspeito-de-matar-a-esposa-com-golpes-de-faca-marreta-e-ferro-de-passar","status":"publish","type":"post","link":"https:\/\/jorgezanoni.com.br\/2019\/homem-e-preso-suspeito-de-matar-a-esposa-com-golpes-de-faca-marreta-e-ferro-de-passar\/","title":{"rendered":"Homem \u00e9 preso suspeito de matar a esposa com golpes de faca, marreta e ferro de passar"},"content":{"rendered":"<h2 class=\"content-head__subtitle\" style=\"text-align: justify;\"><strong>Crime aconteceu em Andradina (SP). Segundo a delegada Michelly Miliorini, suspeito tentou suic\u00eddio ap\u00f3s o crime.<\/strong><\/h2>\n<div class=\"row medium-uncollapsed content-media content-photo\" data-block-type=\"backstage-photo\" data-block-id=\"0\">\n<div class=\"mc-column content-media__container\">\n<div class=\"content-media-container glb-skeleton-box\">\n<figure class=\"content-media-figure\"><img decoding=\"async\" class=\"i-amphtml-fill-content i-amphtml-replaced-content\" src=\"https:\/\/s2.glbimg.com\/Een_z8DnFqRXqIhAE0fwHoV0Ctc=\/0x0:988x550\/984x0\/smart\/filters:strip_icc()\/i.s3.glbimg.com\/v1\/AUTH_59edd422c0c84a879bd37670ae4f538a\/internal_photos\/bs\/2021\/r\/v\/ndKVX4SgeB90nsWpGwug\/feminicidio-andradina.jpg\" sizes=\"(max-width: 1366px) 648px, 100vw\" srcset=\"https:\/\/s2.glbimg.com\/Gv0hGFyPbHsxwp9CuIyP-0hYNVM=\/0x0:988x550\/1000x0\/smart\/filters:strip_icc()\/i.s3.glbimg.com\/v1\/AUTH_59edd422c0c84a879bd37670ae4f538a\/internal_photos\/bs\/2021\/r\/v\/ndKVX4SgeB90nsWpGwug\/feminicidio-andradina.jpg 1000w, https:\/\/s2.glbimg.com\/Een_z8DnFqRXqIhAE0fwHoV0Ctc=\/0x0:988x550\/984x0\/smart\/filters:strip_icc()\/i.s3.glbimg.com\/v1\/AUTH_59edd422c0c84a879bd37670ae4f538a\/internal_photos\/bs\/2021\/r\/v\/ndKVX4SgeB90nsWpGwug\/feminicidio-andradina.jpg 984w, https:\/\/s2.glbimg.com\/WrwE2i661MDfeesnVLq6JvKIa-U=\/0x0:988x550\/640x0\/smart\/filters:strip_icc()\/i.s3.glbimg.com\/v1\/AUTH_59edd422c0c84a879bd37670ae4f538a\/internal_photos\/bs\/2021\/r\/v\/ndKVX4SgeB90nsWpGwug\/feminicidio-andradina.jpg 640w, https:\/\/s2.glbimg.com\/a7Jdejl7RBAxsFjW6n0BLw8FIfk=\/0x0:988x550\/600x0\/smart\/filters:strip_icc()\/i.s3.glbimg.com\/v1\/AUTH_59edd422c0c84a879bd37670ae4f538a\/internal_photos\/bs\/2021\/r\/v\/ndKVX4SgeB90nsWpGwug\/feminicidio-andradina.jpg 600w\" alt=\"Homem \u00e9 preso suspeito de matar a esposa e tentar suic\u00eddio em Andradina \u2014 Foto: Manoel Messias\/Mil Not\u00edcias\" \/><\/figure>\n<\/div>\n<p class=\"content-media__description \" style=\"text-align: justify;\">Homem \u00e9 preso suspeito de matar a esposa e tentar suic\u00eddio em Andradina \u2014 Foto: Manoel Messias\/Mil Not\u00edcias<\/p>\n<\/div>\n<\/div>\n<div class=\"mc-column content-text active-extra-styles \" style=\"text-align: justify;\" data-block-type=\"unstyled\" data-block-weight=\"33\" data-block-id=\"2\">\n<p class=\"content-text__container \" data-track-category=\"Link no Texto\" data-track-links=\"\">Um homem de 54 anos foi preso suspeito de matar a esposa, de 52 anos, em Andradina (SP), na tarde desta ter\u00e7a-feira (4). O crime aconteceu na resid\u00eancia do casal, no bairro Benfica.<\/p>\n<\/div>\n<div class=\"wall protected-content\">\n<div class=\"mc-column content-text active-extra-styles \" style=\"text-align: justify;\" data-block-type=\"unstyled\" data-block-weight=\"41\" data-block-id=\"3\">\n<p class=\"content-text__container \" data-track-category=\"Link no Texto\" data-track-links=\"\">Segundo a delegada Michelly Miliorini, da Delegacia de Defesa da Mulher (DDM), o suspeito agrediu a v\u00edtima com facadas e golpes de marreta e ferro de passar roupas. Ainda de acordo com a delegada, o homem tentou suic\u00eddio ap\u00f3s o crime.<\/p>\n<\/div>\n<div class=\"mc-column content-text active-extra-styles \" style=\"text-align: justify;\" data-block-type=\"unstyled\" data-block-weight=\"41\" data-block-id=\"4\">\n<p class=\"content-text__container \" data-track-category=\"Link no Texto\" data-track-links=\"\">\u00c0 pol\u00edcia, o suspeito disse que o casal dormia momentos antes das agress\u00f5es quando ele acordou e a atacou. \u201cEle passou a dar golpes na cabe\u00e7a dela usando um ferro de passar roupas, at\u00e9 que o ferro quebrou\u201d, informou a delegada.<\/p>\n<\/div>\n<div class=\"mc-column content-text active-extra-styles \" style=\"text-align: justify;\" data-block-type=\"unstyled\" data-block-weight=\"48\" data-block-id=\"5\">\n<p class=\"content-text__container \" data-track-category=\"Link no Texto\" data-track-links=\"\">\u201cEla conseguiu ir at\u00e9 a parte externa da casa e ele foi at\u00e9 os fundos, onde pegou uma marreta e, segundo ele, deu mais golpes na cabe\u00e7a da v\u00edtima. Ela teria conseguido se esquivar, mas ele contou que pegou uma faca e desferiu tr\u00eas golpes contra ela\u201d, completa.<\/p>\n<\/div>\n<div class=\"mc-column content-text active-extra-styles \" style=\"text-align: justify;\" data-block-type=\"unstyled\" data-block-weight=\"19\" data-block-id=\"6\">\n<p class=\"content-text__container \" data-track-category=\"Link no Texto\" data-track-links=\"\">Ainda segundo a delegada, o homem, que alegou que sofre de depress\u00e3o, tentou suic\u00eddio com uma facada no peito.<\/p>\n<\/div>\n<div class=\"mc-column content-text active-extra-styles \" style=\"text-align: justify;\" data-block-type=\"unstyled\" data-block-weight=\"16\" data-block-id=\"7\">\n<p class=\"content-text__container \" data-track-category=\"Link no Texto\" data-track-links=\"\">\u201cEle disse que estava tomando rem\u00e9dio e que, inclusive, passou por per\u00edcia m\u00e9dica\u201d, conta a delegada.<\/p>\n<\/div>\n<div class=\"mc-column content-text active-extra-styles \" style=\"text-align: justify;\" data-block-type=\"unstyled\" data-block-weight=\"25\" data-block-id=\"8\">\n<p class=\"content-text__container \" data-track-category=\"Link no Texto\" data-track-links=\"\">Michelly informou que ap\u00f3s as agress\u00f5es uma vizinha pulou o muro da casa e pediu que o suspeito entregasse a faca e abrisse o port\u00e3o.<\/p>\n<\/div>\n<div class=\"content-ads content-ads--reveal\" style=\"text-align: justify;\" data-block-type=\"ads\" data-block-id=\"9\">\n<div id=\"banner_materia2\" class=\"tag-manager-publicidade-container mc-has-reveal mc-has-ad-lazyload tag-manager-publicidade-banner_materia2 tag-manager-publicidade-container--carregado tag-manager-publicidade-container--visivel\" data-id=\"banner_materia2\" data-req=\"true\" data-cid=\"138347791064\" data-lid=\"5679337601\" data-google-query-id=\"CM-g6sr8svACFQYDuQYdm9EBPA\">\n<div id=\"google_ads_iframe_\/95377733\/tvg_G1\/Sua_Regiao&gt;Sudeste&gt;Sao_Paulo_(S_J_do_Rio_Preto)_3__container__\" style=\"box-sizing: inherit; margin: auto; padding: 0px; border: 0pt none; font: inherit; vertical-align: initial; max-width: 100%; text-align: justify;\">O socorro foi acionado e a v\u00edtima chegou a ser encaminhada \u00e0 Unidade de Pronto Atendimento (UPA), mas n\u00e3o resistiu aos ferimentos. O suspeito tamb\u00e9m recebeu atendimento m\u00e9dico. Ele foi encaminhado \u00e0 Cadeia P\u00fablica de Pereira Barreto (SP).<\/div>\n<\/div>\n<\/div>\n<div class=\"mc-column content-text active-extra-styles \" style=\"text-align: justify;\" data-block-type=\"unstyled\" data-block-weight=\"27\" data-block-id=\"11\">\n<p class=\"content-text__container \" style=\"text-align: justify;\" data-track-category=\"Link no Texto\" data-track-links=\"\">A delegada informou ao\u00a0<strong>G1<\/strong>\u00a0que o homem n\u00e3o possu\u00eda antecedentes criminais. O caso foi registrado como homic\u00eddio qualificado e feminic\u00eddio e permanece sendo investigado pela pol\u00edcia.<\/p>\n<\/div>\n<div class=\"row medium-uncollapsed content-media content-photo\" data-block-type=\"backstage-photo\" data-block-id=\"12\">\n<div class=\"mc-column content-media__container\">\n<div class=\"content-media-container glb-skeleton-box\" style=\"text-align: justify;\">\n<figure class=\"content-media-figure\"><img decoding=\"async\" class=\"i-amphtml-fill-content i-amphtml-replaced-content\" src=\"https:\/\/s2.glbimg.com\/Yq_2O-27hzdyuXM33GbUDjSe_bU=\/0x0:640x351\/984x0\/smart\/filters:strip_icc()\/i.s3.glbimg.com\/v1\/AUTH_59edd422c0c84a879bd37670ae4f538a\/internal_photos\/bs\/2021\/y\/q\/UgHj3ySDOLjN0AN1g37Q\/feminicidio-andradina.jpg\" sizes=\"(max-width: 1366px) 648px, 100vw\" srcset=\"https:\/\/s2.glbimg.com\/ES_12KoyUyhT8bVn7tDd_9n_IN4=\/0x0:640x351\/1000x0\/smart\/filters:strip_icc()\/i.s3.glbimg.com\/v1\/AUTH_59edd422c0c84a879bd37670ae4f538a\/internal_photos\/bs\/2021\/y\/q\/UgHj3ySDOLjN0AN1g37Q\/feminicidio-andradina.jpg 1000w, https:\/\/s2.glbimg.com\/Yq_2O-27hzdyuXM33GbUDjSe_bU=\/0x0:640x351\/984x0\/smart\/filters:strip_icc()\/i.s3.glbimg.com\/v1\/AUTH_59edd422c0c84a879bd37670ae4f538a\/internal_photos\/bs\/2021\/y\/q\/UgHj3ySDOLjN0AN1g37Q\/feminicidio-andradina.jpg 984w, https:\/\/s2.glbimg.com\/iQtiPcuh7YPM_GM8hYCIjeTqpyI=\/0x0:640x351\/640x0\/smart\/filters:strip_icc()\/i.s3.glbimg.com\/v1\/AUTH_59edd422c0c84a879bd37670ae4f538a\/internal_photos\/bs\/2021\/y\/q\/UgHj3ySDOLjN0AN1g37Q\/feminicidio-andradina.jpg 640w, https:\/\/s2.glbimg.com\/qXUbjC7b1l-h9cf5rV7l3DbZHrA=\/0x0:640x351\/600x0\/smart\/filters:strip_icc()\/i.s3.glbimg.com\/v1\/AUTH_59edd422c0c84a879bd37670ae4f538a\/internal_photos\/bs\/2021\/y\/q\/UgHj3ySDOLjN0AN1g37Q\/feminicidio-andradina.jpg 600w\" alt=\"Suspeito foi socorrido ap\u00f3s matar a companheira e tentar suic\u00eddio em Andradina \u2014 Foto: Manoel Messias\/Mil Not\u00edcias\" \/><\/figure>\n<\/div>\n<p class=\"content-media__description \" style=\"text-align: justify;\">Suspeito foi socorrido ap\u00f3s matar a companheira e tentar suic\u00eddio em Andradina \u2014 Foto: Manoel Messias\/Mil Not\u00edcias<\/p>\n<p><img loading=\"lazy\" decoding=\"async\" class=\"alignnone size-full wp-image-47255\" src=\"https:\/\/jorgezanoni.com.br\/2019\/wp-content\/uploads\/2021\/05\/mata.jpg\" alt=\"\" width=\"600\" height=\"450\" srcset=\"https:\/\/jorgezanoni.com.br\/2019\/wp-content\/uploads\/2021\/05\/mata.jpg 600w, https:\/\/jorgezanoni.com.br\/2019\/wp-content\/uploads\/2021\/05\/mata-300x225.jpg 300w, https:\/\/jorgezanoni.com.br\/2019\/wp-content\/uploads\/2021\/05\/mata-80x60.jpg 80w, https:\/\/jorgezanoni.com.br\/2019\/wp-content\/uploads\/2021\/05\/mata-265x198.jpg 265w, https:\/\/jorgezanoni.com.br\/2019\/wp-content\/uploads\/2021\/05\/mata-560x420.jpg 560w\" sizes=\"auto, (max-width: 600px) 100vw, 600px\" \/><\/p>\n<p>Fonte: G1 e Manoel Messias\/Mil Not\u00edcias<\/p>\n<\/div>\n<\/div>\n<\/div>\n","protected":false},"excerpt":{"rendered":"<p>Crime aconteceu em Andradina (SP). Segundo a delegada Michelly Miliorini, suspeito tentou suic\u00eddio ap\u00f3s o crime. Homem \u00e9 preso suspeito de matar a esposa e tentar suic\u00eddio em Andradina \u2014 Foto: Manoel Messias\/Mil Not\u00edcias Um homem de 54 anos foi preso suspeito de matar a esposa, de 52 anos, em Andradina (SP), na tarde desta [&hellip;]<\/p>\n","protected":false},"author":1,"featured_media":47256,"comment_status":"closed","ping_status":"open","sticky":false,"template":"","format":"standard","meta":{"footnotes":""},"categories":[110,2],"tags":[],"class_list":["post-47254","post","type-post","status-publish","format-standard","has-post-thumbnail","hentry","category-noticiasdestaque","category-policial"],"_links":{"self":[{"href":"https:\/\/jorgezanoni.com.br\/2019\/wp-json\/wp\/v2\/posts\/47254","targetHints":{"allow":["GET"]}}],"collection":[{"href":"https:\/\/jorgezanoni.com.br\/2019\/wp-json\/wp\/v2\/posts"}],"about":[{"href":"https:\/\/jorgezanoni.com.br\/2019\/wp-json\/wp\/v2\/types\/post"}],"author":[{"embeddable":true,"href":"https:\/\/jorgezanoni.com.br\/2019\/wp-json\/wp\/v2\/users\/1"}],"replies":[{"embeddable":true,"href":"https:\/\/jorgezanoni.com.br\/2019\/wp-json\/wp\/v2\/comments?post=47254"}],"version-history":[{"count":0,"href":"https:\/\/jorgezanoni.com.br\/2019\/wp-json\/wp\/v2\/posts\/47254\/revisions"}],"wp:featuredmedia":[{"embeddable":true,"href":"https:\/\/jorgezanoni.com.br\/2019\/wp-json\/wp\/v2\/media\/47256"}],"wp:attachment":[{"href":"https:\/\/jorgezanoni.com.br\/2019\/wp-json\/wp\/v2\/media?parent=47254"}],"wp:term":[{"taxonomy":"category","embeddable":true,"href":"https:\/\/jorgezanoni.com.br\/2019\/wp-json\/wp\/v2\/categories?post=47254"},{"taxonomy":"post_tag","embeddable":true,"href":"https:\/\/jorgezanoni.com.br\/2019\/wp-json\/wp\/v2\/tags?post=47254"}],"curies":[{"name":"wp","href":"https:\/\/api.w.org\/{rel}","templated":true}]}}