{"id":4725,"date":"2019-08-26T21:55:29","date_gmt":"2019-08-26T21:55:29","guid":{"rendered":"https:\/\/jorgezanoni.com.br\/2019\/?p=4725"},"modified":"2019-08-26T21:55:29","modified_gmt":"2019-08-26T21:55:29","slug":"alunos-do-tecnico-em-enfermagem-do-cep-ume-prestam-servicos-a-comunidade-de-junqueiropolis","status":"publish","type":"post","link":"https:\/\/jorgezanoni.com.br\/2019\/alunos-do-tecnico-em-enfermagem-do-cep-ume-prestam-servicos-a-comunidade-de-junqueiropolis\/","title":{"rendered":"Alunos do T\u00e9cnico em Enfermagem do CEP\/UME prestam servi\u00e7os \u00e0 comunidade de Junqueir\u00f3polis"},"content":{"rendered":"<p style=\"font-weight: 400; text-align: justify;\">No ambiente da sa\u00fade suplementar, n\u00e3o \u00e9 poss\u00edvel pensar em\u00a0preven\u00e7\u00e3o<strong>\u00a0<\/strong>sem a realiza\u00e7\u00e3o de programas capazes de monitorar os perfis de sa\u00fade e qualidade de vida dos benefici\u00e1rios. E n\u00e3o \u00e9 poss\u00edvel imaginar essas atividades sendo realizadas sem a participa\u00e7\u00e3o de uma equipe de Enfermagem devidamente capacitada e especializada.<\/p>\n<p style=\"font-weight: 400; text-align: justify;\">Os alunos do curso T\u00e9cnico em Enfermagem do CEP\/UME de Dracena participaram do evento \u201cCuide-se bem\u201d, promovido pela Diretoria Municipal de Sa\u00fade de Junqueir\u00f3polis, no dia 17 de agosto, na Pra\u00e7a \u00c1lvaro de Oliveira Junqueira. Os estudantes da Fundec realizaram testes r\u00e1pidos de HIV, s\u00edfilis, hepatite B e C, teste de glicemia, IMC, verificaram a press\u00e3o arterial da comunidade e fizeram orienta\u00e7\u00f5es sobre o consumo excessivo de medicamentos. As a\u00e7\u00f5es foram supervisionadas pela Profa. Esp. Aline Dias.<\/p>\n<p style=\"font-weight: 400; text-align: justify;\">Por ter como base o\u00a0contato direto\u00a0com as pessoas, a Enfermagem na Medicina Preventiva representa uma pe\u00e7a fundamental dentro da abordagem multidisciplinar que caracteriza as iniciativas das operadoras de sa\u00fade nessa \u00e1rea.<\/p>\n<p style=\"font-weight: 400; text-align: justify;\">De maneira geral, a Enfermagem \u00e9 respons\u00e1vel por administrar medicamentos, acompanhar os quadros de melhora e piora, al\u00e9m de atuar como um intermedi\u00e1rio entre a fam\u00edlia, o paciente e outros profissionais da equipe de sa\u00fade, como m\u00e9dicos, fisioterapeutas, nutricionistas e psic\u00f3logos.<\/p>\n<p style=\"font-weight: 400; text-align: justify;\">Carolina Colnago<\/p>\n<p style=\"font-weight: 400; text-align: justify;\">Assessora de Comunica\u00e7\u00e3o da Fundec &#8211; Jornalista<\/p>\n","protected":false},"excerpt":{"rendered":"<p>No ambiente da sa\u00fade suplementar, n\u00e3o \u00e9 poss\u00edvel pensar em\u00a0preven\u00e7\u00e3o\u00a0sem a realiza\u00e7\u00e3o de programas capazes de monitorar os perfis de sa\u00fade e qualidade de vida dos benefici\u00e1rios. E n\u00e3o \u00e9 poss\u00edvel imaginar essas atividades sendo realizadas sem a participa\u00e7\u00e3o de uma equipe de Enfermagem devidamente capacitada e especializada. Os alunos do curso T\u00e9cnico em Enfermagem [&hellip;]<\/p>\n","protected":false},"author":1,"featured_media":4726,"comment_status":"closed","ping_status":"open","sticky":false,"template":"","format":"standard","meta":{"footnotes":""},"categories":[122],"tags":[],"class_list":["post-4725","post","type-post","status-publish","format-standard","has-post-thumbnail","hentry","category-saudeeducacaoeconcurso"],"_links":{"self":[{"href":"https:\/\/jorgezanoni.com.br\/2019\/wp-json\/wp\/v2\/posts\/4725","targetHints":{"allow":["GET"]}}],"collection":[{"href":"https:\/\/jorgezanoni.com.br\/2019\/wp-json\/wp\/v2\/posts"}],"about":[{"href":"https:\/\/jorgezanoni.com.br\/2019\/wp-json\/wp\/v2\/types\/post"}],"author":[{"embeddable":true,"href":"https:\/\/jorgezanoni.com.br\/2019\/wp-json\/wp\/v2\/users\/1"}],"replies":[{"embeddable":true,"href":"https:\/\/jorgezanoni.com.br\/2019\/wp-json\/wp\/v2\/comments?post=4725"}],"version-history":[{"count":0,"href":"https:\/\/jorgezanoni.com.br\/2019\/wp-json\/wp\/v2\/posts\/4725\/revisions"}],"wp:featuredmedia":[{"embeddable":true,"href":"https:\/\/jorgezanoni.com.br\/2019\/wp-json\/wp\/v2\/media\/4726"}],"wp:attachment":[{"href":"https:\/\/jorgezanoni.com.br\/2019\/wp-json\/wp\/v2\/media?parent=4725"}],"wp:term":[{"taxonomy":"category","embeddable":true,"href":"https:\/\/jorgezanoni.com.br\/2019\/wp-json\/wp\/v2\/categories?post=4725"},{"taxonomy":"post_tag","embeddable":true,"href":"https:\/\/jorgezanoni.com.br\/2019\/wp-json\/wp\/v2\/tags?post=4725"}],"curies":[{"name":"wp","href":"https:\/\/api.w.org\/{rel}","templated":true}]}}