{"id":47236,"date":"2021-05-05T15:12:05","date_gmt":"2021-05-05T15:12:05","guid":{"rendered":"https:\/\/jorgezanoni.com.br\/2019\/?p=47236"},"modified":"2021-05-05T15:12:05","modified_gmt":"2021-05-05T15:12:05","slug":"prefeitura-de-dracena-participa-de-campanha-da-santa-casa-para-aquisicao-de-tomografo","status":"publish","type":"post","link":"https:\/\/jorgezanoni.com.br\/2019\/prefeitura-de-dracena-participa-de-campanha-da-santa-casa-para-aquisicao-de-tomografo\/","title":{"rendered":"Prefeitura de Dracena participa de campanha da Santa Casa para aquisi\u00e7\u00e3o de Tom\u00f3grafo"},"content":{"rendered":"<p style=\"text-align: justify;\"><b>PREFEITURA DE DRACENA DOA R$ 200 MIL \u00c0 SANTA CASA PARA AQUISI\u00c7\u00c3O DE TOM\u00d3GRAFO COMPUTADORIZADO.<\/b><\/p>\n<p style=\"font-weight: 400; text-align: justify;\">Em algumas ocasi\u00f5es quando um paciente \u00e9 levado ao hospital, determinados exames s\u00e3o essenciais para indicar o diagn\u00f3stico e tra\u00e7ar o caminho entre a vida e a morte. Sem d\u00favida alguma, pontua m\u00e9dicos e demais profissionais da Sa\u00fade, um desses exames \u00e9 a tomografia computadorizada, realizada atrav\u00e9s do aparelho de tom\u00f3grafo.<\/p>\n<p style=\"font-weight: 400; text-align: justify;\">Pensando em oferecer o que h\u00e1 de melhor aos pacientes, a Santa Casa de Dracena ir\u00e1 adquirir um novo tom\u00f3grafo (capacidade para 220 quilos) e um aparelho de gasometria, para tanto est\u00e1 promovendo o Plano de Desenvolvimento Tecnol\u00f3gico de Equipamentos de Sa\u00fade.<\/p>\n<p style=\"font-weight: 400; text-align: justify;\">O tom\u00f3grafo computadorizado custa R$ 850 mil e o aparelho de gasometria R$ 198.900,00.<\/p>\n<p style=\"font-weight: 400; text-align: justify;\">A Santa Casa conta atualmente com os dois aparelhos, atrav\u00e9s de parceria com m\u00e9dicos e bioqu\u00edmicos, por\u00e9m o tom\u00f3grafo tem 10 anos de uso e est\u00e1 quebrado, para consertar o valor \u00e9 de R$ 600 mil. O aparelho de gasometria nos \u00faltimos 45 dias, segundo o diretor administrativo do hospital, Alessandro Mendes, apresentou problemas por duas vezes, e em dezembro n\u00e3o haver\u00e1 mais pe\u00e7as no mercado para oferecer consertos.<\/p>\n<p style=\"font-weight: 400; text-align: justify;\">Na noite de ter\u00e7a-feira, 4, a diretoria da Santa Casa realizou evento online transmitido pelo Youtube, no canal da entidade, apresentando todos os detalhes sobre o Plano e ainda presta\u00e7\u00e3o de contas de doa\u00e7\u00f5es em dinheiro utilizado no combate a covid 19, no per\u00edodo de fevereiro a maio deste ano, pelo hospital.<\/p>\n<p style=\"font-weight: 400; text-align: justify;\">Diretores da Santa Casa, integrantes da Irmandade, autoridades do munic\u00edpio, representantes da Fundec (Unifadra Dracena), demais pessoas da sociedade civil organizada e ve\u00edculos da imprensa, participaram do evento, no audit\u00f3rio da Fundec, seguindo todos os protocolos sanit\u00e1rios. O evento foi presidido pelo diretor administrativo do hospital, Alessandro Mendes e contou com forma\u00e7\u00e3o de mesa principal com as presen\u00e7as do empres\u00e1rio Alan Faveri (um dos l\u00edderes de movimentos criados na cidade para ajudar a vencer a covid); do presidente da OAB local advogado Marcos Rodrigues; Paulo\u00a0S\u00e9rgio\u00a0Peres, presidente do Conselho de Curadores da\u00a0Fundec; prefeito Andr\u00e9 Lemos; provedor da Santa Casa Celso Santin; presidente do Legislativo municipal vereador Claudinei Millan Pessoa; secret\u00e1ria adjunta da Sa\u00fade Geni Pesin e presidente da Associa\u00e7\u00e3o Comercial e Empresarial (ACE) Luciano Gerlin da Silva. O juiz diretor do F\u00f3rum local Marcus Fraz\u00e3o Frota e as ju\u00edzas Aline\u00a0Tabuchi da Silva e\u00a0Aline\u00a0Sughara Bertaco, assim como os promotores Antonio Simini Junior; Rufino Galindo Campos e Ruy Bodini acompanharam o evento de maneira remota.<\/p>\n<p style=\"font-weight: 400; text-align: justify;\">Autoridades como o prefeito Andr\u00e9 Lemos, fez uso da palavra pontuando que a parceria entre o mun\u00edcipio de Dracena e a Santa Casa \u00e9 antiga. \u201cTemos uma Santa Casa muito respeitada no estado de S\u00e3o Paulo; \u00e9 um patrim\u00f4nio realmente da comunidade. Temos orgulho tamb\u00e9m de termos uma Faculdade de Medicina na cidade. Convoco todos os meus secret\u00e1rios a unirmos for\u00e7as, para ajudar a campanha da Santa Casa ser um sucesso\u201d, afirmou o prefeito.<\/p>\n<p style=\"font-weight: 400; text-align: justify;\">O evento foi muito produtivo e j\u00e1 surtiu os primeiros efeitos positivos, com a informa\u00e7\u00e3o atrav\u00e9s do prefeito que a administra\u00e7\u00e3o municipal ir\u00e1 colaborar com R$ 200 mil para a compra do tom\u00f3grafo.<\/p>\n<p style=\"font-weight: 400; text-align: justify;\">A Fundec, por meio do presidente do Conselho de Curadores Paulo\u00a0S\u00e9rgio\u00a0Peres, afirmou que a institui\u00e7\u00e3o far\u00e1 a doa\u00e7\u00e3o de R$ 250 mil e, a Oeste Sa\u00fade, representada por Gilberto Piloto anunciou R$ 80 mil, colaborando com a compra do equipam\u00a0ento (tom\u00f3grafo).<\/p>\n<p style=\"font-weight: 400; text-align: justify;\">A tomografia computadorizada serve para auxiliar no\u00a0<a href=\"https:\/\/telemedicinamorsch.com.br\/blog\/exames-de-imagem\/\">diagn\u00f3stico por imagem<\/a>\u00a0de doen\u00e7as e altera\u00e7\u00f5es em diversas partes do corpo e agora \u00e9 essencial no diagn\u00f3stico da covid 19. Por meio desse exame ainda podem ser identificadas fraturas, tumores, AVC (acidente vascular cerebral), n\u00f3dulos e outros males.<\/p>\n<p style=\"font-weight: 400; text-align: justify;\">A gasometria \u00e9 um analisador de gases sangu\u00edneos, eletr\u00f3litos, co-oximetria, hemat\u00f3crito, metab\u00f3litos e bilirrubina; e \u00e9 utilizada em pacientes em cuidados intensivos e urg\u00eancias.<\/p>\n<p style=\"font-weight: 400; text-align: justify;\"><b><strong>PARA DOA\u00c7\u00d5ES<\/strong><\/b><\/p>\n<p style=\"text-align: justify;\"><img loading=\"lazy\" decoding=\"async\" class=\"alignnone size-full wp-image-47237\" src=\"https:\/\/jorgezanoni.com.br\/2019\/wp-content\/uploads\/2021\/05\/doa.png\" alt=\"\" width=\"662\" height=\"125\" srcset=\"https:\/\/jorgezanoni.com.br\/2019\/wp-content\/uploads\/2021\/05\/doa.png 662w, https:\/\/jorgezanoni.com.br\/2019\/wp-content\/uploads\/2021\/05\/doa-300x57.png 300w\" sizes=\"auto, (max-width: 662px) 100vw, 662px\" \/><\/p>\n<p style=\"text-align: justify;\">Fonte: Diretoria de Comunica\u00e7\u00e3o<\/p>\n","protected":false},"excerpt":{"rendered":"<p>PREFEITURA DE DRACENA DOA R$ 200 MIL \u00c0 SANTA CASA PARA AQUISI\u00c7\u00c3O DE TOM\u00d3GRAFO COMPUTADORIZADO. Em algumas ocasi\u00f5es quando um paciente \u00e9 levado ao hospital, determinados exames s\u00e3o essenciais para indicar o diagn\u00f3stico e tra\u00e7ar o caminho entre a vida e a morte. Sem d\u00favida alguma, pontua m\u00e9dicos e demais profissionais da Sa\u00fade, um desses [&hellip;]<\/p>\n","protected":false},"author":1,"featured_media":47238,"comment_status":"closed","ping_status":"open","sticky":false,"template":"","format":"standard","meta":{"footnotes":""},"categories":[179,184,110],"tags":[],"class_list":["post-47236","post","type-post","status-publish","format-standard","has-post-thumbnail","hentry","category-cidadeseregiao","category-dracena","category-noticiasdestaque"],"_links":{"self":[{"href":"https:\/\/jorgezanoni.com.br\/2019\/wp-json\/wp\/v2\/posts\/47236","targetHints":{"allow":["GET"]}}],"collection":[{"href":"https:\/\/jorgezanoni.com.br\/2019\/wp-json\/wp\/v2\/posts"}],"about":[{"href":"https:\/\/jorgezanoni.com.br\/2019\/wp-json\/wp\/v2\/types\/post"}],"author":[{"embeddable":true,"href":"https:\/\/jorgezanoni.com.br\/2019\/wp-json\/wp\/v2\/users\/1"}],"replies":[{"embeddable":true,"href":"https:\/\/jorgezanoni.com.br\/2019\/wp-json\/wp\/v2\/comments?post=47236"}],"version-history":[{"count":0,"href":"https:\/\/jorgezanoni.com.br\/2019\/wp-json\/wp\/v2\/posts\/47236\/revisions"}],"wp:featuredmedia":[{"embeddable":true,"href":"https:\/\/jorgezanoni.com.br\/2019\/wp-json\/wp\/v2\/media\/47238"}],"wp:attachment":[{"href":"https:\/\/jorgezanoni.com.br\/2019\/wp-json\/wp\/v2\/media?parent=47236"}],"wp:term":[{"taxonomy":"category","embeddable":true,"href":"https:\/\/jorgezanoni.com.br\/2019\/wp-json\/wp\/v2\/categories?post=47236"},{"taxonomy":"post_tag","embeddable":true,"href":"https:\/\/jorgezanoni.com.br\/2019\/wp-json\/wp\/v2\/tags?post=47236"}],"curies":[{"name":"wp","href":"https:\/\/api.w.org\/{rel}","templated":true}]}}