{"id":4722,"date":"2019-08-26T16:32:22","date_gmt":"2019-08-26T16:32:22","guid":{"rendered":"https:\/\/jorgezanoni.com.br\/2019\/?p=4722"},"modified":"2019-08-26T16:32:22","modified_gmt":"2019-08-26T16:32:22","slug":"confira-o-plantao-policial-das-ultimas-horas-26-08-19","status":"publish","type":"post","link":"https:\/\/jorgezanoni.com.br\/2019\/confira-o-plantao-policial-das-ultimas-horas-26-08-19\/","title":{"rendered":"Confira o Plant\u00e3o Policial das \u00faltimas horas 26\/08\/19"},"content":{"rendered":"<p style=\"text-align: justify;\"><strong>HOMEM \u00c9 PRESO PELA POL\u00cdCIA MILITAR EM DRACENA\/SP, POR DESCUMPRIMENTO DE MEDIDA PROTETIVA. <\/strong><\/p>\n<p style=\"text-align: justify;\">Amea\u00e7a\/Descumprimento de Medida Protetiva \u2013 Flagrante<\/p>\n<p style=\"text-align: justify;\">Data: 23AGO19 \u00e1s 23:14.<\/p>\n<p style=\"text-align: justify;\">Endere\u00e7o: Rua Maria Moreti Carreira &#8211; Dracena \/SP.<\/p>\n<p style=\"text-align: justify;\">V\u00edtima: A.J.B.P. (36 anos)<\/p>\n<p style=\"text-align: justify;\">Autor: J.S.B. (45 anos)<\/p>\n<p style=\"text-align: justify;\">No dia 23\/08 por volta das 23h14min, os Policiais Militares de Dracena forma acionados para atender ocorr\u00eancia pela rua Maria Moreti Carreira. No local dos fatos foi constatadoque o autor J.S.B. de 45 anos, teria ido at\u00e9 a resid\u00eancia de sua ex mulher A.J.B.P. (vitima), sendo que elatem uma medida protetiva contra ele, de n\u00e3o se aproximar dela e da fam\u00edlia. Autor foi vistona esquina, onde foi abordado e conduzido \u00e0 delegacia. Onde ap\u00f3s o registro da ocorr\u00eancia de Descumprimento de medida protetiva (Desobedi\u00eancia), permanecendo preso \u00e0 disposi\u00e7\u00e3o da justi\u00e7a.<\/p>\n<p style=\"text-align: justify;\"><strong>HOMEM \u00c9 PRESO PELA POL\u00cdCIA MILITAR EM OURO VERDE\/SP, POR TR\u00c1FICO DE DROGAS. <\/strong><\/p>\n<p style=\"text-align: justify;\">Tr\u00e1fico de Drogas &#8211; Flagrante.<\/p>\n<p style=\"text-align: justify;\">Data: 25AGO19\u00e0s01h28min.<\/p>\n<p style=\"text-align: justify;\">Endere\u00e7o: Rua Amap\u00e1 &#8211; centro &#8211; Ouro Verde\/SP.<\/p>\n<p style=\"text-align: justify;\">Autor: W.M.S. (21 anos).<\/p>\n<p style=\"text-align: justify;\">Apreens\u00f5es: 0,001 Kg de maconha (07 por\u00e7\u00f5es).<\/p>\n<p style=\"text-align: justify;\">Na madrugada do dia 25\/08, por volta das 01h28min, os policiais militares de Ouro verde, durante patrulhamento se depararam com o menor parado na cal\u00e7ada em frente um terreno vazio,e este ao avistar a viatura, fugiu sentido sua resid\u00eancia, sendo acompanhado e abordado. Na busca pessoal, nada de il\u00edcito foi localizado com o mesmo, somente a quantia de R$ 82,00. Ao averiguar onde ele se encontrava parado na cal\u00e7adade fronte ao terreno baldio, foi localizado um inv\u00f3lucro de alum\u00ednio com 07 por\u00e7\u00f5es de maconha, informando ter adquirido na cidade de Dracena para seu consumo e paravenda. Diante do fato, foi dada voz de apreens\u00e3o, sendo conduzido \u00e0 delegacia permanecendo preso \u00e0 disposi\u00e7\u00e3o da justi\u00e7a.<\/p>\n<p style=\"text-align: justify;\"><strong>POL\u00cdCIA MILITAR PRENDE PROCURADO DA JUSTI\u00c7A EM DRACENA\/SP. <\/strong><\/p>\n<p style=\"text-align: justify;\">Cumprimento de Mandado de Pris\u00e3o.<\/p>\n<p style=\"text-align: justify;\">Data: 24AGO19\u00e0s11h24min.<\/p>\n<p style=\"text-align: justify;\">Endere\u00e7o: Rua Jo\u00e3o Tamaoki- Dracena\/SP.<\/p>\n<p style=\"text-align: justify;\">Procurado: R.E.S.<\/p>\n<p style=\"text-align: justify;\">Na manh\u00e3 do dia 24\/08, por volta das 11h24min, durante patrulhamento, os Policiais Militares de Dracena, abordaram R.E.S., sendo pesquisado seu RG junto ao Copom e constandomandado de pris\u00e3o em seu desfavor, ap\u00f3s a abordagem foiconduzido a plant\u00e3o onde permaneceu a disposi\u00e7\u00e3o da Justi\u00e7a.<\/p>\n<p style=\"text-align: justify;\"><strong>POL\u00cdCIA MILITAR PRENDE PROCURADO DA JUSTI\u00c7A EM OSVALDO CRUZ\/SP. <\/strong><\/p>\n<p style=\"text-align: justify;\">Cumprimento de Mandado de Pris\u00e3o.<\/p>\n<p style=\"text-align: justify;\">Data: 25AGO19\u00e0s00h50min.<\/p>\n<p style=\"text-align: justify;\">Endere\u00e7o: Rua S\u00e3o Pedro &#8211; Vila Calif\u00f3rnia\u2013Osvaldo Cruz\/SP.<\/p>\n<p style=\"text-align: justify;\">Procurado: R.F.B.<\/p>\n<p style=\"text-align: justify;\">Em patrulhamento de For\u00e7a T\u00e1tica pelo munic\u00edpio de Osvaldo Cruz, no dia 25\/08, por volta das 00h50min, os Policiais Militaresabordaram o R.F.B., sendo que nada de il\u00edcito foi localizado, por\u00e9m ap\u00f3s pesquisa junto ao Copom, constou em seu desfavor, mandado de pris\u00e3o civil. Diante do exposto, foi conduzido at\u00e9 o plant\u00e3opolicial local, onde foi dando cumprimento no referido mandado, ficando o indiv\u00edduo preso, a disposi\u00e7\u00e3o da justi\u00e7a.\u00ba<\/p>\n<p>Fonte: Com. Social Pol\u00edcia Militar 25\u00ba BPM\/I<\/p>\n","protected":false},"excerpt":{"rendered":"<p>HOMEM \u00c9 PRESO PELA POL\u00cdCIA MILITAR EM DRACENA\/SP, POR DESCUMPRIMENTO DE MEDIDA PROTETIVA. Amea\u00e7a\/Descumprimento de Medida Protetiva \u2013 Flagrante Data: 23AGO19 \u00e1s 23:14. Endere\u00e7o: Rua Maria Moreti Carreira &#8211; Dracena \/SP. V\u00edtima: A.J.B.P. (36 anos) Autor: J.S.B. (45 anos) No dia 23\/08 por volta das 23h14min, os Policiais Militares de Dracena forma acionados para atender [&hellip;]<\/p>\n","protected":false},"author":1,"featured_media":4724,"comment_status":"closed","ping_status":"open","sticky":false,"template":"","format":"standard","meta":{"footnotes":""},"categories":[110,2],"tags":[],"class_list":["post-4722","post","type-post","status-publish","format-standard","has-post-thumbnail","hentry","category-noticiasdestaque","category-policial"],"_links":{"self":[{"href":"https:\/\/jorgezanoni.com.br\/2019\/wp-json\/wp\/v2\/posts\/4722","targetHints":{"allow":["GET"]}}],"collection":[{"href":"https:\/\/jorgezanoni.com.br\/2019\/wp-json\/wp\/v2\/posts"}],"about":[{"href":"https:\/\/jorgezanoni.com.br\/2019\/wp-json\/wp\/v2\/types\/post"}],"author":[{"embeddable":true,"href":"https:\/\/jorgezanoni.com.br\/2019\/wp-json\/wp\/v2\/users\/1"}],"replies":[{"embeddable":true,"href":"https:\/\/jorgezanoni.com.br\/2019\/wp-json\/wp\/v2\/comments?post=4722"}],"version-history":[{"count":0,"href":"https:\/\/jorgezanoni.com.br\/2019\/wp-json\/wp\/v2\/posts\/4722\/revisions"}],"wp:featuredmedia":[{"embeddable":true,"href":"https:\/\/jorgezanoni.com.br\/2019\/wp-json\/wp\/v2\/media\/4724"}],"wp:attachment":[{"href":"https:\/\/jorgezanoni.com.br\/2019\/wp-json\/wp\/v2\/media?parent=4722"}],"wp:term":[{"taxonomy":"category","embeddable":true,"href":"https:\/\/jorgezanoni.com.br\/2019\/wp-json\/wp\/v2\/categories?post=4722"},{"taxonomy":"post_tag","embeddable":true,"href":"https:\/\/jorgezanoni.com.br\/2019\/wp-json\/wp\/v2\/tags?post=4722"}],"curies":[{"name":"wp","href":"https:\/\/api.w.org\/{rel}","templated":true}]}}