{"id":47205,"date":"2021-05-05T01:19:27","date_gmt":"2021-05-05T01:19:27","guid":{"rendered":"https:\/\/jorgezanoni.com.br\/2019\/?p=47205"},"modified":"2021-05-05T01:19:27","modified_gmt":"2021-05-05T01:19:27","slug":"paulo-gustavo-morre-de-covid-no-rio-aos-42-anos","status":"publish","type":"post","link":"https:\/\/jorgezanoni.com.br\/2019\/paulo-gustavo-morre-de-covid-no-rio-aos-42-anos\/","title":{"rendered":"Paulo Gustavo morre de Covid no Rio, aos 42 anos"},"content":{"rendered":"<h2 class=\"content-head__subtitle\" style=\"text-align: justify;\"><strong>Criador da personagem Dona Herm\u00ednia, de \u2018Minha m\u00e3e \u00e9 uma pe\u00e7a\u2019, o ator e humorista estava internado desde 13 de mar\u00e7o.<\/strong><\/h2>\n<div class=\"mc-column content-text active-extra-styles \" data-block-type=\"unstyled\" data-block-weight=\"19\" data-block-id=\"2\">\n<p class=\"content-text__container \" style=\"text-align: justify;\" data-track-category=\"Link no Texto\" data-track-links=\"\">O ator e humorista\u00a0<a href=\"https:\/\/g1.globo.com\/tudo-sobre\/paulo-gustavo\/\"><span class=\"highlight highlighted\">Paulo Gustavo<\/span><\/a><span class=\"highlight highlighted\">\u00a0morreu no\u00a0<\/span><a href=\"https:\/\/g1.globo.com\/rj\/rio-de-janeiro\/cidade\/rio-de-janeiro\/\"><span class=\"highlight highlighted\">Rio<\/span><\/a><span class=\"highlight highlighted\">\u00a0nesta ter\u00e7a-feira (4), aos 42 anos, de complica\u00e7\u00f5es da Covid-19<\/span>.<\/p>\n<\/div>\n<div class=\"wall protected-content\">\n<div class=\"mc-column content-text active-extra-styles \" style=\"text-align: justify;\" data-block-type=\"unstyled\" data-block-weight=\"27\" data-block-id=\"3\">\n<p class=\"content-text__container \" data-track-category=\"Link no Texto\" data-track-links=\"\">O criador de Dona Herm\u00ednia \u2014 e de outros personagens inesquec\u00edveis \u2014\u00a0<a href=\"https:\/\/g1.globo.com\/rj\/rio-de-janeiro\/noticia\/2021\/03\/15\/paulo-gustavo-e-internado-com-covid-19-no-rio.ghtml\">estava internado desde 13 de mar\u00e7o<\/a>\u00a0no Hospital Copa Star, em Copacabana, na Zona Sul.<\/p>\n<\/div>\n<div class=\"mc-column content-text active-extra-styles \" style=\"text-align: justify;\" data-block-type=\"unstyled\" data-block-weight=\"47\" data-block-id=\"4\">\n<p class=\"content-text__container \" data-track-category=\"Link no Texto\" data-track-links=\"\">A piora no quadro de sa\u00fade do ator aconteceu na noite de domingo (2). Paulo Gustavo vinha apresentando melhoras significativas, chegou a ter redu\u00e7\u00e3o de sedativos e bloqueadores e interagir com m\u00e9dicos e tamb\u00e9m com o marido, Thales Bretas. \u00c0 noite, no entanto, sofreu uma\u00a0<a href=\"https:\/\/g1.globo.com\/ciencia-e-saude\/noticia\/2021\/05\/04\/o-que-e-embolia-gasosa-disseminada-identificada-em-exames-do-ator-paulo-gustavo.ghtml\">embolia pulmonar<\/a>.<\/p>\n<\/div>\n<div class=\"mc-column content-text active-extra-styles \" style=\"text-align: justify;\" data-block-type=\"unstyled\" data-block-weight=\"28\" data-block-id=\"5\">\n<p class=\"content-text__container \" data-track-category=\"Link no Texto\" data-track-links=\"\">Nesta ter\u00e7a, novo boletim disse que o ator estava com quadro irrevers\u00edvel, mas mantinha os sinais vitais. \u00c0s\u00a0<strong>21h12<\/strong>, no entanto, foi constatada a morte de Paulo Gustavo.<\/p>\n<\/div>\n<div class=\"mc-column mc-block-embed  \" style=\"text-align: justify;\" data-block-type=\"embed-social-instagram\" data-block-id=\"6\"><iframe class=\"i-amphtml-fill-content\" title=\"Instagram: null\" src=\"https:\/\/www.instagram.com\/p\/COeNKpEBCWQ\/embed\/captioned\/?cr=1&amp;v=12\" frameborder=\"0\" scrolling=\"no\" data-mce-fragment=\"1\"><\/iframe><\/div>\n<div style=\"text-align: justify;\" data-block-type=\"embed-social-instagram\" data-block-id=\"6\"><strong>BIOGRAFIA<\/strong><\/div>\n<div style=\"text-align: justify;\" data-block-type=\"embed-social-instagram\" data-block-id=\"6\"><\/div>\n<div class=\"content-ads content-ads--reveal\" style=\"text-align: justify;\" data-block-type=\"ads\" data-block-id=\"7\">\n<div id=\"banner_materia2\" class=\"tag-manager-publicidade-container mc-has-reveal mc-has-ad-lazyload tag-manager-publicidade-banner_materia2 tag-manager-publicidade-container--carregado tag-manager-publicidade-container--visivel\" data-id=\"banner_materia2\" data-req=\"true\" data-google-query-id=\"CPHk-5OvsfACFWQC1AodnosJ7Q\" data-cid=\"138348030611\" data-lid=\"5679754073\">\n<div id=\"google_ads_iframe_\/95377733\/tvg_G1\/Sua_Regiao&gt;Sudeste&gt;Rio_de_Janeiro_3__container__\" style=\"box-sizing: inherit; margin: auto; padding: 0px; border: 0pt none; font: inherit; vertical-align: initial; max-width: 100%; width: 970px; height: 250px; text-align: justify;\"><strong>Paulo Gustavo Amaral Monteiro de Barros<\/strong> nasceu em Niter\u00f3i em 30 de outubro de 1978 e estudou teatro na Casa das Artes de Laranjeiras, no Rio, na mesma turma de F\u00e1bio Porchat.A primeira pe\u00e7a da qual participou foi \u201cO surto\u201d, em que dividia a dire\u00e7\u00e3o com Fernando Caruso, em 2004. Foi no espet\u00e1culo que apresentou pela primeira vez a personagem Dona Herm\u00ednia, que marcaria sua carreira para sempre. A m\u00e3e superprotetora e hil\u00e1ria ganhou pe\u00e7a pr\u00f3pria em 2006 e chegou ao cinema sete anos depois.<\/div>\n<\/div>\n<\/div>\n<div class=\"row medium-uncollapsed content-media content-photo\" style=\"text-align: justify;\" data-block-type=\"backstage-photo\" data-block-id=\"12\">\n<div class=\"mc-column content-media__container\">\n<div class=\"content-media-container glb-skeleton-box\">\n<figure class=\"content-media-figure\"><img decoding=\"async\" class=\"i-amphtml-fill-content i-amphtml-replaced-content\" src=\"https:\/\/s2.glbimg.com\/Y5XEuWXZbP8ELkMGkgy4IbD-FZQ=\/0x0:3000x1950\/984x0\/smart\/filters:strip_icc()\/i.s3.glbimg.com\/v1\/AUTH_59edd422c0c84a879bd37670ae4f538a\/internal_photos\/bs\/2021\/z\/P\/AO5ahpQnSLoauQtBkexg\/assets-fotos-875-fim-de-ano-na-globo-uma-programacao-com-diversao-emocao-e-entretenimento-para-todos-83456b877384.jpg\" sizes=\"(max-width: 1366px) 648px, 100vw\" srcset=\"https:\/\/s2.glbimg.com\/IxBGz3Kui8WKujFmQIsZ2C6CI9Y=\/0x0:3000x1950\/1000x0\/smart\/filters:strip_icc()\/i.s3.glbimg.com\/v1\/AUTH_59edd422c0c84a879bd37670ae4f538a\/internal_photos\/bs\/2021\/z\/P\/AO5ahpQnSLoauQtBkexg\/assets-fotos-875-fim-de-ano-na-globo-uma-programacao-com-diversao-emocao-e-entretenimento-para-todos-83456b877384.jpg 1000w, https:\/\/s2.glbimg.com\/Y5XEuWXZbP8ELkMGkgy4IbD-FZQ=\/0x0:3000x1950\/984x0\/smart\/filters:strip_icc()\/i.s3.glbimg.com\/v1\/AUTH_59edd422c0c84a879bd37670ae4f538a\/internal_photos\/bs\/2021\/z\/P\/AO5ahpQnSLoauQtBkexg\/assets-fotos-875-fim-de-ano-na-globo-uma-programacao-com-diversao-emocao-e-entretenimento-para-todos-83456b877384.jpg 984w, https:\/\/s2.glbimg.com\/7oS7LWEdtuCXj7bD1OMbQNdLMB0=\/0x0:3000x1950\/640x0\/smart\/filters:strip_icc()\/i.s3.glbimg.com\/v1\/AUTH_59edd422c0c84a879bd37670ae4f538a\/internal_photos\/bs\/2021\/z\/P\/AO5ahpQnSLoauQtBkexg\/assets-fotos-875-fim-de-ano-na-globo-uma-programacao-com-diversao-emocao-e-entretenimento-para-todos-83456b877384.jpg 640w, https:\/\/s2.glbimg.com\/G6w2eYYdOhakQQOtT9lje05AJNM=\/0x0:3000x1950\/600x0\/smart\/filters:strip_icc()\/i.s3.glbimg.com\/v1\/AUTH_59edd422c0c84a879bd37670ae4f538a\/internal_photos\/bs\/2021\/z\/P\/AO5ahpQnSLoauQtBkexg\/assets-fotos-875-fim-de-ano-na-globo-uma-programacao-com-diversao-emocao-e-entretenimento-para-todos-83456b877384.jpg 600w\" alt=\"Paulo Gustavo caracterizado de Dona Herm\u00ednia \u2014 Foto: Globo\/Victor Pollak\" \/><\/figure>\n<\/div>\n<p class=\"content-media__description \">Paulo Gustavo caracterizado de Dona Herm\u00ednia \u2014 Foto: Globo\/Victor Pollak<\/p>\n<\/div>\n<\/div>\n<div class=\"mc-column content-text active-extra-styles\" style=\"text-align: justify;\" data-block-type=\"raw\" data-block-weight=\"3\" data-block-id=\"13\">\n<div class=\"content-intertitle\">\n<h2>Recorde de bilheteria<\/h2>\n<\/div>\n<\/div>\n<div class=\"mc-column content-text active-extra-styles \" style=\"text-align: justify;\" data-block-type=\"unstyled\" data-block-weight=\"39\" data-block-id=\"14\">\n<p class=\"content-text__container \" data-track-category=\"Link no Texto\" data-track-links=\"\">Somados, os tr\u00eas filmes de \u201cMinha m\u00e3e \u00e9 uma pe\u00e7a\u201d venderam mais de 26 milh\u00f5es de ingressos entre 2013 e 2020. O terceiro filme teve a maior arrecada\u00e7\u00e3o da hist\u00f3ria do cinema brasileiro, com R$ 182 milh\u00f5es de bilheteria.<\/p>\n<p data-track-category=\"Link no Texto\" data-track-links=\"\">Al\u00e9m do sucesso de Dona Herm\u00ednia, o ator se destacou pelos filmes \u201cMinha Vida em Marte\u201d (2018) e \u201cOs Homens S\u00e3o de Marte&#8230; e \u00e9 para l\u00e1 que eu vou\u201d (2014), nos quais contracenou com a atriz e amiga M\u00f4nica Martelli. Ele interpretou o personagem An\u00edbal em ambas as com\u00e9dias.<\/p>\n<\/div>\n<div class=\"mc-column content-text active-extra-styles\" style=\"text-align: justify;\" data-block-type=\"raw\" data-block-weight=\"3\" data-block-id=\"16\">\n<div class=\"content-intertitle\">\n<h2>Carreira na TV<\/h2>\n<\/div>\n<\/div>\n<div class=\"mc-column content-text active-extra-styles \" style=\"text-align: justify;\" data-block-type=\"unstyled\" data-block-weight=\"46\" data-block-id=\"17\">\n<p class=\"content-text__container \" data-track-category=\"Link no Texto\" data-track-links=\"\">Na televis\u00e3o, Paulo apresentou em 2011 o programa \u201c220 Volts\u201d, do Multishow. Dois anos depois, no mesmo canal, ele passou integrar o elenco da sitcom &#8220;Vai que cola&#8221;, vivendo o malandro Valdomiro Lacerda. O personagem foi um sucesso tamb\u00e9m na adapta\u00e7\u00e3o para o cinema, em 2015.<\/p>\n<p data-track-category=\"Link no Texto\" data-track-links=\"\">Fonte: https:\/\/g1.globo.com\/rj\/rio-de-janeiro\/noticia\/2021\/05\/04\/paulo-gustavo-morre-de-covid-no-rio-aos-42-anos.ghtml<\/p>\n<\/div>\n<div class=\"content-ads content-ads--reveal\" data-block-type=\"ads\" data-block-id=\"18\">\n<div id=\"banner_materia__286fc35e-f22c-45db-9abc-50f5a2d45650\" class=\"tag-manager-publicidade-container mc-has-reveal mc-has-ad-lazyload tag-manager-publicidade-banner_materia__286fc35e-f22c-45db-9abc-50f5a2d45650 tag-manager-publicidade-container--carregado tag-manager-publicidade-container--visivel\" style=\"text-align: justify;\" data-id=\"banner_materia__286fc35e-f22c-45db-9abc-50f5a2d45650\" data-req=\"true\" data-google-query-id=\"CO656pavsfACFfII1AodI0QBZw\" data-cid=\"138348542633\" data-lid=\"5684211550\"><\/div>\n<\/div>\n<\/div>\n","protected":false},"excerpt":{"rendered":"<p>Criador da personagem Dona Herm\u00ednia, de \u2018Minha m\u00e3e \u00e9 uma pe\u00e7a\u2019, o ator e humorista estava internado desde 13 de mar\u00e7o. O ator e humorista\u00a0Paulo Gustavo\u00a0morreu no\u00a0Rio\u00a0nesta ter\u00e7a-feira (4), aos 42 anos, de complica\u00e7\u00f5es da Covid-19. O criador de Dona Herm\u00ednia \u2014 e de outros personagens inesquec\u00edveis \u2014\u00a0estava internado desde 13 de mar\u00e7o\u00a0no Hospital Copa [&hellip;]<\/p>\n","protected":false},"author":1,"featured_media":47206,"comment_status":"closed","ping_status":"open","sticky":false,"template":"","format":"standard","meta":{"footnotes":""},"categories":[178,110],"tags":[],"class_list":["post-47205","post","type-post","status-publish","format-standard","has-post-thumbnail","hentry","category-notadefalecimento","category-noticiasdestaque"],"_links":{"self":[{"href":"https:\/\/jorgezanoni.com.br\/2019\/wp-json\/wp\/v2\/posts\/47205","targetHints":{"allow":["GET"]}}],"collection":[{"href":"https:\/\/jorgezanoni.com.br\/2019\/wp-json\/wp\/v2\/posts"}],"about":[{"href":"https:\/\/jorgezanoni.com.br\/2019\/wp-json\/wp\/v2\/types\/post"}],"author":[{"embeddable":true,"href":"https:\/\/jorgezanoni.com.br\/2019\/wp-json\/wp\/v2\/users\/1"}],"replies":[{"embeddable":true,"href":"https:\/\/jorgezanoni.com.br\/2019\/wp-json\/wp\/v2\/comments?post=47205"}],"version-history":[{"count":0,"href":"https:\/\/jorgezanoni.com.br\/2019\/wp-json\/wp\/v2\/posts\/47205\/revisions"}],"wp:featuredmedia":[{"embeddable":true,"href":"https:\/\/jorgezanoni.com.br\/2019\/wp-json\/wp\/v2\/media\/47206"}],"wp:attachment":[{"href":"https:\/\/jorgezanoni.com.br\/2019\/wp-json\/wp\/v2\/media?parent=47205"}],"wp:term":[{"taxonomy":"category","embeddable":true,"href":"https:\/\/jorgezanoni.com.br\/2019\/wp-json\/wp\/v2\/categories?post=47205"},{"taxonomy":"post_tag","embeddable":true,"href":"https:\/\/jorgezanoni.com.br\/2019\/wp-json\/wp\/v2\/tags?post=47205"}],"curies":[{"name":"wp","href":"https:\/\/api.w.org\/{rel}","templated":true}]}}