{"id":47199,"date":"2021-05-05T01:05:01","date_gmt":"2021-05-05T01:05:01","guid":{"rendered":"https:\/\/jorgezanoni.com.br\/2019\/?p=47199"},"modified":"2021-05-05T01:06:25","modified_gmt":"2021-05-05T01:06:25","slug":"cemiterio-de-dracena-funcionara-neste-dia-das-maes-em-horario-normal","status":"publish","type":"post","link":"https:\/\/jorgezanoni.com.br\/2019\/cemiterio-de-dracena-funcionara-neste-dia-das-maes-em-horario-normal\/","title":{"rendered":"Cemit\u00e9rio de Dracena funcionar\u00e1 neste &#8220;Dia das M\u00e3es&#8221; em hor\u00e1rio normal"},"content":{"rendered":"<p style=\"text-align: justify;\"><b><i>Orienta\u00e7\u00e3o \u00e9 para que evitem aglomera\u00e7\u00f5es, devido \u00e0 pandemia da covid 19.<\/i><\/b><\/p>\n<p style=\"font-weight: 400; text-align: justify;\">O cemit\u00e9rio municipal de Dracena estar\u00e1 aberto neste Dia das M\u00e3es, mas os visitantes dever\u00e3o seguir todos os protocolos sanit\u00e1rios de seguran\u00e7a, como usar m\u00e1scara, n\u00e3o ficarem aglomerados e higienizar as m\u00e3os.<\/p>\n<p style=\"font-weight: 400; text-align: justify;\">Atualmente, o cemit\u00e9rio local est\u00e1 com 22.455 sepulturas.<\/p>\n<p style=\"font-weight: 400; text-align: justify;\">Marcelo Fernandes, assistente administrativo do campo santo, informa que ser\u00e1 instalada uma mesa na portaria principal, com \u00e1lcool em gel.<\/p>\n<p style=\"font-weight: 400; text-align: justify;\">Desde ontem, 3, equipe da Secretaria de Agricultura, Meio Ambiente e Limpeza P\u00fablica promove a limpeza e podas de \u00e1rvores no local.<\/p>\n<p style=\"font-weight: 400; text-align: justify;\">Marcelo informa que no domingo o cemit\u00e9rio funcionar\u00e1 como nos demais dias, das 7h \u00e0s 17h. E orienta para que o p\u00fablico inicie as visitas antes de o domingo, para no dia das M\u00e3es, n\u00e3o ocorrer aglomera\u00e7\u00f5es, apesar de ser um local amplo.<\/p>\n<p style=\"font-weight: 400; text-align: justify;\">Ele diz que a entrada acima do port\u00e3o principal, \u00e0 direita, ser\u00e1 usada por pessoas que t\u00eam defici\u00eancias e idosos, em ve\u00edculos.<\/p>\n<p style=\"font-weight: 400; text-align: justify;\">Marcelo afirmou que at\u00e9 sexta-feira, 7, poder\u00e3o ocorrer reformas e pinturas das sepultaras, e s\u00e1bado e domingo, a popula\u00e7\u00e3o poder\u00e1 fazer a limpeza dos t\u00famulos, incluindo lavagens.<\/p>\n<p style=\"font-weight: 400; text-align: justify;\">A Vigil\u00e2ncia Epidemiol\u00f3gica estar\u00e1 realizando no s\u00e1bado e domingo, a\u00e7\u00e3o de conscientiza\u00e7\u00e3o, a fim de informar a respeito de n\u00e3o deixar \u00e1gua parada em vasos, evitando assim o mosquito\u00a0<em>Aedes aegypti,<\/em>\u00a0transmissor da dengue, febre amarela, zika e chikungunya. Saquinhos em vasos tamb\u00e9m ser\u00e3o descartados para n\u00e3o acumular \u00e1gua.<\/p>\n<p><img loading=\"lazy\" decoding=\"async\" class=\"alignnone size-full wp-image-47200\" src=\"https:\/\/jorgezanoni.com.br\/2019\/wp-content\/uploads\/2021\/05\/cemiteiro2.jpg\" alt=\"\" width=\"960\" height=\"1280\" srcset=\"https:\/\/jorgezanoni.com.br\/2019\/wp-content\/uploads\/2021\/05\/cemiteiro2.jpg 960w, https:\/\/jorgezanoni.com.br\/2019\/wp-content\/uploads\/2021\/05\/cemiteiro2-225x300.jpg 225w, https:\/\/jorgezanoni.com.br\/2019\/wp-content\/uploads\/2021\/05\/cemiteiro2-768x1024.jpg 768w, https:\/\/jorgezanoni.com.br\/2019\/wp-content\/uploads\/2021\/05\/cemiteiro2-696x928.jpg 696w, https:\/\/jorgezanoni.com.br\/2019\/wp-content\/uploads\/2021\/05\/cemiteiro2-315x420.jpg 315w\" sizes=\"auto, (max-width: 960px) 100vw, 960px\" \/><img loading=\"lazy\" decoding=\"async\" class=\"alignnone size-full wp-image-47201\" src=\"https:\/\/jorgezanoni.com.br\/2019\/wp-content\/uploads\/2021\/05\/cemiterio.jpg\" alt=\"\" width=\"960\" height=\"1280\" srcset=\"https:\/\/jorgezanoni.com.br\/2019\/wp-content\/uploads\/2021\/05\/cemiterio.jpg 960w, https:\/\/jorgezanoni.com.br\/2019\/wp-content\/uploads\/2021\/05\/cemiterio-225x300.jpg 225w, https:\/\/jorgezanoni.com.br\/2019\/wp-content\/uploads\/2021\/05\/cemiterio-768x1024.jpg 768w, https:\/\/jorgezanoni.com.br\/2019\/wp-content\/uploads\/2021\/05\/cemiterio-696x928.jpg 696w, https:\/\/jorgezanoni.com.br\/2019\/wp-content\/uploads\/2021\/05\/cemiterio-315x420.jpg 315w\" sizes=\"auto, (max-width: 960px) 100vw, 960px\" \/> <img loading=\"lazy\" decoding=\"async\" class=\"alignnone size-full wp-image-47203\" src=\"https:\/\/jorgezanoni.com.br\/2019\/wp-content\/uploads\/2021\/05\/cemiterio3.jpg\" alt=\"\" width=\"960\" height=\"1280\" srcset=\"https:\/\/jorgezanoni.com.br\/2019\/wp-content\/uploads\/2021\/05\/cemiterio3.jpg 960w, https:\/\/jorgezanoni.com.br\/2019\/wp-content\/uploads\/2021\/05\/cemiterio3-225x300.jpg 225w, https:\/\/jorgezanoni.com.br\/2019\/wp-content\/uploads\/2021\/05\/cemiterio3-768x1024.jpg 768w, https:\/\/jorgezanoni.com.br\/2019\/wp-content\/uploads\/2021\/05\/cemiterio3-696x928.jpg 696w, https:\/\/jorgezanoni.com.br\/2019\/wp-content\/uploads\/2021\/05\/cemiterio3-315x420.jpg 315w\" sizes=\"auto, (max-width: 960px) 100vw, 960px\" \/><\/p>\n<p style=\"text-align: justify;\">Fonte: Diretoria de Comunica\u00e7\u00e3o<\/p>\n","protected":false},"excerpt":{"rendered":"<p>Orienta\u00e7\u00e3o \u00e9 para que evitem aglomera\u00e7\u00f5es, devido \u00e0 pandemia da covid 19. O cemit\u00e9rio municipal de Dracena estar\u00e1 aberto neste Dia das M\u00e3es, mas os visitantes dever\u00e3o seguir todos os protocolos sanit\u00e1rios de seguran\u00e7a, como usar m\u00e1scara, n\u00e3o ficarem aglomerados e higienizar as m\u00e3os. Atualmente, o cemit\u00e9rio local est\u00e1 com 22.455 sepulturas. Marcelo Fernandes, assistente [&hellip;]<\/p>\n","protected":false},"author":1,"featured_media":47202,"comment_status":"closed","ping_status":"open","sticky":false,"template":"","format":"standard","meta":{"footnotes":""},"categories":[179,184,110],"tags":[],"class_list":["post-47199","post","type-post","status-publish","format-standard","has-post-thumbnail","hentry","category-cidadeseregiao","category-dracena","category-noticiasdestaque"],"_links":{"self":[{"href":"https:\/\/jorgezanoni.com.br\/2019\/wp-json\/wp\/v2\/posts\/47199","targetHints":{"allow":["GET"]}}],"collection":[{"href":"https:\/\/jorgezanoni.com.br\/2019\/wp-json\/wp\/v2\/posts"}],"about":[{"href":"https:\/\/jorgezanoni.com.br\/2019\/wp-json\/wp\/v2\/types\/post"}],"author":[{"embeddable":true,"href":"https:\/\/jorgezanoni.com.br\/2019\/wp-json\/wp\/v2\/users\/1"}],"replies":[{"embeddable":true,"href":"https:\/\/jorgezanoni.com.br\/2019\/wp-json\/wp\/v2\/comments?post=47199"}],"version-history":[{"count":0,"href":"https:\/\/jorgezanoni.com.br\/2019\/wp-json\/wp\/v2\/posts\/47199\/revisions"}],"wp:featuredmedia":[{"embeddable":true,"href":"https:\/\/jorgezanoni.com.br\/2019\/wp-json\/wp\/v2\/media\/47202"}],"wp:attachment":[{"href":"https:\/\/jorgezanoni.com.br\/2019\/wp-json\/wp\/v2\/media?parent=47199"}],"wp:term":[{"taxonomy":"category","embeddable":true,"href":"https:\/\/jorgezanoni.com.br\/2019\/wp-json\/wp\/v2\/categories?post=47199"},{"taxonomy":"post_tag","embeddable":true,"href":"https:\/\/jorgezanoni.com.br\/2019\/wp-json\/wp\/v2\/tags?post=47199"}],"curies":[{"name":"wp","href":"https:\/\/api.w.org\/{rel}","templated":true}]}}