{"id":47192,"date":"2021-05-04T16:13:56","date_gmt":"2021-05-04T16:13:56","guid":{"rendered":"https:\/\/jorgezanoni.com.br\/2019\/?p=47192"},"modified":"2021-05-04T16:13:56","modified_gmt":"2021-05-04T16:13:56","slug":"em-dracena-policia-militar-apreende-drogas-em-abordagem","status":"publish","type":"post","link":"https:\/\/jorgezanoni.com.br\/2019\/em-dracena-policia-militar-apreende-drogas-em-abordagem\/","title":{"rendered":"Em Dracena, Pol\u00edcia Militar apreende Drogas em abordagem"},"content":{"rendered":"<p style=\"text-align: justify;\">Na data de ontem (03) por volta das 22h30min, equipe da Pol\u00edcia Militar em patrulhamento pelo munic\u00edpio de Dracena realizou abordagem a quatro indiv\u00edduos sendo dois maiores de idade (27 e 28 anos) e dois menores de idade.<\/p>\n<p style=\"text-align: justify;\">Durante a busca pessoal foi localizado com um dos maiores uma pequena por\u00e7\u00e3o de maconha e pr\u00f3ximo aos indiv\u00edduos foi localizado uma por\u00e7\u00e3o maior de 30 gramas de maconha em uma sacola pl\u00e1stica (0,032 gramas).<\/p>\n<p style=\"text-align: justify;\">Diante dos fatos um dos menores de idade assumiu ser sua a referida maconha, tamb\u00e9m foi apreendido 3 aparelhos celulares.<\/p>\n<p style=\"font-weight: 400; text-align: justify;\">#25BPMI<\/p>\n<p style=\"font-weight: 400; text-align: justify;\">#POLICIAMILITARSP<\/p>\n<p style=\"font-weight: 400; text-align: justify;\">#AFOR\u00c7AP\u00daBLICADES\u00c3OPAULO<\/p>\n<p style=\"font-weight: 400; text-align: justify;\">COMUNICA\u00c7\u00c3O SOCIAL DO 25BPMI<\/p>\n","protected":false},"excerpt":{"rendered":"<p>Na data de ontem (03) por volta das 22h30min, equipe da Pol\u00edcia Militar em patrulhamento pelo munic\u00edpio de Dracena realizou abordagem a quatro indiv\u00edduos sendo dois maiores de idade (27 e 28 anos) e dois menores de idade. Durante a busca pessoal foi localizado com um dos maiores uma pequena por\u00e7\u00e3o de maconha e pr\u00f3ximo [&hellip;]<\/p>\n","protected":false},"author":1,"featured_media":47193,"comment_status":"closed","ping_status":"open","sticky":false,"template":"","format":"standard","meta":{"footnotes":""},"categories":[110,2],"tags":[],"class_list":["post-47192","post","type-post","status-publish","format-standard","has-post-thumbnail","hentry","category-noticiasdestaque","category-policial"],"_links":{"self":[{"href":"https:\/\/jorgezanoni.com.br\/2019\/wp-json\/wp\/v2\/posts\/47192","targetHints":{"allow":["GET"]}}],"collection":[{"href":"https:\/\/jorgezanoni.com.br\/2019\/wp-json\/wp\/v2\/posts"}],"about":[{"href":"https:\/\/jorgezanoni.com.br\/2019\/wp-json\/wp\/v2\/types\/post"}],"author":[{"embeddable":true,"href":"https:\/\/jorgezanoni.com.br\/2019\/wp-json\/wp\/v2\/users\/1"}],"replies":[{"embeddable":true,"href":"https:\/\/jorgezanoni.com.br\/2019\/wp-json\/wp\/v2\/comments?post=47192"}],"version-history":[{"count":0,"href":"https:\/\/jorgezanoni.com.br\/2019\/wp-json\/wp\/v2\/posts\/47192\/revisions"}],"wp:featuredmedia":[{"embeddable":true,"href":"https:\/\/jorgezanoni.com.br\/2019\/wp-json\/wp\/v2\/media\/47193"}],"wp:attachment":[{"href":"https:\/\/jorgezanoni.com.br\/2019\/wp-json\/wp\/v2\/media?parent=47192"}],"wp:term":[{"taxonomy":"category","embeddable":true,"href":"https:\/\/jorgezanoni.com.br\/2019\/wp-json\/wp\/v2\/categories?post=47192"},{"taxonomy":"post_tag","embeddable":true,"href":"https:\/\/jorgezanoni.com.br\/2019\/wp-json\/wp\/v2\/tags?post=47192"}],"curies":[{"name":"wp","href":"https:\/\/api.w.org\/{rel}","templated":true}]}}