{"id":47179,"date":"2021-05-04T14:49:07","date_gmt":"2021-05-04T14:49:07","guid":{"rendered":"https:\/\/jorgezanoni.com.br\/2019\/?p=47179"},"modified":"2021-05-04T14:49:07","modified_gmt":"2021-05-04T14:49:07","slug":"policia-civil-prende-dono-de-lava-rapido-suspeito-de-trafico-de-drogas-em-dracena","status":"publish","type":"post","link":"https:\/\/jorgezanoni.com.br\/2019\/policia-civil-prende-dono-de-lava-rapido-suspeito-de-trafico-de-drogas-em-dracena\/","title":{"rendered":"Pol\u00edcia Civil prende dono de Lava-R\u00e1pido suspeito de Tr\u00e1fico de Drogas em Dracena"},"content":{"rendered":"<p style=\"text-align: justify;\"><strong>Na a\u00e7\u00e3o a Policia Civil apreendeu oito papelotes de coca\u00edna j\u00e1 prontos para venda. Tamb\u00e9m foram apreendidos cerca de R$ 650 em dinheiro e um aparelho celular.<\/strong><\/p>\n<p style=\"text-align: justify;\">A Pol\u00edcia Civil, por interm\u00e9dio das Unidades Especializadas (Delegacia de Investiga\u00e7\u00f5es Gerais &#8211; DIG, Delegacia de Investiga\u00e7\u00f5es Sobre Entorpecentes &#8211; DISE), prendeu nesta segunda-feira (3), um homem 24 anos, propriet\u00e1rio de um lava-r\u00e1pido, suspeito de estar praticando tr\u00e1fico de drogas no estabelecimento comercial.<\/p>\n<p style=\"text-align: justify;\">A\u00e7\u00e3o policial ocorreu durante trabalho de campo realizado por agentes, das Unidades Especializadas, que verificavam informa\u00e7\u00f5es sobre venda de drogas que estaria acontecendo em um lava-r\u00e1pido, localizado na regi\u00e3o central de Dracena.<\/p>\n<p style=\"text-align: justify;\">Ao se aproximarem do local investigado os policiais civis perceberam que um homem adentrou no escrit\u00f3rio do lava-r\u00e1pido e, em seguida, saiu em um ve\u00edculo que estava estacionado defronte ao estabelecimento. Diante, das suspeitas, o homem foi abordado quando deixava o local com ve\u00edculo e, ao perceber os policiais ele tentou dispensar tr\u00eas papelotes de coca\u00ednas, todas acondicionadas em fragmentos pl\u00e1sticos e aptas para venda, bem como um aparelho celular.<\/p>\n<p style=\"text-align: justify;\">Em seguida foram realizadas buscas no lava-r\u00e1pido, sendo encontradas em um arm\u00e1rio no interior do escrit\u00f3rio outras cinco por\u00e7\u00f5es do mesmo entorpecente, com mesmo tipo de embalagem. No local tamb\u00e9m foi constatado que havia v\u00e1rios recortes de fragmentos pl\u00e1sticos semelhantes aos utilizados para acondicionar as drogas, denotando que aquele im\u00f3vel era usado para embalar o material il\u00edcito. Foi apreendido ainda cerca de R$ 650 em dinheiro.<\/p>\n<p style=\"text-align: justify;\">O suspeito foi conduzido \u00e0 sede das Unidades Especializadas, junto com o material apreendido, onde foi ratificada sua a pris\u00e3o em flagrante, permanecendo \u00e0 disposi\u00e7\u00e3o da Justi\u00e7a.<\/p>\n<p style=\"text-align: justify;\">Den\u00fancias sobre tr\u00e1fico de drogas podem ser feitas pelo n\u00famero 181, o Disque-Den\u00fancia da Secretaria da Seguran\u00e7a P\u00fablica ou pelo telefone (18) 3821 3753, da Delegacia Investiga\u00e7\u00e3o Sobre Entorpecentes &#8211; DISE. O sigilo e o anonimato s\u00e3o garantidos.<\/p>\n<p style=\"text-align: justify;\">Fonte: Com. Social Pol\u00edcia Civil<\/p>\n","protected":false},"excerpt":{"rendered":"<p>Na a\u00e7\u00e3o a Policia Civil apreendeu oito papelotes de coca\u00edna j\u00e1 prontos para venda. Tamb\u00e9m foram apreendidos cerca de R$ 650 em dinheiro e um aparelho celular. A Pol\u00edcia Civil, por interm\u00e9dio das Unidades Especializadas (Delegacia de Investiga\u00e7\u00f5es Gerais &#8211; DIG, Delegacia de Investiga\u00e7\u00f5es Sobre Entorpecentes &#8211; DISE), prendeu nesta segunda-feira (3), um homem 24 [&hellip;]<\/p>\n","protected":false},"author":1,"featured_media":47180,"comment_status":"closed","ping_status":"open","sticky":false,"template":"","format":"standard","meta":{"footnotes":""},"categories":[110,2],"tags":[],"class_list":["post-47179","post","type-post","status-publish","format-standard","has-post-thumbnail","hentry","category-noticiasdestaque","category-policial"],"_links":{"self":[{"href":"https:\/\/jorgezanoni.com.br\/2019\/wp-json\/wp\/v2\/posts\/47179","targetHints":{"allow":["GET"]}}],"collection":[{"href":"https:\/\/jorgezanoni.com.br\/2019\/wp-json\/wp\/v2\/posts"}],"about":[{"href":"https:\/\/jorgezanoni.com.br\/2019\/wp-json\/wp\/v2\/types\/post"}],"author":[{"embeddable":true,"href":"https:\/\/jorgezanoni.com.br\/2019\/wp-json\/wp\/v2\/users\/1"}],"replies":[{"embeddable":true,"href":"https:\/\/jorgezanoni.com.br\/2019\/wp-json\/wp\/v2\/comments?post=47179"}],"version-history":[{"count":0,"href":"https:\/\/jorgezanoni.com.br\/2019\/wp-json\/wp\/v2\/posts\/47179\/revisions"}],"wp:featuredmedia":[{"embeddable":true,"href":"https:\/\/jorgezanoni.com.br\/2019\/wp-json\/wp\/v2\/media\/47180"}],"wp:attachment":[{"href":"https:\/\/jorgezanoni.com.br\/2019\/wp-json\/wp\/v2\/media?parent=47179"}],"wp:term":[{"taxonomy":"category","embeddable":true,"href":"https:\/\/jorgezanoni.com.br\/2019\/wp-json\/wp\/v2\/categories?post=47179"},{"taxonomy":"post_tag","embeddable":true,"href":"https:\/\/jorgezanoni.com.br\/2019\/wp-json\/wp\/v2\/tags?post=47179"}],"curies":[{"name":"wp","href":"https:\/\/api.w.org\/{rel}","templated":true}]}}