{"id":47156,"date":"2021-05-03T23:36:25","date_gmt":"2021-05-03T23:36:25","guid":{"rendered":"https:\/\/jorgezanoni.com.br\/2019\/?p=47156"},"modified":"2021-05-03T23:37:04","modified_gmt":"2021-05-03T23:37:04","slug":"pessoas-com-60-61-e-62-anos-serao-vacinados-a-partir-de-quinta-feira-em-dracena","status":"publish","type":"post","link":"https:\/\/jorgezanoni.com.br\/2019\/pessoas-com-60-61-e-62-anos-serao-vacinados-a-partir-de-quinta-feira-em-dracena\/","title":{"rendered":"Pessoas com 60, 61 e 62 anos, ser\u00e3o vacinados COVID a partir de quinta-feira em Dracena"},"content":{"rendered":"<p style=\"text-align: justify;\"><strong>VACINA COVID: PROFISSIONAIS DE EDUCA\u00c7\u00c3O<\/strong><\/p>\n<p style=\"text-align: justify;\">A partir de quarta-feira, 5, os profissionais de Educa\u00e7\u00e3o que est\u00e3o com a 2\u00aa dose agendada ter\u00e3o o servi\u00e7o na Escola Luiza Rossa Ribeiro, das 8h \u00e0s 13h, levar o cart\u00e3o de vacina\u00e7\u00e3o, RG e CPF.<\/p>\n<p style=\"text-align: justify;\"><strong>VACINA COVID: NOVO P\u00daBLICO<\/strong><\/p>\n<p style=\"text-align: justify;\">A partir de quinta-feira, 6, ser\u00e3o vacinadas as pessoas com 62, 61 e 60 anos em Dracena, nas Escolas CEP\/UME e Jo\u00e3o Vendramini, das 8h \u00e0s 13h, \u00e9 necess\u00e1rio ter a idade completa, levar RG, CPF e comprovante de resid\u00eancia.<\/p>\n<p style=\"text-align: justify;\">Fonte: Diretoria de Comunica\u00e7\u00e3o<\/p>\n","protected":false},"excerpt":{"rendered":"<p>VACINA COVID: PROFISSIONAIS DE EDUCA\u00c7\u00c3O A partir de quarta-feira, 5, os profissionais de Educa\u00e7\u00e3o que est\u00e3o com a 2\u00aa dose agendada ter\u00e3o o servi\u00e7o na Escola Luiza Rossa Ribeiro, das 8h \u00e0s 13h, levar o cart\u00e3o de vacina\u00e7\u00e3o, RG e CPF. VACINA COVID: NOVO P\u00daBLICO A partir de quinta-feira, 6, ser\u00e3o vacinadas as pessoas com [&hellip;]<\/p>\n","protected":false},"author":1,"featured_media":47157,"comment_status":"closed","ping_status":"open","sticky":false,"template":"","format":"standard","meta":{"footnotes":""},"categories":[179,184,110],"tags":[],"class_list":["post-47156","post","type-post","status-publish","format-standard","has-post-thumbnail","hentry","category-cidadeseregiao","category-dracena","category-noticiasdestaque"],"_links":{"self":[{"href":"https:\/\/jorgezanoni.com.br\/2019\/wp-json\/wp\/v2\/posts\/47156","targetHints":{"allow":["GET"]}}],"collection":[{"href":"https:\/\/jorgezanoni.com.br\/2019\/wp-json\/wp\/v2\/posts"}],"about":[{"href":"https:\/\/jorgezanoni.com.br\/2019\/wp-json\/wp\/v2\/types\/post"}],"author":[{"embeddable":true,"href":"https:\/\/jorgezanoni.com.br\/2019\/wp-json\/wp\/v2\/users\/1"}],"replies":[{"embeddable":true,"href":"https:\/\/jorgezanoni.com.br\/2019\/wp-json\/wp\/v2\/comments?post=47156"}],"version-history":[{"count":0,"href":"https:\/\/jorgezanoni.com.br\/2019\/wp-json\/wp\/v2\/posts\/47156\/revisions"}],"wp:featuredmedia":[{"embeddable":true,"href":"https:\/\/jorgezanoni.com.br\/2019\/wp-json\/wp\/v2\/media\/47157"}],"wp:attachment":[{"href":"https:\/\/jorgezanoni.com.br\/2019\/wp-json\/wp\/v2\/media?parent=47156"}],"wp:term":[{"taxonomy":"category","embeddable":true,"href":"https:\/\/jorgezanoni.com.br\/2019\/wp-json\/wp\/v2\/categories?post=47156"},{"taxonomy":"post_tag","embeddable":true,"href":"https:\/\/jorgezanoni.com.br\/2019\/wp-json\/wp\/v2\/tags?post=47156"}],"curies":[{"name":"wp","href":"https:\/\/api.w.org\/{rel}","templated":true}]}}