{"id":47144,"date":"2021-05-03T20:59:53","date_gmt":"2021-05-03T20:59:53","guid":{"rendered":"https:\/\/jorgezanoni.com.br\/2019\/?p=47144"},"modified":"2021-05-03T20:59:53","modified_gmt":"2021-05-03T20:59:53","slug":"medicina-unifadra-dracena-abre-inscricoes-para-transferencia-por-analise-de-curriculo","status":"publish","type":"post","link":"https:\/\/jorgezanoni.com.br\/2019\/medicina-unifadra-dracena-abre-inscricoes-para-transferencia-por-analise-de-curriculo\/","title":{"rendered":"Medicina: Unifadra Dracena abre inscri\u00e7\u00f5es para transfer\u00eancia por an\u00e1lise de curr\u00edculo"},"content":{"rendered":"<p style=\"text-align: justify;\"><strong><span style=\"font-size: large;\"><i>Alunos de outras institui\u00e7\u00f5es podem se candidatar \u00e0s vagas no 2\u00ba, 4\u00ba, 6\u00ba e 8\u00ba semestres do curso na Unifadra<\/i><\/span><\/strong><\/p>\n<p><span style=\"font-size: large;\">A Faculdade Unifadra\/Fundec est\u00e1 com inscri\u00e7\u00f5es abertas para receber transfer\u00eancias externas para o 2\u00ba, 4\u00ba, 6\u00ba e 8\u00ba semestres do curso de Medicina, por an\u00e1lise de curr\u00edculo. As inscri\u00e7\u00f5es para esse processo seletivo poder\u00e3o ser feitas at\u00e9 o dia 12 de julho.<\/span><\/p>\n<p><span style=\"font-size: large;\">Somente alunos regularmente matriculados em cursos de gradua\u00e7\u00e3o em Medicina de institui\u00e7\u00f5es de ensino superior brasileiras reconhecidas pelo MEC ou pelos Conselhos Estaduais de Educa\u00e7\u00e3o podem se inscrever.<\/span><\/p>\n<p><span style=\"font-size: large;\">A sele\u00e7\u00e3o para transfer\u00eancia ser\u00e1 feita por an\u00e1lise de curr\u00edculo acad\u00eamico do aluno no seu curso de Medicina. Essa an\u00e1lise tamb\u00e9m indicar\u00e1 ao candidato as adapta\u00e7\u00f5es a serem cumpridas e os respectivos semestres em que ser\u00e3o realizadas.<\/span><\/p>\n<p><span style=\"font-size: large;\">Para verificar em qual semestre poder\u00e3o realizar sua inscri\u00e7\u00e3o, os interessados devem confrontar as disciplinas cursadas em sua institui\u00e7\u00e3o com aquelas do curr\u00edculo da Unifadra (dispon\u00edvel em\u00a0<a href=\"https:\/\/fundec.edu.br\/unifadra\/graduacao\/medicina\" target=\"_blank\" rel=\"noopener noreferrer\">https:\/\/fundec.edu.br\/unifadra\/graduacao\/medicina<\/a>).<\/span><\/p>\n<p><span style=\"font-size: large;\">Para mais informa\u00e7\u00f5es, leia atentamente o edital. O resultado ser\u00e1 divulgado no dia 20 de julho e os classificados ter\u00e3o at\u00e9 o dia 30 de julho para efetuar sua matr\u00edcula.<\/span><\/p>\n<p><span style=\"font-size: large;\"><b>SERVI\u00c7O<\/b><\/span><br \/>\n<span style=\"font-size: large;\">Processo seletivo de transfer\u00eancia por an\u00e1lise de curr\u00edculo para o curso de Medicina Unifadra\/Fundec &#8211; Dracena (2\u00ba, 4\u00ba, 6\u00ba e 8\u00ba semestres)<\/span><br \/>\n<span style=\"font-size: large;\">Edital e inscri\u00e7\u00f5es pelo site:\u00a0<a href=\"https:\/\/fundec.edu.br\/unifadra\/transferenciamedicina\" target=\"_blank\" rel=\"noopener noreferrer\">https:\/\/fundec.edu.br\/unifadra\/transferenciamedicina<\/a><\/span><br \/>\n<span style=\"font-size: large;\">Envio dos documentos: at\u00e9 12\/07\/2021 (de forma digitalizada, em formato PDF)<\/span><br \/>\n<span style=\"font-size: large;\">Divulga\u00e7\u00e3o do resultado: 20\/07\/2021<\/span><br \/>\n<span style=\"font-size: large;\">Matr\u00edculas: at\u00e9 30\/07\/2021<\/span><\/p>\n<p><span style=\"font-size: large;\"><b>O curso de Medicina<\/b><\/span><\/p>\n<p><span style=\"font-size: large;\">Na Unifadra, os alunos v\u00e3o a campo desde o primeiro semestre do curso de Medicina em unidades de sa\u00fade de Dracena e regi\u00e3o. A microrregi\u00e3o de Dracena recebe os estudantes para suas atividades pr\u00e1ticas em hospitais, postos de sa\u00fade, UBS, ESFs, al\u00e9m dos programas sociais oferecidos pela pr\u00f3pria institui\u00e7\u00e3o e parceiros.<\/span><\/p>\n<p><span style=\"font-size: large;\">Nosso corpo docente \u00e9 composto por especialistas, mestres e doutores na \u00e1rea da Sa\u00fade que acompanham as constantes inova\u00e7\u00f5es da \u00e1rea e garantem a melhor capacita\u00e7\u00e3o dos alunos.<\/span><\/p>\n<p><span style=\"font-size: large;\">Nosso curso conta com v\u00e1rios laborat\u00f3rios de sa\u00fade dotados de uma infraestrutura com equipamentos tecnol\u00f3gicos de \u00faltima gera\u00e7\u00e3o e de alto custo, como simuladores real\u00edsticos, mesas simuladoras de anatomia 3D, aparelhos completos para procedimentos e pr\u00e1ticas cir\u00fargicas, equipamentos para habilidades m\u00e9dicas, morfologia, bibliotecas virtuais com acervos digitais, entre outros.<\/span><\/p>\n<p>Kenia Gomes<br \/>\nAssistente de Comunica\u00e7\u00e3o &#8211; Fundec<br \/>\nFunda\u00e7\u00e3o Dracenense de Educa\u00e7\u00e3o e Cultura<\/p>\n","protected":false},"excerpt":{"rendered":"<p>Alunos de outras institui\u00e7\u00f5es podem se candidatar \u00e0s vagas no 2\u00ba, 4\u00ba, 6\u00ba e 8\u00ba semestres do curso na Unifadra A Faculdade Unifadra\/Fundec est\u00e1 com inscri\u00e7\u00f5es abertas para receber transfer\u00eancias externas para o 2\u00ba, 4\u00ba, 6\u00ba e 8\u00ba semestres do curso de Medicina, por an\u00e1lise de curr\u00edculo. As inscri\u00e7\u00f5es para esse processo seletivo poder\u00e3o ser [&hellip;]<\/p>\n","protected":false},"author":1,"featured_media":47145,"comment_status":"closed","ping_status":"open","sticky":false,"template":"","format":"standard","meta":{"footnotes":""},"categories":[122],"tags":[],"class_list":["post-47144","post","type-post","status-publish","format-standard","has-post-thumbnail","hentry","category-saudeeducacaoeconcurso"],"_links":{"self":[{"href":"https:\/\/jorgezanoni.com.br\/2019\/wp-json\/wp\/v2\/posts\/47144","targetHints":{"allow":["GET"]}}],"collection":[{"href":"https:\/\/jorgezanoni.com.br\/2019\/wp-json\/wp\/v2\/posts"}],"about":[{"href":"https:\/\/jorgezanoni.com.br\/2019\/wp-json\/wp\/v2\/types\/post"}],"author":[{"embeddable":true,"href":"https:\/\/jorgezanoni.com.br\/2019\/wp-json\/wp\/v2\/users\/1"}],"replies":[{"embeddable":true,"href":"https:\/\/jorgezanoni.com.br\/2019\/wp-json\/wp\/v2\/comments?post=47144"}],"version-history":[{"count":0,"href":"https:\/\/jorgezanoni.com.br\/2019\/wp-json\/wp\/v2\/posts\/47144\/revisions"}],"wp:featuredmedia":[{"embeddable":true,"href":"https:\/\/jorgezanoni.com.br\/2019\/wp-json\/wp\/v2\/media\/47145"}],"wp:attachment":[{"href":"https:\/\/jorgezanoni.com.br\/2019\/wp-json\/wp\/v2\/media?parent=47144"}],"wp:term":[{"taxonomy":"category","embeddable":true,"href":"https:\/\/jorgezanoni.com.br\/2019\/wp-json\/wp\/v2\/categories?post=47144"},{"taxonomy":"post_tag","embeddable":true,"href":"https:\/\/jorgezanoni.com.br\/2019\/wp-json\/wp\/v2\/tags?post=47144"}],"curies":[{"name":"wp","href":"https:\/\/api.w.org\/{rel}","templated":true}]}}