{"id":47105,"date":"2021-05-02T23:15:27","date_gmt":"2021-05-02T23:15:27","guid":{"rendered":"https:\/\/jorgezanoni.com.br\/2019\/?p=47105"},"modified":"2021-05-02T23:15:27","modified_gmt":"2021-05-02T23:15:27","slug":"morador-do-distrito-de-jacipora-em-dracena-morre-em-tres-lagoas","status":"publish","type":"post","link":"https:\/\/jorgezanoni.com.br\/2019\/morador-do-distrito-de-jacipora-em-dracena-morre-em-tres-lagoas\/","title":{"rendered":"Morador do Distr\u00edto de Jacipor\u00e3 em Dracena, morre em Tr\u00eas Lagoas"},"content":{"rendered":"<p style=\"text-align: justify;\">Comunicamos com pesar o falecimento de Elder Rafael de Carvalho 34 anos. Ele estava internado em Hospital de Tr\u00eas Lagoas\/MS. em tratamento da Covid-19, desde o \u00faltimo dia 21 e n\u00e3o resistiu vindo a \u00f3bito na madrugada deste domingo (2).<\/p>\n<p style=\"text-align: justify;\">Deixa os pais\u00a0Cicero Carlos de Carvalho (Carlito) e Guilhermina Barbosa dos Reis Carvalho (Gue), a esposa Eva Jaqueline, irm\u00e3s e demais familiares.<\/p>\n<p style=\"text-align: justify;\">O Sepultamento ocorreu no per\u00edodo da tarde no Distr\u00edto de Jacipor\u00e3.<\/p>\n<p style=\"text-align: justify;\">O Site JZ se solidarizada com a fam\u00edlia e amigos neste dif\u00edcil momento.<\/p>\n<p style=\"text-align: justify;\">Jorge Zanoni<\/p>\n","protected":false},"excerpt":{"rendered":"<p>Comunicamos com pesar o falecimento de Elder Rafael de Carvalho 34 anos. Ele estava internado em Hospital de Tr\u00eas Lagoas\/MS. em tratamento da Covid-19, desde o \u00faltimo dia 21 e n\u00e3o resistiu vindo a \u00f3bito na madrugada deste domingo (2). Deixa os pais\u00a0Cicero Carlos de Carvalho (Carlito) e Guilhermina Barbosa dos Reis Carvalho (Gue), a [&hellip;]<\/p>\n","protected":false},"author":1,"featured_media":47106,"comment_status":"closed","ping_status":"open","sticky":false,"template":"","format":"standard","meta":{"footnotes":""},"categories":[178,110],"tags":[],"class_list":["post-47105","post","type-post","status-publish","format-standard","has-post-thumbnail","hentry","category-notadefalecimento","category-noticiasdestaque"],"_links":{"self":[{"href":"https:\/\/jorgezanoni.com.br\/2019\/wp-json\/wp\/v2\/posts\/47105","targetHints":{"allow":["GET"]}}],"collection":[{"href":"https:\/\/jorgezanoni.com.br\/2019\/wp-json\/wp\/v2\/posts"}],"about":[{"href":"https:\/\/jorgezanoni.com.br\/2019\/wp-json\/wp\/v2\/types\/post"}],"author":[{"embeddable":true,"href":"https:\/\/jorgezanoni.com.br\/2019\/wp-json\/wp\/v2\/users\/1"}],"replies":[{"embeddable":true,"href":"https:\/\/jorgezanoni.com.br\/2019\/wp-json\/wp\/v2\/comments?post=47105"}],"version-history":[{"count":0,"href":"https:\/\/jorgezanoni.com.br\/2019\/wp-json\/wp\/v2\/posts\/47105\/revisions"}],"wp:featuredmedia":[{"embeddable":true,"href":"https:\/\/jorgezanoni.com.br\/2019\/wp-json\/wp\/v2\/media\/47106"}],"wp:attachment":[{"href":"https:\/\/jorgezanoni.com.br\/2019\/wp-json\/wp\/v2\/media?parent=47105"}],"wp:term":[{"taxonomy":"category","embeddable":true,"href":"https:\/\/jorgezanoni.com.br\/2019\/wp-json\/wp\/v2\/categories?post=47105"},{"taxonomy":"post_tag","embeddable":true,"href":"https:\/\/jorgezanoni.com.br\/2019\/wp-json\/wp\/v2\/tags?post=47105"}],"curies":[{"name":"wp","href":"https:\/\/api.w.org\/{rel}","templated":true}]}}