{"id":47099,"date":"2021-05-02T21:04:21","date_gmt":"2021-05-02T21:04:21","guid":{"rendered":"https:\/\/jorgezanoni.com.br\/2019\/?p=47099"},"modified":"2021-05-02T21:14:36","modified_gmt":"2021-05-02T21:14:36","slug":"garoto-de-oito-anos-morreu-atingido-por-raio-na-noite-de-ontem-em-agua-clara","status":"publish","type":"post","link":"https:\/\/jorgezanoni.com.br\/2019\/garoto-de-oito-anos-morreu-atingido-por-raio-na-noite-de-ontem-em-agua-clara\/","title":{"rendered":"Garoto de oito anos morreu atingido por raio na noite de ontem em \u00c1gua Clara"},"content":{"rendered":"<p style=\"text-align: justify;\">Na noite de ontem, uma crian\u00e7a de 8 anos morreu atingida por um raio em \u00c1gua Clara. Conforme informou o seu irm\u00e3o Joao Tavares, o garoto\u00a0morava\u00a0na fazenda e estava\u00a0na cozinha em que foi atingido\u00a0um raio, vindo a morrer na hora. O seu vel\u00f3rio foi hoje das 8h as 10 horas, ocorrendo logo em seguida o sepultamento, no cemit\u00e9rio local,<\/p>\n<p style=\"text-align: justify;\">Fonte: https:\/\/fatosregionais.com.br\/<\/p>\n","protected":false},"excerpt":{"rendered":"<p>Na noite de ontem, uma crian\u00e7a de 8 anos morreu atingida por um raio em \u00c1gua Clara. Conforme informou o seu irm\u00e3o Joao Tavares, o garoto\u00a0morava\u00a0na fazenda e estava\u00a0na cozinha em que foi atingido\u00a0um raio, vindo a morrer na hora. O seu vel\u00f3rio foi hoje das 8h as 10 horas, ocorrendo logo em seguida o [&hellip;]<\/p>\n","protected":false},"author":1,"featured_media":47100,"comment_status":"closed","ping_status":"open","sticky":false,"template":"","format":"standard","meta":{"footnotes":""},"categories":[110,2],"tags":[],"class_list":["post-47099","post","type-post","status-publish","format-standard","has-post-thumbnail","hentry","category-noticiasdestaque","category-policial"],"_links":{"self":[{"href":"https:\/\/jorgezanoni.com.br\/2019\/wp-json\/wp\/v2\/posts\/47099","targetHints":{"allow":["GET"]}}],"collection":[{"href":"https:\/\/jorgezanoni.com.br\/2019\/wp-json\/wp\/v2\/posts"}],"about":[{"href":"https:\/\/jorgezanoni.com.br\/2019\/wp-json\/wp\/v2\/types\/post"}],"author":[{"embeddable":true,"href":"https:\/\/jorgezanoni.com.br\/2019\/wp-json\/wp\/v2\/users\/1"}],"replies":[{"embeddable":true,"href":"https:\/\/jorgezanoni.com.br\/2019\/wp-json\/wp\/v2\/comments?post=47099"}],"version-history":[{"count":0,"href":"https:\/\/jorgezanoni.com.br\/2019\/wp-json\/wp\/v2\/posts\/47099\/revisions"}],"wp:featuredmedia":[{"embeddable":true,"href":"https:\/\/jorgezanoni.com.br\/2019\/wp-json\/wp\/v2\/media\/47100"}],"wp:attachment":[{"href":"https:\/\/jorgezanoni.com.br\/2019\/wp-json\/wp\/v2\/media?parent=47099"}],"wp:term":[{"taxonomy":"category","embeddable":true,"href":"https:\/\/jorgezanoni.com.br\/2019\/wp-json\/wp\/v2\/categories?post=47099"},{"taxonomy":"post_tag","embeddable":true,"href":"https:\/\/jorgezanoni.com.br\/2019\/wp-json\/wp\/v2\/tags?post=47099"}],"curies":[{"name":"wp","href":"https:\/\/api.w.org\/{rel}","templated":true}]}}