{"id":47074,"date":"2021-05-02T13:30:24","date_gmt":"2021-05-02T13:30:24","guid":{"rendered":"https:\/\/jorgezanoni.com.br\/2019\/?p=47074"},"modified":"2021-05-02T13:30:24","modified_gmt":"2021-05-02T13:30:24","slug":"capotamento-de-veiculo-na-vicinal-que-liga-panorama-a-campinal","status":"publish","type":"post","link":"https:\/\/jorgezanoni.com.br\/2019\/capotamento-de-veiculo-na-vicinal-que-liga-panorama-a-campinal\/","title":{"rendered":"Capotamento de ve\u00edculo na vicinal que liga Panorama a Campinal"},"content":{"rendered":"<h3 class=\"post-title entry-title\" style=\"text-align: justify;\"><span style=\"font-family: Verdana, Geneva, sans-serif; font-size: 15px; color: #222222;\">Foi registrado nesta madrugada por volta das 04h30 horas um capotamento de um ve\u00edculo\u00a0 Saveiro, na Vicinal Frederico Platzek de Panorama, vicinal do Aterro Sanit\u00e1rio, que leva para o Campinal.\u00a0<\/span><\/h3>\n<div id=\"post-body-7279901325999267428\" class=\"post-body entry-content\">\n<p style=\"text-align: justify;\">Pelas apura\u00e7\u00f5es do site quando o resgate do Setor de Ambul\u00e2ncia de Panorama chegou\u00a0 no local n\u00e3o encontraram\u00a0 ningu\u00e9m no ve\u00edculo que a princ\u00edpio seria de um jovem\u00a0 morador de Paulic\u00e9ia.<\/p>\n<p style=\"text-align: justify;\">Ap\u00f3s, o jovem foi encontrado pelo familiares e est\u00e1 sendo atendido no Pronto Atendimento de Panorama e passa bem.<\/p>\n<p><img loading=\"lazy\" decoding=\"async\" class=\"alignnone size-full wp-image-47075\" src=\"https:\/\/jorgezanoni.com.br\/2019\/wp-content\/uploads\/2021\/05\/capote.jpg\" alt=\"\" width=\"640\" height=\"480\" srcset=\"https:\/\/jorgezanoni.com.br\/2019\/wp-content\/uploads\/2021\/05\/capote.jpg 640w, https:\/\/jorgezanoni.com.br\/2019\/wp-content\/uploads\/2021\/05\/capote-300x225.jpg 300w, https:\/\/jorgezanoni.com.br\/2019\/wp-content\/uploads\/2021\/05\/capote-80x60.jpg 80w, https:\/\/jorgezanoni.com.br\/2019\/wp-content\/uploads\/2021\/05\/capote-265x198.jpg 265w, https:\/\/jorgezanoni.com.br\/2019\/wp-content\/uploads\/2021\/05\/capote-560x420.jpg 560w\" sizes=\"auto, (max-width: 640px) 100vw, 640px\" \/> <img loading=\"lazy\" decoding=\"async\" class=\"alignnone size-full wp-image-47076\" src=\"https:\/\/jorgezanoni.com.br\/2019\/wp-content\/uploads\/2021\/05\/capote1.jpg\" alt=\"\" width=\"480\" height=\"640\" srcset=\"https:\/\/jorgezanoni.com.br\/2019\/wp-content\/uploads\/2021\/05\/capote1.jpg 480w, https:\/\/jorgezanoni.com.br\/2019\/wp-content\/uploads\/2021\/05\/capote1-225x300.jpg 225w, https:\/\/jorgezanoni.com.br\/2019\/wp-content\/uploads\/2021\/05\/capote1-315x420.jpg 315w\" sizes=\"auto, (max-width: 480px) 100vw, 480px\" \/> <img loading=\"lazy\" decoding=\"async\" class=\"alignnone size-full wp-image-47078\" src=\"https:\/\/jorgezanoni.com.br\/2019\/wp-content\/uploads\/2021\/05\/capote3.jpg\" alt=\"\" width=\"480\" height=\"640\" srcset=\"https:\/\/jorgezanoni.com.br\/2019\/wp-content\/uploads\/2021\/05\/capote3.jpg 480w, https:\/\/jorgezanoni.com.br\/2019\/wp-content\/uploads\/2021\/05\/capote3-225x300.jpg 225w, https:\/\/jorgezanoni.com.br\/2019\/wp-content\/uploads\/2021\/05\/capote3-315x420.jpg 315w\" sizes=\"auto, (max-width: 480px) 100vw, 480px\" \/> <img loading=\"lazy\" decoding=\"async\" class=\"alignnone size-full wp-image-47079\" src=\"https:\/\/jorgezanoni.com.br\/2019\/wp-content\/uploads\/2021\/05\/capote4.jpg\" alt=\"\" width=\"1280\" height=\"960\" srcset=\"https:\/\/jorgezanoni.com.br\/2019\/wp-content\/uploads\/2021\/05\/capote4.jpg 1280w, https:\/\/jorgezanoni.com.br\/2019\/wp-content\/uploads\/2021\/05\/capote4-300x225.jpg 300w, https:\/\/jorgezanoni.com.br\/2019\/wp-content\/uploads\/2021\/05\/capote4-1024x768.jpg 1024w, https:\/\/jorgezanoni.com.br\/2019\/wp-content\/uploads\/2021\/05\/capote4-768x576.jpg 768w, https:\/\/jorgezanoni.com.br\/2019\/wp-content\/uploads\/2021\/05\/capote4-80x60.jpg 80w, https:\/\/jorgezanoni.com.br\/2019\/wp-content\/uploads\/2021\/05\/capote4-265x198.jpg 265w, https:\/\/jorgezanoni.com.br\/2019\/wp-content\/uploads\/2021\/05\/capote4-696x522.jpg 696w, https:\/\/jorgezanoni.com.br\/2019\/wp-content\/uploads\/2021\/05\/capote4-1068x801.jpg 1068w, https:\/\/jorgezanoni.com.br\/2019\/wp-content\/uploads\/2021\/05\/capote4-560x420.jpg 560w\" sizes=\"auto, (max-width: 1280px) 100vw, 1280px\" \/><\/p>\n<p style=\"text-align: justify;\">Fonte: Panorama Not\u00edcias<\/p>\n<\/div>\n","protected":false},"excerpt":{"rendered":"<p>Foi registrado nesta madrugada por volta das 04h30 horas um capotamento de um ve\u00edculo\u00a0 Saveiro, na Vicinal Frederico Platzek de Panorama, vicinal do Aterro Sanit\u00e1rio, que leva para o Campinal.\u00a0 Pelas apura\u00e7\u00f5es do site quando o resgate do Setor de Ambul\u00e2ncia de Panorama chegou\u00a0 no local n\u00e3o encontraram\u00a0 ningu\u00e9m no ve\u00edculo que a princ\u00edpio seria [&hellip;]<\/p>\n","protected":false},"author":1,"featured_media":47077,"comment_status":"closed","ping_status":"open","sticky":false,"template":"","format":"standard","meta":{"footnotes":""},"categories":[170,110],"tags":[],"class_list":["post-47074","post","type-post","status-publish","format-standard","has-post-thumbnail","hentry","category-acidentes","category-noticiasdestaque"],"_links":{"self":[{"href":"https:\/\/jorgezanoni.com.br\/2019\/wp-json\/wp\/v2\/posts\/47074","targetHints":{"allow":["GET"]}}],"collection":[{"href":"https:\/\/jorgezanoni.com.br\/2019\/wp-json\/wp\/v2\/posts"}],"about":[{"href":"https:\/\/jorgezanoni.com.br\/2019\/wp-json\/wp\/v2\/types\/post"}],"author":[{"embeddable":true,"href":"https:\/\/jorgezanoni.com.br\/2019\/wp-json\/wp\/v2\/users\/1"}],"replies":[{"embeddable":true,"href":"https:\/\/jorgezanoni.com.br\/2019\/wp-json\/wp\/v2\/comments?post=47074"}],"version-history":[{"count":0,"href":"https:\/\/jorgezanoni.com.br\/2019\/wp-json\/wp\/v2\/posts\/47074\/revisions"}],"wp:featuredmedia":[{"embeddable":true,"href":"https:\/\/jorgezanoni.com.br\/2019\/wp-json\/wp\/v2\/media\/47077"}],"wp:attachment":[{"href":"https:\/\/jorgezanoni.com.br\/2019\/wp-json\/wp\/v2\/media?parent=47074"}],"wp:term":[{"taxonomy":"category","embeddable":true,"href":"https:\/\/jorgezanoni.com.br\/2019\/wp-json\/wp\/v2\/categories?post=47074"},{"taxonomy":"post_tag","embeddable":true,"href":"https:\/\/jorgezanoni.com.br\/2019\/wp-json\/wp\/v2\/tags?post=47074"}],"curies":[{"name":"wp","href":"https:\/\/api.w.org\/{rel}","templated":true}]}}