{"id":47057,"date":"2021-05-01T17:54:45","date_gmt":"2021-05-01T17:54:45","guid":{"rendered":"https:\/\/jorgezanoni.com.br\/2019\/?p=47057"},"modified":"2021-05-01T17:54:45","modified_gmt":"2021-05-01T17:54:45","slug":"gato-esta-desaparecido-em-dracena","status":"publish","type":"post","link":"https:\/\/jorgezanoni.com.br\/2019\/gato-esta-desaparecido-em-dracena\/","title":{"rendered":"Gato est\u00e1 desaparecido em Dracena"},"content":{"rendered":"<p style=\"text-align: justify;\">Este gato da foto encontra-se desaparecido desde o \u00faltimo dia 27. Atende pelo nome de Mimi, foi adotado h\u00e1 2 meses.<\/p>\n<p style=\"text-align: justify;\">A resid\u00eancia dos propriet\u00e1rios \u00e9 no Jardim das Palmeiras, por\u00e9m em visita h\u00e1 um veterin\u00e1rio para ser castrado, e ele escapou da gaiola na Rua Edison Silveira Campos, desde ent\u00e3o n\u00e3o foi mais visto.<\/p>\n<p>Quem encontrou ou encontrar, favor entrar em contato atrav\u00e9s do Cel. (18) 99674 6270.<\/p>\n<p>&nbsp;<\/p>\n<p>&nbsp;<\/p>\n<p>18<\/p>\n","protected":false},"excerpt":{"rendered":"<p>Este gato da foto encontra-se desaparecido desde o \u00faltimo dia 27. Atende pelo nome de Mimi, foi adotado h\u00e1 2 meses. A resid\u00eancia dos propriet\u00e1rios \u00e9 no Jardim das Palmeiras, por\u00e9m em visita h\u00e1 um veterin\u00e1rio para ser castrado, e ele escapou da gaiola na Rua Edison Silveira Campos, desde ent\u00e3o n\u00e3o foi mais visto. [&hellip;]<\/p>\n","protected":false},"author":1,"featured_media":47058,"comment_status":"closed","ping_status":"open","sticky":false,"template":"","format":"standard","meta":{"footnotes":""},"categories":[182],"tags":[],"class_list":["post-47057","post","type-post","status-publish","format-standard","has-post-thumbnail","hentry","category-classificadosachadoseperdidos"],"_links":{"self":[{"href":"https:\/\/jorgezanoni.com.br\/2019\/wp-json\/wp\/v2\/posts\/47057","targetHints":{"allow":["GET"]}}],"collection":[{"href":"https:\/\/jorgezanoni.com.br\/2019\/wp-json\/wp\/v2\/posts"}],"about":[{"href":"https:\/\/jorgezanoni.com.br\/2019\/wp-json\/wp\/v2\/types\/post"}],"author":[{"embeddable":true,"href":"https:\/\/jorgezanoni.com.br\/2019\/wp-json\/wp\/v2\/users\/1"}],"replies":[{"embeddable":true,"href":"https:\/\/jorgezanoni.com.br\/2019\/wp-json\/wp\/v2\/comments?post=47057"}],"version-history":[{"count":0,"href":"https:\/\/jorgezanoni.com.br\/2019\/wp-json\/wp\/v2\/posts\/47057\/revisions"}],"wp:featuredmedia":[{"embeddable":true,"href":"https:\/\/jorgezanoni.com.br\/2019\/wp-json\/wp\/v2\/media\/47058"}],"wp:attachment":[{"href":"https:\/\/jorgezanoni.com.br\/2019\/wp-json\/wp\/v2\/media?parent=47057"}],"wp:term":[{"taxonomy":"category","embeddable":true,"href":"https:\/\/jorgezanoni.com.br\/2019\/wp-json\/wp\/v2\/categories?post=47057"},{"taxonomy":"post_tag","embeddable":true,"href":"https:\/\/jorgezanoni.com.br\/2019\/wp-json\/wp\/v2\/tags?post=47057"}],"curies":[{"name":"wp","href":"https:\/\/api.w.org\/{rel}","templated":true}]}}