{"id":47053,"date":"2021-05-01T16:54:54","date_gmt":"2021-05-01T16:54:54","guid":{"rendered":"https:\/\/jorgezanoni.com.br\/2019\/?p=47053"},"modified":"2021-05-01T16:55:46","modified_gmt":"2021-05-01T16:55:46","slug":"carro-e-bicicleta-colidem-e-ciclista-fica-ferido-em-dracena","status":"publish","type":"post","link":"https:\/\/jorgezanoni.com.br\/2019\/carro-e-bicicleta-colidem-e-ciclista-fica-ferido-em-dracena\/","title":{"rendered":"Carro e bicicleta colidem e ciclista fica ferido em Dracena"},"content":{"rendered":"<p style=\"text-align: justify;\"><strong>Por volta de 13:00 Horas deste s\u00e1bado (1\u00ba), foi registrado um acidente de tr\u00e2nsito com v\u00edtima.<\/strong><\/p>\n<p style=\"text-align: justify;\">Segundo informa\u00e7\u00f5es obtidas pela reportagem do Site JZ, um ve\u00edculo e uma bicicleta colidiram na Rua Osvaldo Paulino dos Santos, no jardim Brasil\u00e2ndia.<\/p>\n<p style=\"text-align: justify;\">O condutor da Bicicleta ficou ferido e foi socorrido por uma Unidade de Resgate do Corpo de Bombeiros ao Pronto Atendimento Municipal.<\/p>\n<p style=\"text-align: justify;\">As Pol\u00edcias Militar e T\u00e9cnica compareceram ao local e agora ir\u00e3o apurar como ocorreu o acidente.<\/p>\n<p><img loading=\"lazy\" decoding=\"async\" class=\"alignnone size-full wp-image-47055\" src=\"https:\/\/jorgezanoni.com.br\/2019\/wp-content\/uploads\/2021\/05\/osvaldo1-2.jpg\" alt=\"\" width=\"512\" height=\"510\" srcset=\"https:\/\/jorgezanoni.com.br\/2019\/wp-content\/uploads\/2021\/05\/osvaldo1-2.jpg 512w, https:\/\/jorgezanoni.com.br\/2019\/wp-content\/uploads\/2021\/05\/osvaldo1-2-300x300.jpg 300w, https:\/\/jorgezanoni.com.br\/2019\/wp-content\/uploads\/2021\/05\/osvaldo1-2-150x150.jpg 150w, https:\/\/jorgezanoni.com.br\/2019\/wp-content\/uploads\/2021\/05\/osvaldo1-2-422x420.jpg 422w\" sizes=\"auto, (max-width: 512px) 100vw, 512px\" \/><\/p>\n<p style=\"text-align: justify;\">Jorge Zanoni<\/p>\n<p style=\"text-align: justify;\">Fotos de Internauta<\/p>\n<p>&nbsp;<\/p>\n","protected":false},"excerpt":{"rendered":"<p>Por volta de 13:00 Horas deste s\u00e1bado (1\u00ba), foi registrado um acidente de tr\u00e2nsito com v\u00edtima. Segundo informa\u00e7\u00f5es obtidas pela reportagem do Site JZ, um ve\u00edculo e uma bicicleta colidiram na Rua Osvaldo Paulino dos Santos, no jardim Brasil\u00e2ndia. O condutor da Bicicleta ficou ferido e foi socorrido por uma Unidade de Resgate do Corpo [&hellip;]<\/p>\n","protected":false},"author":1,"featured_media":47054,"comment_status":"closed","ping_status":"open","sticky":false,"template":"","format":"standard","meta":{"footnotes":""},"categories":[170,110],"tags":[],"class_list":["post-47053","post","type-post","status-publish","format-standard","has-post-thumbnail","hentry","category-acidentes","category-noticiasdestaque"],"_links":{"self":[{"href":"https:\/\/jorgezanoni.com.br\/2019\/wp-json\/wp\/v2\/posts\/47053","targetHints":{"allow":["GET"]}}],"collection":[{"href":"https:\/\/jorgezanoni.com.br\/2019\/wp-json\/wp\/v2\/posts"}],"about":[{"href":"https:\/\/jorgezanoni.com.br\/2019\/wp-json\/wp\/v2\/types\/post"}],"author":[{"embeddable":true,"href":"https:\/\/jorgezanoni.com.br\/2019\/wp-json\/wp\/v2\/users\/1"}],"replies":[{"embeddable":true,"href":"https:\/\/jorgezanoni.com.br\/2019\/wp-json\/wp\/v2\/comments?post=47053"}],"version-history":[{"count":0,"href":"https:\/\/jorgezanoni.com.br\/2019\/wp-json\/wp\/v2\/posts\/47053\/revisions"}],"wp:featuredmedia":[{"embeddable":true,"href":"https:\/\/jorgezanoni.com.br\/2019\/wp-json\/wp\/v2\/media\/47054"}],"wp:attachment":[{"href":"https:\/\/jorgezanoni.com.br\/2019\/wp-json\/wp\/v2\/media?parent=47053"}],"wp:term":[{"taxonomy":"category","embeddable":true,"href":"https:\/\/jorgezanoni.com.br\/2019\/wp-json\/wp\/v2\/categories?post=47053"},{"taxonomy":"post_tag","embeddable":true,"href":"https:\/\/jorgezanoni.com.br\/2019\/wp-json\/wp\/v2\/tags?post=47053"}],"curies":[{"name":"wp","href":"https:\/\/api.w.org\/{rel}","templated":true}]}}