{"id":4705,"date":"2019-08-26T00:39:05","date_gmt":"2019-08-26T00:39:05","guid":{"rendered":"https:\/\/jorgezanoni.com.br\/2019\/?p=4705"},"modified":"2019-08-26T00:39:05","modified_gmt":"2019-08-26T00:39:05","slug":"carro-com-tres-adultos-e-uma-crianca-capota-no-centro-de-pacaembu","status":"publish","type":"post","link":"https:\/\/jorgezanoni.com.br\/2019\/carro-com-tres-adultos-e-uma-crianca-capota-no-centro-de-pacaembu\/","title":{"rendered":"Carro com tr\u00eas adultos e uma crian\u00e7a capota no centro de Pacaembu"},"content":{"rendered":"<p style=\"text-align: justify;\">A Pol\u00edcia Militar de Pacaembu atendeu uma ocorr\u00eancia de capotamento de ve\u00edculo no centro da cidade por volta das 19h deste s\u00e1bado (24).<\/p>\n<p style=\"text-align: justify;\">O acidente ocorreu no Bairro Esplanada no pontilh\u00e3o localizado no final da Rua Rui Barbosa onde um ve\u00edculo Gol com placas de Pacaembu ocupado por tr\u00eas adultos e uma crian\u00e7a seguia no sentido bairro\/centro quando ocorreu o capotamento.<\/p>\n<p style=\"text-align: justify;\">Com o capotamento, as v\u00edtimas ficaram retidas dentro do ve\u00edculo e sa\u00edram momentos ap\u00f3s com a ajuda dos policiais militares e populares que conseguiram destravar as portas.<\/p>\n<p style=\"text-align: justify;\">O Corpo de Bombeiros de Adamantina chegou a ser acionado, por\u00e9m, foi dispensada a presen\u00e7a da corpora\u00e7\u00e3o, j\u00e1 que as v\u00edtimas n\u00e3o apresentavam ferimentos e recusaram atendimento.<\/p>\n<p style=\"text-align: justify;\">A Pol\u00edcia Militar confeccionou o boletim de ocorr\u00eancia de acidente de tr\u00e2nsito sem v\u00edtima.<\/p>\n<p style=\"text-align: justify;\">Fotos: Diego Fernandes Silva \/ Folha Regional<\/p>\n","protected":false},"excerpt":{"rendered":"<p>A Pol\u00edcia Militar de Pacaembu atendeu uma ocorr\u00eancia de capotamento de ve\u00edculo no centro da cidade por volta das 19h deste s\u00e1bado (24). O acidente ocorreu no Bairro Esplanada no pontilh\u00e3o localizado no final da Rua Rui Barbosa onde um ve\u00edculo Gol com placas de Pacaembu ocupado por tr\u00eas adultos e uma crian\u00e7a seguia no [&hellip;]<\/p>\n","protected":false},"author":1,"featured_media":4706,"comment_status":"closed","ping_status":"open","sticky":false,"template":"","format":"standard","meta":{"footnotes":""},"categories":[170,110],"tags":[],"class_list":["post-4705","post","type-post","status-publish","format-standard","has-post-thumbnail","hentry","category-acidentes","category-noticiasdestaque"],"_links":{"self":[{"href":"https:\/\/jorgezanoni.com.br\/2019\/wp-json\/wp\/v2\/posts\/4705","targetHints":{"allow":["GET"]}}],"collection":[{"href":"https:\/\/jorgezanoni.com.br\/2019\/wp-json\/wp\/v2\/posts"}],"about":[{"href":"https:\/\/jorgezanoni.com.br\/2019\/wp-json\/wp\/v2\/types\/post"}],"author":[{"embeddable":true,"href":"https:\/\/jorgezanoni.com.br\/2019\/wp-json\/wp\/v2\/users\/1"}],"replies":[{"embeddable":true,"href":"https:\/\/jorgezanoni.com.br\/2019\/wp-json\/wp\/v2\/comments?post=4705"}],"version-history":[{"count":0,"href":"https:\/\/jorgezanoni.com.br\/2019\/wp-json\/wp\/v2\/posts\/4705\/revisions"}],"wp:featuredmedia":[{"embeddable":true,"href":"https:\/\/jorgezanoni.com.br\/2019\/wp-json\/wp\/v2\/media\/4706"}],"wp:attachment":[{"href":"https:\/\/jorgezanoni.com.br\/2019\/wp-json\/wp\/v2\/media?parent=4705"}],"wp:term":[{"taxonomy":"category","embeddable":true,"href":"https:\/\/jorgezanoni.com.br\/2019\/wp-json\/wp\/v2\/categories?post=4705"},{"taxonomy":"post_tag","embeddable":true,"href":"https:\/\/jorgezanoni.com.br\/2019\/wp-json\/wp\/v2\/tags?post=4705"}],"curies":[{"name":"wp","href":"https:\/\/api.w.org\/{rel}","templated":true}]}}