{"id":47027,"date":"2021-05-01T00:32:43","date_gmt":"2021-05-01T00:32:43","guid":{"rendered":"https:\/\/jorgezanoni.com.br\/2019\/?p=47027"},"modified":"2021-05-01T00:32:43","modified_gmt":"2021-05-01T00:32:43","slug":"morre-charleston-barbosa-vitima-de-acidente-na-sp-294-ha-alguns-dias-o-irmao-marcos-barbosa-pastor-havia-morrido-no-local","status":"publish","type":"post","link":"https:\/\/jorgezanoni.com.br\/2019\/morre-charleston-barbosa-vitima-de-acidente-na-sp-294-ha-alguns-dias-o-irmao-marcos-barbosa-pastor-havia-morrido-no-local\/","title":{"rendered":"Morre Charleston Barbosa, v\u00edtima de acidente na SP-294 h\u00e1 alguns dias. O irm\u00e3o Marcos Barbosa (Pastor) havia morrido no local"},"content":{"rendered":"<div class=\"kvgmc6g5 cxmmr5t8 oygrvhab hcukyx3x c1et5uql ii04i59q\">\n<div dir=\"auto\" style=\"text-align: justify;\">Faleceu agora h\u00e1 pouco em unidade hospitalar de Presidente Prudente o morador de Pauliceia, Charleston Barbosa, de 43 anos, que no dia 14 de abril se envolveu em acidente onde seu irm\u00e3o veio a \u00f3bito no local.<\/div>\n<div dir=\"auto\"><\/div>\n<\/div>\n<div class=\"o9v6fnle cxmmr5t8 oygrvhab hcukyx3x c1et5uql ii04i59q\" style=\"text-align: justify;\">\n<div dir=\"auto\">O acidente ocorreu no fim da tarde em momento de chuva e tirou a vida do pastor Marcos de 39 anos que dirigia a caminhonete Nissan Frontier. Na \u00e9poca foi divulgado que Charleston ficou gravemente ferido. A Caminhonete colidiu contra um caminh\u00e3o Mercedes Benz L1313. O motorista do caminh\u00e3o n\u00e3o feriu.<\/div>\n<div dir=\"auto\"><\/div>\n<\/div>\n<div class=\"o9v6fnle cxmmr5t8 oygrvhab hcukyx3x c1et5uql ii04i59q\">\n<div dir=\"auto\" style=\"text-align: justify;\">Nas informa\u00e7\u00f5es apuradas do Panorama Noticia consta que o vel\u00f3rio e sepultamento ocorrer\u00e3o em Dracena.<\/div>\n<div dir=\"auto\"><\/div>\n<\/div>\n<div class=\"o9v6fnle cxmmr5t8 oygrvhab hcukyx3x c1et5uql ii04i59q\">\n<div dir=\"auto\">Fonte: Panorama Not\u00edcias<\/div>\n<div dir=\"auto\"><\/div>\n<div dir=\"auto\">VEJA NO LINK, A MAT\u00c9RIA COMPLETA DO ACIDENTE: https:\/\/jorgezanoni.com.br\/2019\/2021\/04\/14\/pastor-da-igreja-torre-forte-morre-em-acidente-na-sp-294\/<\/div>\n<div dir=\"auto\"><\/div>\n<div dir=\"auto\">Jorge Zanoni<\/div>\n<\/div>\n<div dir=\"auto\"><\/div>\n","protected":false},"excerpt":{"rendered":"<p>Faleceu agora h\u00e1 pouco em unidade hospitalar de Presidente Prudente o morador de Pauliceia, Charleston Barbosa, de 43 anos, que no dia 14 de abril se envolveu em acidente onde seu irm\u00e3o veio a \u00f3bito no local. O acidente ocorreu no fim da tarde em momento de chuva e tirou a vida do pastor Marcos [&hellip;]<\/p>\n","protected":false},"author":1,"featured_media":47028,"comment_status":"closed","ping_status":"open","sticky":false,"template":"","format":"standard","meta":{"footnotes":""},"categories":[170,110],"tags":[],"class_list":["post-47027","post","type-post","status-publish","format-standard","has-post-thumbnail","hentry","category-acidentes","category-noticiasdestaque"],"_links":{"self":[{"href":"https:\/\/jorgezanoni.com.br\/2019\/wp-json\/wp\/v2\/posts\/47027","targetHints":{"allow":["GET"]}}],"collection":[{"href":"https:\/\/jorgezanoni.com.br\/2019\/wp-json\/wp\/v2\/posts"}],"about":[{"href":"https:\/\/jorgezanoni.com.br\/2019\/wp-json\/wp\/v2\/types\/post"}],"author":[{"embeddable":true,"href":"https:\/\/jorgezanoni.com.br\/2019\/wp-json\/wp\/v2\/users\/1"}],"replies":[{"embeddable":true,"href":"https:\/\/jorgezanoni.com.br\/2019\/wp-json\/wp\/v2\/comments?post=47027"}],"version-history":[{"count":0,"href":"https:\/\/jorgezanoni.com.br\/2019\/wp-json\/wp\/v2\/posts\/47027\/revisions"}],"wp:featuredmedia":[{"embeddable":true,"href":"https:\/\/jorgezanoni.com.br\/2019\/wp-json\/wp\/v2\/media\/47028"}],"wp:attachment":[{"href":"https:\/\/jorgezanoni.com.br\/2019\/wp-json\/wp\/v2\/media?parent=47027"}],"wp:term":[{"taxonomy":"category","embeddable":true,"href":"https:\/\/jorgezanoni.com.br\/2019\/wp-json\/wp\/v2\/categories?post=47027"},{"taxonomy":"post_tag","embeddable":true,"href":"https:\/\/jorgezanoni.com.br\/2019\/wp-json\/wp\/v2\/tags?post=47027"}],"curies":[{"name":"wp","href":"https:\/\/api.w.org\/{rel}","templated":true}]}}