{"id":47007,"date":"2021-04-30T22:19:57","date_gmt":"2021-04-30T22:19:57","guid":{"rendered":"https:\/\/jorgezanoni.com.br\/2019\/?p=47007"},"modified":"2021-04-30T22:19:57","modified_gmt":"2021-04-30T22:19:57","slug":"vacina-fora-do-prazo-de-validade-secretaria-de-estado-de-saude-recomenda-que-sejam-revacinadas-as-80-pessoas","status":"publish","type":"post","link":"https:\/\/jorgezanoni.com.br\/2019\/vacina-fora-do-prazo-de-validade-secretaria-de-estado-de-saude-recomenda-que-sejam-revacinadas-as-80-pessoas\/","title":{"rendered":"VACINA FORA DO PRAZO DE VALIDADE: Secretaria de Estado de Sa\u00fade recomenda  que sejam Revacinadas as 80 Pessoas"},"content":{"rendered":"<p style=\"text-align: justify;\"><strong><em>A Secretaria Municipal de Sa\u00fade de Dracena informa que neste s\u00e1bado, feriado nacional, o servi\u00e7o ser\u00e1 oferecido a esse p\u00fablico na Policl\u00ednica.<\/em><\/strong><\/p>\n<p style=\"text-align: justify;\">A Secretaria Municipal de Sa\u00fade de Dracena informa que neste s\u00e1bado, 1\u00b0 de maio, feriado nacional, ser\u00e3o imunizadas as 80 pessoas que receberam a dose da vacina covid 19 fora do prazo de validade. As doses tratam-se do lote 4120Z001 do fabricante Oxford\/AstraZeneca e foram aplicadas entre os dias 14 e 15 deste m\u00eas.<\/p>\n<p style=\"text-align: justify;\">A recomenda\u00e7\u00e3o da Secretaria de Estado da Sa\u00fade \u00e9 vacinar essas 80 pessoas com a vacina do mesmo fabricante.<\/p>\n<p style=\"text-align: justify;\">O prefeito Andr\u00e9 Lemos assim como tomou conhecido do caso informou a popula\u00e7\u00e3o e a imprensa sobre o ocorrido. O site Metr\u00f3poles informou no s\u00e1bado, 24, que at\u00e9 160 cidades em 23 estados aplicaram vacinas vencidas contra a Covid-19 na popula\u00e7\u00e3o, segundo dados oficiais do Minist\u00e9rio da Sa\u00fade.<\/p>\n<p style=\"text-align: justify;\">A recomenda\u00e7\u00e3o de serem vacinadas essas 80 pessoas \u00e9 uma recomenda\u00e7\u00e3o\u00a0<a href=\"https:\/\/www.saude.sp.gov.br\/cve-centro-de-vigilancia-epidemiologica-prof.-alexandre-vranjac\/areas-de-vigilancia\/imunizacao\/sala-de-capacitacao-campanha-de-vacinacao-covid-19\/documento-tecnico\" target=\"_blank\" rel=\"noopener noreferrer\">t\u00e9cnica da Secretaria da Sa\u00fade &#8211; Governo do Estado de S\u00e3o Paulo<\/a>\u00a0que enviou informa\u00e7\u00e3o ao munic\u00edpio.<\/p>\n<p style=\"text-align: justify;\"><strong>SERVI\u00c7O<\/strong><\/p>\n<p style=\"text-align: justify;\">Neste s\u00e1bado 8h \u00e0s 12h, na Policl\u00ednica (Bairro S\u00e3o Crist\u00f3v\u00e3o). Levar documento com foto. Apenas para as 80 pessoas que receberam a vacina que corresponde ao lote 4120Z001 do fabricante Oxford\/AstraZeneca.<\/p>\n<p style=\"text-align: justify;\"><strong>CONFIRA NA \u00cdNTEGRA INFORMA\u00c7\u00c3O ENVIADA PELO ESTADO \u00c0 SECRETARIA DE SA\u00daDE DRACENENSE\u00a0<\/strong><\/p>\n<p style=\"text-align: justify;\"><strong>Conforme o Manual de Vigil\u00e2ncia Epidemiol\u00f3gica de Eventos Adversos P\u00f3s-Vacina\u00e7\u00e3o:<\/strong><\/p>\n<p style=\"text-align: justify;\"><em>&#8220;Vacinas fora do prazo de validade: todas as vacinas t\u00eam um prazo determinado pelo fabricante. \u00c9 improv\u00e1vel que a vacina deixe de vigorar no dia do vencimento; todavia, existe a possibilidade de degrada\u00e7\u00e3o da vacina ao longo do tempo e a consequente diminui\u00e7\u00e3o da sua pot\u00eancia. Por esse motivo, quando uma vacina \u00e9 administrada fora de seu prazo de validade, a revacina\u00e7\u00e3o deve ser considerada seguindo as recomenda\u00e7\u00f5es contidas no cronograma de revacina\u00e7\u00e3o&#8221;.<\/em><\/p>\n<p style=\"text-align: justify;\"><em>Assim sendo, as doses das vacinas vencidas usadas em Dracena dever\u00e3o ser consideradas inv\u00e1lidas. \u00a0<\/em><\/p>\n<p style=\"text-align: justify;\"><em>Portanto, recomendo: \u00a0<\/em><\/p>\n<p style=\"text-align: justify;\"><em>\u00a01) Notificar todos os casos de erro de vacina\u00e7\u00e3o no Vacivida\/m\u00f3dulo EAPV e encaminhar os c\u00f3digos para encerramento; \u00a0<\/em><\/p>\n<p style=\"text-align: justify;\"><em>2) Refazer as doses com o mesmo imunobiol\u00f3gico envolvido nos erros. Por se tratar de uma vacina de v\u00edrus n\u00e3o replicante, os pacientes podem ser vacinados sem intervalo m\u00ednimo a partir do erro. Para aqueles que tiveram evento adverso sist\u00eamico leve ap\u00f3s a dose vencida, vale lembrar que o risco de evento adverso ap\u00f3s uma segunda dose \u00e9 menor; \u00a0<\/em><\/p>\n<p style=\"text-align: justify;\"><em>3) Adequar as condutas dentro das salas de vacina do munic\u00edpio em quest\u00e3o, promovendo treinamentos e cria\u00e7\u00e3o de procedimentos operacionais padr\u00f5es em imuniza\u00e7\u00e3o (ver documento T\u00e9cnico da Campanha &#8211;\u00a0<\/em><em><a href=\"https:\/\/www.saude.sp.gov.br\/cve-centro-de-vigilancia-epidemiologica-prof.-alexandre-vranjac\/areas-de-vigilancia\/imunizacao\/sala-de-capacitacao-campanha-de-vacinacao-covid-19\/documento-tecnico\" target=\"_blank\" rel=\"noopener noreferrer\">https:\/\/www.saude.sp.gov.br\/cve-centro-de-vigilancia-epidemiologica-prof.-alexandre-vranjac\/areas-de-vigilancia\/imunizacao\/sala-de-capacitacao-campanha-de-vacinacao-covid-19\/documento-tecnico<\/a><\/em><em>). A data de validade e a temperatura de conserva\u00e7\u00e3o devem ser sempre verificadas antes de se usar o frasco de uma vacina. Al\u00e9m disso, no ato da administra\u00e7\u00e3o da dose \u00e9 importante verificar o volume aspirado para que o mesmo atenda o preconizado por cada fabricante.\u00a0<\/em><\/p>\n<p style=\"text-align: justify;\"><strong><em>Eder Gatti<\/em><\/strong><\/p>\n<p style=\"text-align: justify;\"><strong><em>M\u00e9dico I<\/em><\/strong><\/p>\n<p style=\"text-align: justify;\"><strong><em>Divis\u00e3o de Imuniza\u00e7\u00e3o\/CVE\/CCD\/SES-SP&#8221;<\/em><\/strong><\/p>\n<p>Fonte: Diretoria de Comunica\u00e7\u00e3o<\/p>\n","protected":false},"excerpt":{"rendered":"<p>A Secretaria Municipal de Sa\u00fade de Dracena informa que neste s\u00e1bado, feriado nacional, o servi\u00e7o ser\u00e1 oferecido a esse p\u00fablico na Policl\u00ednica. A Secretaria Municipal de Sa\u00fade de Dracena informa que neste s\u00e1bado, 1\u00b0 de maio, feriado nacional, ser\u00e3o imunizadas as 80 pessoas que receberam a dose da vacina covid 19 fora do prazo de [&hellip;]<\/p>\n","protected":false},"author":1,"featured_media":47008,"comment_status":"closed","ping_status":"open","sticky":false,"template":"","format":"standard","meta":{"footnotes":""},"categories":[179,184,110],"tags":[],"class_list":["post-47007","post","type-post","status-publish","format-standard","has-post-thumbnail","hentry","category-cidadeseregiao","category-dracena","category-noticiasdestaque"],"_links":{"self":[{"href":"https:\/\/jorgezanoni.com.br\/2019\/wp-json\/wp\/v2\/posts\/47007","targetHints":{"allow":["GET"]}}],"collection":[{"href":"https:\/\/jorgezanoni.com.br\/2019\/wp-json\/wp\/v2\/posts"}],"about":[{"href":"https:\/\/jorgezanoni.com.br\/2019\/wp-json\/wp\/v2\/types\/post"}],"author":[{"embeddable":true,"href":"https:\/\/jorgezanoni.com.br\/2019\/wp-json\/wp\/v2\/users\/1"}],"replies":[{"embeddable":true,"href":"https:\/\/jorgezanoni.com.br\/2019\/wp-json\/wp\/v2\/comments?post=47007"}],"version-history":[{"count":0,"href":"https:\/\/jorgezanoni.com.br\/2019\/wp-json\/wp\/v2\/posts\/47007\/revisions"}],"wp:featuredmedia":[{"embeddable":true,"href":"https:\/\/jorgezanoni.com.br\/2019\/wp-json\/wp\/v2\/media\/47008"}],"wp:attachment":[{"href":"https:\/\/jorgezanoni.com.br\/2019\/wp-json\/wp\/v2\/media?parent=47007"}],"wp:term":[{"taxonomy":"category","embeddable":true,"href":"https:\/\/jorgezanoni.com.br\/2019\/wp-json\/wp\/v2\/categories?post=47007"},{"taxonomy":"post_tag","embeddable":true,"href":"https:\/\/jorgezanoni.com.br\/2019\/wp-json\/wp\/v2\/tags?post=47007"}],"curies":[{"name":"wp","href":"https:\/\/api.w.org\/{rel}","templated":true}]}}