{"id":46999,"date":"2021-04-30T21:39:10","date_gmt":"2021-04-30T21:39:10","guid":{"rendered":"https:\/\/jorgezanoni.com.br\/2019\/?p=46999"},"modified":"2021-04-30T21:39:10","modified_gmt":"2021-04-30T21:39:10","slug":"rio-aguapei-apos-denuncias-ministerio-publico-e-policia-ambiental-averiguam-suposta-poluicao-e-morte-de-peixes","status":"publish","type":"post","link":"https:\/\/jorgezanoni.com.br\/2019\/rio-aguapei-apos-denuncias-ministerio-publico-e-policia-ambiental-averiguam-suposta-poluicao-e-morte-de-peixes\/","title":{"rendered":"RIO AGUAPE\u00cd: Ap\u00f3s denuncias, Minist\u00e9rio P\u00fablico e Pol\u00edcia Ambiental averiguam suposta polui\u00e7\u00e3o e morte de peixes"},"content":{"rendered":"<p>O Minist\u00e9rio P\u00fablico apura uma den\u00fancia de suposta polui\u00e7\u00e3o e danos ambientais ao Rio Aguape\u00ed, mais especificamente na divisa entre os munic\u00edpios de Adamantina e Valpara\u00edso.<\/p>\n<p>A Pol\u00edcia Ambiental de Dracena que atua naquela \u00e1rea foi oficiada pela Promotoria de Justi\u00e7a e esteve no local onde foram coletadas imagens e tamb\u00e9m foi confeccionado o boletim de ocorr\u00eancia.<\/p>\n<p>Em paralelo, a Pol\u00edcia Ambiental de Ara\u00e7atuba tamb\u00e9m atua no caso.<\/p>\n<p><a href=\"https:\/\/i2.wp.com\/ifolharegional.com.br\/wp-content\/uploads\/2021\/04\/e9a8fa1e-2234-4343-a890-01f782c354fd.jpg?ssl=1\"><img loading=\"lazy\" decoding=\"async\" class=\"aligncenter size-full wp-image-37650 lazy loaded\" src=\"https:\/\/i2.wp.com\/ifolharegional.com.br\/wp-content\/uploads\/2021\/04\/e9a8fa1e-2234-4343-a890-01f782c354fd.jpg?resize=740%2C587&amp;ssl=1\" sizes=\"auto, (max-width: 740px) 100vw, 740px\" srcset=\"https:\/\/i2.wp.com\/ifolharegional.com.br\/wp-content\/uploads\/2021\/04\/e9a8fa1e-2234-4343-a890-01f782c354fd.jpg?w=756&amp;ssl=1 756w, https:\/\/i2.wp.com\/ifolharegional.com.br\/wp-content\/uploads\/2021\/04\/e9a8fa1e-2234-4343-a890-01f782c354fd.jpg?resize=300%2C238&amp;ssl=1 300w\" alt=\"\" width=\"740\" height=\"587\" data-attachment-id=\"37650\" data-permalink=\"https:\/\/ifolharegional.com.br\/2021\/04\/30\/rio-aguapei-apos-denuncias-ministerio-publico-e-policia-ambiental-averiguam-suposta-poluicao-e-morte-de-peixes\/e9a8fa1e-2234-4343-a890-01f782c354fd\/\" data-orig-file=\"https:\/\/i2.wp.com\/ifolharegional.com.br\/wp-content\/uploads\/2021\/04\/e9a8fa1e-2234-4343-a890-01f782c354fd.jpg?fit=756%2C600&amp;ssl=1\" data-orig-size=\"756,600\" data-comments-opened=\"0\" data-image-meta=\"{&quot;aperture&quot;:&quot;0&quot;,&quot;credit&quot;:&quot;&quot;,&quot;camera&quot;:&quot;&quot;,&quot;caption&quot;:&quot;&quot;,&quot;created_timestamp&quot;:&quot;0&quot;,&quot;copyright&quot;:&quot;&quot;,&quot;focal_length&quot;:&quot;0&quot;,&quot;iso&quot;:&quot;0&quot;,&quot;shutter_speed&quot;:&quot;0&quot;,&quot;title&quot;:&quot;&quot;,&quot;orientation&quot;:&quot;0&quot;}\" data-image-title=\"e9a8fa1e-2234-4343-a890-01f782c354fd\" data-image-description=\"\" data-medium-file=\"https:\/\/i2.wp.com\/ifolharegional.com.br\/wp-content\/uploads\/2021\/04\/e9a8fa1e-2234-4343-a890-01f782c354fd.jpg?fit=300%2C238&amp;ssl=1\" data-large-file=\"https:\/\/i2.wp.com\/ifolharegional.com.br\/wp-content\/uploads\/2021\/04\/e9a8fa1e-2234-4343-a890-01f782c354fd.jpg?fit=740%2C587&amp;ssl=1\" data-src=\"https:\/\/i2.wp.com\/ifolharegional.com.br\/wp-content\/uploads\/2021\/04\/e9a8fa1e-2234-4343-a890-01f782c354fd.jpg?resize=740%2C587&amp;ssl=1\" data-srcset=\"https:\/\/i2.wp.com\/ifolharegional.com.br\/wp-content\/uploads\/2021\/04\/e9a8fa1e-2234-4343-a890-01f782c354fd.jpg?w=756&amp;ssl=1 756w, https:\/\/i2.wp.com\/ifolharegional.com.br\/wp-content\/uploads\/2021\/04\/e9a8fa1e-2234-4343-a890-01f782c354fd.jpg?resize=300%2C238&amp;ssl=1 300w\" data-sizes=\"(max-width: 740px) 100vw, 740px\" data-was-processed=\"true\" \/><\/a><\/p>\n<p>Os agentes das unidades da CETESB de Ara\u00e7atuba e Dracena foram deslocados para o local para a coleta de amostras de \u00e1gua e peixes.<\/p>\n<p>V\u00eddeos e imagens que circulam atrav\u00e9s de aplicativos de mensagens mostram a \u00e1gua com manchas escuras e que aparentam a a\u00e7\u00e3o de agentes poluidores, peixes mortos e outros dejetos que poderiam estar contaminando o Rio Aguape\u00ed.<\/p>\n<p><img loading=\"lazy\" decoding=\"async\" class=\"alignnone size-full wp-image-47000\" src=\"https:\/\/jorgezanoni.com.br\/2019\/wp-content\/uploads\/2021\/04\/rio.jpg\" alt=\"\" width=\"785\" height=\"843\" srcset=\"https:\/\/jorgezanoni.com.br\/2019\/wp-content\/uploads\/2021\/04\/rio.jpg 785w, https:\/\/jorgezanoni.com.br\/2019\/wp-content\/uploads\/2021\/04\/rio-279x300.jpg 279w, https:\/\/jorgezanoni.com.br\/2019\/wp-content\/uploads\/2021\/04\/rio-768x825.jpg 768w, https:\/\/jorgezanoni.com.br\/2019\/wp-content\/uploads\/2021\/04\/rio-696x747.jpg 696w, https:\/\/jorgezanoni.com.br\/2019\/wp-content\/uploads\/2021\/04\/rio-391x420.jpg 391w\" sizes=\"auto, (max-width: 785px) 100vw, 785px\" \/> <img loading=\"lazy\" decoding=\"async\" class=\"alignnone size-full wp-image-47001\" src=\"https:\/\/jorgezanoni.com.br\/2019\/wp-content\/uploads\/2021\/04\/Rio1.jpg\" alt=\"\" width=\"581\" height=\"1032\" srcset=\"https:\/\/jorgezanoni.com.br\/2019\/wp-content\/uploads\/2021\/04\/Rio1.jpg 581w, https:\/\/jorgezanoni.com.br\/2019\/wp-content\/uploads\/2021\/04\/Rio1-169x300.jpg 169w, https:\/\/jorgezanoni.com.br\/2019\/wp-content\/uploads\/2021\/04\/Rio1-576x1024.jpg 576w, https:\/\/jorgezanoni.com.br\/2019\/wp-content\/uploads\/2021\/04\/Rio1-236x420.jpg 236w\" sizes=\"auto, (max-width: 581px) 100vw, 581px\" \/> <img loading=\"lazy\" decoding=\"async\" class=\"alignnone size-full wp-image-47002\" src=\"https:\/\/jorgezanoni.com.br\/2019\/wp-content\/uploads\/2021\/04\/rio2.jpg\" alt=\"\" width=\"581\" height=\"1032\" srcset=\"https:\/\/jorgezanoni.com.br\/2019\/wp-content\/uploads\/2021\/04\/rio2.jpg 581w, https:\/\/jorgezanoni.com.br\/2019\/wp-content\/uploads\/2021\/04\/rio2-169x300.jpg 169w, https:\/\/jorgezanoni.com.br\/2019\/wp-content\/uploads\/2021\/04\/rio2-576x1024.jpg 576w, https:\/\/jorgezanoni.com.br\/2019\/wp-content\/uploads\/2021\/04\/rio2-236x420.jpg 236w\" sizes=\"auto, (max-width: 581px) 100vw, 581px\" \/> <img loading=\"lazy\" decoding=\"async\" class=\"alignnone size-full wp-image-47003\" src=\"https:\/\/jorgezanoni.com.br\/2019\/wp-content\/uploads\/2021\/04\/rio3.jpg\" alt=\"\" width=\"774\" height=\"1032\" srcset=\"https:\/\/jorgezanoni.com.br\/2019\/wp-content\/uploads\/2021\/04\/rio3.jpg 774w, https:\/\/jorgezanoni.com.br\/2019\/wp-content\/uploads\/2021\/04\/rio3-225x300.jpg 225w, https:\/\/jorgezanoni.com.br\/2019\/wp-content\/uploads\/2021\/04\/rio3-768x1024.jpg 768w, https:\/\/jorgezanoni.com.br\/2019\/wp-content\/uploads\/2021\/04\/rio3-696x928.jpg 696w, https:\/\/jorgezanoni.com.br\/2019\/wp-content\/uploads\/2021\/04\/rio3-315x420.jpg 315w\" sizes=\"auto, (max-width: 774px) 100vw, 774px\" \/>Fonte: Folha Regional<\/p>\n<p>Fotos de Internautas<\/p>\n","protected":false},"excerpt":{"rendered":"<p>O Minist\u00e9rio P\u00fablico apura uma den\u00fancia de suposta polui\u00e7\u00e3o e danos ambientais ao Rio Aguape\u00ed, mais especificamente na divisa entre os munic\u00edpios de Adamantina e Valpara\u00edso. A Pol\u00edcia Ambiental de Dracena que atua naquela \u00e1rea foi oficiada pela Promotoria de Justi\u00e7a e esteve no local onde foram coletadas imagens e tamb\u00e9m foi confeccionado o boletim [&hellip;]<\/p>\n","protected":false},"author":1,"featured_media":47005,"comment_status":"closed","ping_status":"open","sticky":false,"template":"","format":"standard","meta":{"footnotes":""},"categories":[176,110],"tags":[],"class_list":["post-46999","post","type-post","status-publish","format-standard","has-post-thumbnail","hentry","category-meioambienteeagricultura","category-noticiasdestaque"],"_links":{"self":[{"href":"https:\/\/jorgezanoni.com.br\/2019\/wp-json\/wp\/v2\/posts\/46999","targetHints":{"allow":["GET"]}}],"collection":[{"href":"https:\/\/jorgezanoni.com.br\/2019\/wp-json\/wp\/v2\/posts"}],"about":[{"href":"https:\/\/jorgezanoni.com.br\/2019\/wp-json\/wp\/v2\/types\/post"}],"author":[{"embeddable":true,"href":"https:\/\/jorgezanoni.com.br\/2019\/wp-json\/wp\/v2\/users\/1"}],"replies":[{"embeddable":true,"href":"https:\/\/jorgezanoni.com.br\/2019\/wp-json\/wp\/v2\/comments?post=46999"}],"version-history":[{"count":0,"href":"https:\/\/jorgezanoni.com.br\/2019\/wp-json\/wp\/v2\/posts\/46999\/revisions"}],"wp:featuredmedia":[{"embeddable":true,"href":"https:\/\/jorgezanoni.com.br\/2019\/wp-json\/wp\/v2\/media\/47005"}],"wp:attachment":[{"href":"https:\/\/jorgezanoni.com.br\/2019\/wp-json\/wp\/v2\/media?parent=46999"}],"wp:term":[{"taxonomy":"category","embeddable":true,"href":"https:\/\/jorgezanoni.com.br\/2019\/wp-json\/wp\/v2\/categories?post=46999"},{"taxonomy":"post_tag","embeddable":true,"href":"https:\/\/jorgezanoni.com.br\/2019\/wp-json\/wp\/v2\/tags?post=46999"}],"curies":[{"name":"wp","href":"https:\/\/api.w.org\/{rel}","templated":true}]}}