{"id":46992,"date":"2021-04-30T13:50:15","date_gmt":"2021-04-30T13:50:15","guid":{"rendered":"https:\/\/jorgezanoni.com.br\/2019\/?p=46992"},"modified":"2021-04-30T14:07:44","modified_gmt":"2021-04-30T14:07:44","slug":"caminhao-carregado-com-massa-asfaltica-tomba-no-trevo-da-unesp-em-dracena","status":"publish","type":"post","link":"https:\/\/jorgezanoni.com.br\/2019\/caminhao-carregado-com-massa-asfaltica-tomba-no-trevo-da-unesp-em-dracena\/","title":{"rendered":"Caminh\u00e3o carregado com Massa Asf\u00e1ltica tomba no Trevo da Unesp em Dracena"},"content":{"rendered":"<p style=\"text-align: justify;\"><strong>Motorista que estava sozinho sofreu apenas escoria\u00e7\u00f5es consideradas leves.<\/strong><\/p>\n<p style=\"text-align: justify;\">Por volta de 08:00 Horas desta sexta-feira (30), um caminh\u00e3o basculante placas de Glic\u00e9rio\/SP., ficou desgovernado e acabou tombando no trevo que d\u00e1 acesso \u00e0 Unesp em Dracena.<\/p>\n<p style=\"text-align: justify;\">O motorista que conduzia o ve\u00edculo carregado com massa asf\u00e1ltica e fazia o trajeto Dracena \u00e0 Tupi Paulista, sofreu apenas escoria\u00e7\u00f5es consideradas leves.<\/p>\n<p style=\"text-align: justify;\">Policia Militar Rodovi\u00e1ria Base Operacional de Adamantina, Pol\u00edcia T\u00e9cnica e Funcion\u00e1rios da Concession\u00e1rio Eixo estiveram no local.<\/p>\n<p style=\"text-align: justify;\">Uma p\u00e1 carregadeira foi utilizada para limpar e liberar a pista.<\/p>\n<p><img loading=\"lazy\" decoding=\"async\" class=\"alignnone size-full wp-image-46994\" src=\"https:\/\/jorgezanoni.com.br\/2019\/wp-content\/uploads\/2021\/04\/Unesp1-2.jpg\" alt=\"\" width=\"1026\" height=\"626\" srcset=\"https:\/\/jorgezanoni.com.br\/2019\/wp-content\/uploads\/2021\/04\/Unesp1-2.jpg 1026w, https:\/\/jorgezanoni.com.br\/2019\/wp-content\/uploads\/2021\/04\/Unesp1-2-300x183.jpg 300w, https:\/\/jorgezanoni.com.br\/2019\/wp-content\/uploads\/2021\/04\/Unesp1-2-1024x625.jpg 1024w, https:\/\/jorgezanoni.com.br\/2019\/wp-content\/uploads\/2021\/04\/Unesp1-2-768x469.jpg 768w, https:\/\/jorgezanoni.com.br\/2019\/wp-content\/uploads\/2021\/04\/Unesp1-2-696x425.jpg 696w, https:\/\/jorgezanoni.com.br\/2019\/wp-content\/uploads\/2021\/04\/Unesp1-2-688x420.jpg 688w\" sizes=\"auto, (max-width: 1026px) 100vw, 1026px\" \/> <img loading=\"lazy\" decoding=\"async\" class=\"alignnone size-full wp-image-46995\" src=\"https:\/\/jorgezanoni.com.br\/2019\/wp-content\/uploads\/2021\/04\/unesp2-2.jpg\" alt=\"\" width=\"515\" height=\"557\" srcset=\"https:\/\/jorgezanoni.com.br\/2019\/wp-content\/uploads\/2021\/04\/unesp2-2.jpg 515w, https:\/\/jorgezanoni.com.br\/2019\/wp-content\/uploads\/2021\/04\/unesp2-2-277x300.jpg 277w, https:\/\/jorgezanoni.com.br\/2019\/wp-content\/uploads\/2021\/04\/unesp2-2-388x420.jpg 388w\" sizes=\"auto, (max-width: 515px) 100vw, 515px\" \/> <img loading=\"lazy\" decoding=\"async\" class=\"alignnone size-full wp-image-46996\" src=\"https:\/\/jorgezanoni.com.br\/2019\/wp-content\/uploads\/2021\/04\/unesp3-2.jpg\" alt=\"\" width=\"586\" height=\"723\" srcset=\"https:\/\/jorgezanoni.com.br\/2019\/wp-content\/uploads\/2021\/04\/unesp3-2.jpg 586w, https:\/\/jorgezanoni.com.br\/2019\/wp-content\/uploads\/2021\/04\/unesp3-2-243x300.jpg 243w, https:\/\/jorgezanoni.com.br\/2019\/wp-content\/uploads\/2021\/04\/unesp3-2-324x400.jpg 324w, https:\/\/jorgezanoni.com.br\/2019\/wp-content\/uploads\/2021\/04\/unesp3-2-340x420.jpg 340w\" sizes=\"auto, (max-width: 586px) 100vw, 586px\" \/><\/p>\n<p style=\"text-align: justify;\">Jorge Zanoni<\/p>\n<p style=\"text-align: justify;\">Fotos de Internautas<\/p>\n<p>&nbsp;<\/p>\n<p>&nbsp;<\/p>\n","protected":false},"excerpt":{"rendered":"<p>Motorista que estava sozinho sofreu apenas escoria\u00e7\u00f5es consideradas leves. Por volta de 08:00 Horas desta sexta-feira (30), um caminh\u00e3o basculante placas de Glic\u00e9rio\/SP., ficou desgovernado e acabou tombando no trevo que d\u00e1 acesso \u00e0 Unesp em Dracena. O motorista que conduzia o ve\u00edculo carregado com massa asf\u00e1ltica e fazia o trajeto Dracena \u00e0 Tupi Paulista, [&hellip;]<\/p>\n","protected":false},"author":1,"featured_media":46993,"comment_status":"closed","ping_status":"open","sticky":false,"template":"","format":"standard","meta":{"footnotes":""},"categories":[170,110],"tags":[],"class_list":["post-46992","post","type-post","status-publish","format-standard","has-post-thumbnail","hentry","category-acidentes","category-noticiasdestaque"],"_links":{"self":[{"href":"https:\/\/jorgezanoni.com.br\/2019\/wp-json\/wp\/v2\/posts\/46992","targetHints":{"allow":["GET"]}}],"collection":[{"href":"https:\/\/jorgezanoni.com.br\/2019\/wp-json\/wp\/v2\/posts"}],"about":[{"href":"https:\/\/jorgezanoni.com.br\/2019\/wp-json\/wp\/v2\/types\/post"}],"author":[{"embeddable":true,"href":"https:\/\/jorgezanoni.com.br\/2019\/wp-json\/wp\/v2\/users\/1"}],"replies":[{"embeddable":true,"href":"https:\/\/jorgezanoni.com.br\/2019\/wp-json\/wp\/v2\/comments?post=46992"}],"version-history":[{"count":0,"href":"https:\/\/jorgezanoni.com.br\/2019\/wp-json\/wp\/v2\/posts\/46992\/revisions"}],"wp:featuredmedia":[{"embeddable":true,"href":"https:\/\/jorgezanoni.com.br\/2019\/wp-json\/wp\/v2\/media\/46993"}],"wp:attachment":[{"href":"https:\/\/jorgezanoni.com.br\/2019\/wp-json\/wp\/v2\/media?parent=46992"}],"wp:term":[{"taxonomy":"category","embeddable":true,"href":"https:\/\/jorgezanoni.com.br\/2019\/wp-json\/wp\/v2\/categories?post=46992"},{"taxonomy":"post_tag","embeddable":true,"href":"https:\/\/jorgezanoni.com.br\/2019\/wp-json\/wp\/v2\/tags?post=46992"}],"curies":[{"name":"wp","href":"https:\/\/api.w.org\/{rel}","templated":true}]}}