{"id":46971,"date":"2021-04-29T22:33:23","date_gmt":"2021-04-29T22:33:23","guid":{"rendered":"https:\/\/jorgezanoni.com.br\/2019\/?p=46971"},"modified":"2021-04-29T22:33:23","modified_gmt":"2021-04-29T22:33:23","slug":"caso-sara-scarabeli-informacoes-oficiais-contradizem-versao-de-vereadora-em-depoimento","status":"publish","type":"post","link":"https:\/\/jorgezanoni.com.br\/2019\/caso-sara-scarabeli-informacoes-oficiais-contradizem-versao-de-vereadora-em-depoimento\/","title":{"rendered":"CASO SARA SCARABELI: Informa\u00e7\u00f5es oficiais contradizem vers\u00e3o de Vereadora em depoimento"},"content":{"rendered":"<p style=\"text-align: justify;\"><strong>Vereadora alegou em depoimento que Vigil\u00e2ncia Epidemiol\u00f3gica fez apenas uma NOTIFICA\u00c7\u00c3O MUITO MAL FEITA. (Conf. V\u00eddeo TV. Fronteira exibido ontem 28\/04\/21)<\/strong><\/p>\n<p style=\"text-align: justify;\">Come\u00e7ou ontem as oitivas do caso que envolve a Vereadora Sara dos Santos Scarabelli Souza (PODEMOS). A CPI (Comiss\u00e3o Processante de Inqu\u00e9rito), apura poss\u00edvel quebra de Decoro Parlamentar da Vereadora, por desrespeitar o isolamento social obrigat\u00f3rio para prov\u00e1veis casos envolvendo pacientes com sintomas da COVID-19.<\/p>\n<p style=\"text-align: justify;\">O pedido partiu do cidad\u00e3o Bruno Brandino e do Vereador Davi Fernando da Silva (DEM), e, que, em sendo comprovado as irregularidades, pode at\u00e9 culminar com a Cassa\u00e7\u00e3o da Vereadora.<\/p>\n<p style=\"text-align: justify;\">Em seu depoimento de ontem (28), a Vereadora respondeu aproximadamente 30 perguntas, negando praticamente todas. Hoje (29), mais 4 (quatro) pessoas foram ouvidas.<\/p>\n<p style=\"text-align: justify;\">Em uma das respostas, a Vereadora alegou que <strong>N\u00c3O FOI MULTADA<\/strong>, apenas recebeu uma <strong>NOTIFICA\u00c7\u00c3O MUITO MAL FEITA, PELA VIGIL\u00c2NCIA EPIDEMIOL\u00d3GICA.<\/strong><\/p>\n<p style=\"text-align: justify;\">Em contato com a Diretoria de Comunica\u00e7\u00e3o da Prefeitura Municipal de Dracena, o <strong>SITE JZ<\/strong>, recebeu a seguinte informa\u00e7\u00e3o:<\/p>\n<p style=\"text-align: justify;\"><strong>Sobre o caso de descumprimento de quarentena (covid 19), pela vereadora Sara Scarabelli, de Dracena<\/strong><\/p>\n<p style=\"text-align: justify;\">O auto de infra\u00e7\u00e3o ocorreu no dia 3\/03.<br \/>\nEla teve 10 dias para apresentar recurso e foi indeferido.<br \/>\nDia 17\/03, ela recebeu o auto de penalidade e teve direito de 10 dias para entrar com recurso.<br \/>\nDia 15\/04, o prefeito Andr\u00e9 Lemos indeferiu n\u00e3o aceitando o recurso.<br \/>\nAp\u00f3s foi emitido o boleto da multa pela Vigil\u00e2ncia Sanit\u00e1ria e enviado via Correios por AR no dia 26\/04.<br \/>\nA multa corresponde a 200,01 UFM, sendo no valor de R$ 6.142,31.<br \/>\nSara Scarabelli ter\u00e1 30 dias para pagar a multa.<\/p>\n<p style=\"text-align: justify;\">Diretoria de Comunica\u00e7\u00e3o \u2013 Prefeitura<\/p>\n<p style=\"text-align: justify;\">Jorge Zanoni<\/p>\n<p style=\"text-align: justify;\">Foto: C\u00e2mara Municipal<\/p>\n<p style=\"text-align: justify;\">\n<p>&nbsp;<\/p>\n<p>&nbsp;<\/p>\n<p>&nbsp;<\/p>\n<p>&nbsp;<\/p>\n<p>&nbsp;<\/p>\n<p>&nbsp;<\/p>\n<p>&nbsp;<\/p>\n<p>&nbsp;<\/p>\n","protected":false},"excerpt":{"rendered":"<p>Vereadora alegou em depoimento que Vigil\u00e2ncia Epidemiol\u00f3gica fez apenas uma NOTIFICA\u00c7\u00c3O MUITO MAL FEITA. (Conf. V\u00eddeo TV. Fronteira exibido ontem 28\/04\/21) Come\u00e7ou ontem as oitivas do caso que envolve a Vereadora Sara dos Santos Scarabelli Souza (PODEMOS). A CPI (Comiss\u00e3o Processante de Inqu\u00e9rito), apura poss\u00edvel quebra de Decoro Parlamentar da Vereadora, por desrespeitar o isolamento [&hellip;]<\/p>\n","protected":false},"author":1,"featured_media":46972,"comment_status":"closed","ping_status":"open","sticky":false,"template":"","format":"standard","meta":{"footnotes":""},"categories":[179,184,110,116],"tags":[],"class_list":["post-46971","post","type-post","status-publish","format-standard","has-post-thumbnail","hentry","category-cidadeseregiao","category-dracena","category-noticiasdestaque","category-politicaeeconomia"],"_links":{"self":[{"href":"https:\/\/jorgezanoni.com.br\/2019\/wp-json\/wp\/v2\/posts\/46971","targetHints":{"allow":["GET"]}}],"collection":[{"href":"https:\/\/jorgezanoni.com.br\/2019\/wp-json\/wp\/v2\/posts"}],"about":[{"href":"https:\/\/jorgezanoni.com.br\/2019\/wp-json\/wp\/v2\/types\/post"}],"author":[{"embeddable":true,"href":"https:\/\/jorgezanoni.com.br\/2019\/wp-json\/wp\/v2\/users\/1"}],"replies":[{"embeddable":true,"href":"https:\/\/jorgezanoni.com.br\/2019\/wp-json\/wp\/v2\/comments?post=46971"}],"version-history":[{"count":0,"href":"https:\/\/jorgezanoni.com.br\/2019\/wp-json\/wp\/v2\/posts\/46971\/revisions"}],"wp:featuredmedia":[{"embeddable":true,"href":"https:\/\/jorgezanoni.com.br\/2019\/wp-json\/wp\/v2\/media\/46972"}],"wp:attachment":[{"href":"https:\/\/jorgezanoni.com.br\/2019\/wp-json\/wp\/v2\/media?parent=46971"}],"wp:term":[{"taxonomy":"category","embeddable":true,"href":"https:\/\/jorgezanoni.com.br\/2019\/wp-json\/wp\/v2\/categories?post=46971"},{"taxonomy":"post_tag","embeddable":true,"href":"https:\/\/jorgezanoni.com.br\/2019\/wp-json\/wp\/v2\/tags?post=46971"}],"curies":[{"name":"wp","href":"https:\/\/api.w.org\/{rel}","templated":true}]}}