{"id":4696,"date":"2019-08-25T14:18:07","date_gmt":"2019-08-25T14:18:07","guid":{"rendered":"https:\/\/jorgezanoni.com.br\/2019\/?p=4696"},"modified":"2019-08-25T14:18:07","modified_gmt":"2019-08-25T14:18:07","slug":"motociclista-e-socorrida-inconsciente-apos-acidente-de-transito-em-cruzamento-em-presidente-prudente","status":"publish","type":"post","link":"https:\/\/jorgezanoni.com.br\/2019\/motociclista-e-socorrida-inconsciente-apos-acidente-de-transito-em-cruzamento-em-presidente-prudente\/","title":{"rendered":"Motociclista \u00e9 socorrida inconsciente ap\u00f3s acidente de tr\u00e2nsito em cruzamento, em Presidente Prudente"},"content":{"rendered":"<h2 class=\"content-head__subtitle\" style=\"text-align: justify;\"><strong>Ocorr\u00eancia, na Vila Euclides, envolveu um \u00f4nibus e uma motocicleta. Fato foi registrado na manh\u00e3 deste domingo (25).<\/strong><\/h2>\n<p><img loading=\"lazy\" decoding=\"async\" class=\"alignnone size-full wp-image-4697\" src=\"https:\/\/jorgezanoni.com.br\/2019\/wp-content\/uploads\/2019\/08\/pru.jpeg\" alt=\"\" width=\"1000\" height=\"736\" srcset=\"https:\/\/jorgezanoni.com.br\/2019\/wp-content\/uploads\/2019\/08\/pru.jpeg 1000w, https:\/\/jorgezanoni.com.br\/2019\/wp-content\/uploads\/2019\/08\/pru-300x221.jpeg 300w, https:\/\/jorgezanoni.com.br\/2019\/wp-content\/uploads\/2019\/08\/pru-768x565.jpeg 768w, https:\/\/jorgezanoni.com.br\/2019\/wp-content\/uploads\/2019\/08\/pru-80x60.jpeg 80w, https:\/\/jorgezanoni.com.br\/2019\/wp-content\/uploads\/2019\/08\/pru-696x512.jpeg 696w, https:\/\/jorgezanoni.com.br\/2019\/wp-content\/uploads\/2019\/08\/pru-571x420.jpeg 571w\" sizes=\"auto, (max-width: 1000px) 100vw, 1000px\" \/>Acidente entre \u00f4nibus e motocicleta ocorreu em Presidente Prudente \u2014 Foto: Luiz Amaro\/Cedida<\/p>\n<div class=\"mc-column content-text active-extra-styles \" data-block-type=\"unstyled\" data-block-weight=\"32\" data-block-id=\"2\">\n<p class=\"content-text__container \" data-track-category=\"Link no Texto\" data-track-links=\"\">Um acidente de tr\u00e2nsito na manh\u00e3 deste domingo (25) deixou uma pessoa ferida, em Presidente Prudente. Ela foi socorrida inconsciente para a Santa Casa. A ocorr\u00eancia envolveu um \u00f4nibus e uma motocicleta.<\/p>\n<\/div>\n<div class=\"wall protected-content\">\n<div class=\"mc-column content-text active-extra-styles \" data-block-type=\"unstyled\" data-block-weight=\"31\" data-block-id=\"3\">\n<p class=\"content-text__container \" data-track-category=\"Link no Texto\" data-track-links=\"\">De acordo com o Corpo de Bombeiros, o acidente foi por volta das 6h50 no cruzamento entre a Avenida Coronel Jos\u00e9 Soares Marcondes e a Rua \u00c1lvares Machado, na Vila Euclides.<\/p>\n<\/div>\n<div class=\"mc-column content-text active-extra-styles \" data-block-type=\"unstyled\" data-block-weight=\"16\" data-block-id=\"4\">\n<p class=\"content-text__container \" data-track-category=\"Link no Texto\" data-track-links=\"\">A motociclista, de 26 anos, ficou inconsciente e foi levada \u00e0 Santa Casa com poss\u00edveis fraturas.<\/p>\n<\/div>\n<div class=\"mc-column content-text active-extra-styles \" data-block-type=\"unstyled\" data-block-weight=\"41\" data-block-id=\"5\">\n<p class=\"content-text__container \" data-track-category=\"Link no Texto\" data-track-links=\"\">Ao\u00a0<strong>G1<\/strong>, a Prudente Urbano confirmou o acidente e informou que as filmagens do circuito interno do \u00f4nibus ser\u00e3o analisadas para saber o que de fato aconteceu. A empresa tamb\u00e9m declarou que aguardar\u00e1 detalhes do Boletim de Ocorr\u00eancia e per\u00edcia t\u00e9cnica.<\/p>\n<\/div>\n<div class=\"mc-column content-text active-extra-styles \" data-block-type=\"unstyled\" data-block-weight=\"15\" data-block-id=\"6\">\n<p class=\"content-text__container \" data-track-category=\"Link no Texto\" data-track-links=\"\">A Santa Casa informou que o mo\u00e7a recebe atendimento m\u00e9dico e seu estado \u00e9 &#8220;est\u00e1vel&#8221;.<\/p>\n<p data-track-category=\"Link no Texto\" data-track-links=\"\"><img loading=\"lazy\" decoding=\"async\" class=\"alignnone size-full wp-image-4699\" src=\"https:\/\/jorgezanoni.com.br\/2019\/wp-content\/uploads\/2019\/08\/pru1-1.jpeg\" alt=\"\" width=\"1000\" height=\"750\" srcset=\"https:\/\/jorgezanoni.com.br\/2019\/wp-content\/uploads\/2019\/08\/pru1-1.jpeg 1000w, https:\/\/jorgezanoni.com.br\/2019\/wp-content\/uploads\/2019\/08\/pru1-1-300x225.jpeg 300w, https:\/\/jorgezanoni.com.br\/2019\/wp-content\/uploads\/2019\/08\/pru1-1-768x576.jpeg 768w, https:\/\/jorgezanoni.com.br\/2019\/wp-content\/uploads\/2019\/08\/pru1-1-80x60.jpeg 80w, https:\/\/jorgezanoni.com.br\/2019\/wp-content\/uploads\/2019\/08\/pru1-1-265x198.jpeg 265w, https:\/\/jorgezanoni.com.br\/2019\/wp-content\/uploads\/2019\/08\/pru1-1-696x522.jpeg 696w, https:\/\/jorgezanoni.com.br\/2019\/wp-content\/uploads\/2019\/08\/pru1-1-560x420.jpeg 560w\" sizes=\"auto, (max-width: 1000px) 100vw, 1000px\" \/>Acidente entre \u00f4nibus e motocicleta ocorreu em Presidente Prudente \u2014 Foto: Luiz Amaro\/Cedida<\/p>\n<p data-track-category=\"Link no Texto\" data-track-links=\"\">Fonte: G1<\/p>\n<\/div>\n<\/div>\n","protected":false},"excerpt":{"rendered":"<p>Ocorr\u00eancia, na Vila Euclides, envolveu um \u00f4nibus e uma motocicleta. Fato foi registrado na manh\u00e3 deste domingo (25). Acidente entre \u00f4nibus e motocicleta ocorreu em Presidente Prudente \u2014 Foto: Luiz Amaro\/Cedida Um acidente de tr\u00e2nsito na manh\u00e3 deste domingo (25) deixou uma pessoa ferida, em Presidente Prudente. Ela foi socorrida inconsciente para a Santa Casa. [&hellip;]<\/p>\n","protected":false},"author":1,"featured_media":4700,"comment_status":"closed","ping_status":"open","sticky":false,"template":"","format":"standard","meta":{"footnotes":""},"categories":[170,110],"tags":[],"class_list":["post-4696","post","type-post","status-publish","format-standard","has-post-thumbnail","hentry","category-acidentes","category-noticiasdestaque"],"_links":{"self":[{"href":"https:\/\/jorgezanoni.com.br\/2019\/wp-json\/wp\/v2\/posts\/4696","targetHints":{"allow":["GET"]}}],"collection":[{"href":"https:\/\/jorgezanoni.com.br\/2019\/wp-json\/wp\/v2\/posts"}],"about":[{"href":"https:\/\/jorgezanoni.com.br\/2019\/wp-json\/wp\/v2\/types\/post"}],"author":[{"embeddable":true,"href":"https:\/\/jorgezanoni.com.br\/2019\/wp-json\/wp\/v2\/users\/1"}],"replies":[{"embeddable":true,"href":"https:\/\/jorgezanoni.com.br\/2019\/wp-json\/wp\/v2\/comments?post=4696"}],"version-history":[{"count":0,"href":"https:\/\/jorgezanoni.com.br\/2019\/wp-json\/wp\/v2\/posts\/4696\/revisions"}],"wp:featuredmedia":[{"embeddable":true,"href":"https:\/\/jorgezanoni.com.br\/2019\/wp-json\/wp\/v2\/media\/4700"}],"wp:attachment":[{"href":"https:\/\/jorgezanoni.com.br\/2019\/wp-json\/wp\/v2\/media?parent=4696"}],"wp:term":[{"taxonomy":"category","embeddable":true,"href":"https:\/\/jorgezanoni.com.br\/2019\/wp-json\/wp\/v2\/categories?post=4696"},{"taxonomy":"post_tag","embeddable":true,"href":"https:\/\/jorgezanoni.com.br\/2019\/wp-json\/wp\/v2\/tags?post=4696"}],"curies":[{"name":"wp","href":"https:\/\/api.w.org\/{rel}","templated":true}]}}