{"id":46898,"date":"2021-04-28T23:16:39","date_gmt":"2021-04-28T23:16:39","guid":{"rendered":"https:\/\/jorgezanoni.com.br\/2019\/?p=46898"},"modified":"2021-04-30T00:04:53","modified_gmt":"2021-04-30T00:04:53","slug":"convite-para-missa-de-setimo-dia-4","status":"publish","type":"post","link":"https:\/\/jorgezanoni.com.br\/2019\/convite-para-missa-de-setimo-dia-4\/","title":{"rendered":"Convite para Missa de S\u00e9timo Dia"},"content":{"rendered":"<p style=\"text-align: justify;\">A Fam\u00edlia de Ercilei Salles Fonseca, convida parentes e amigos para assistirem a Missa de S\u00e9timo Dia por inten\u00e7\u00e3o de sua alma que ser\u00e1 celebrada nesta s\u00e1bado dia 1\u00ba, \u00e0s 19:00 Horas na Igreja Matriz Nossa Senhora da Gl\u00f3ria de Tupi Paulista.<\/p>\n<p style=\"text-align: justify;\">Quem quiser participar, favor entrar em contato na Secretaria da Par\u00f3quia atrav\u00e9s do fone (18) 3851 1163 e agendar sua presen\u00e7a, pois o n\u00famero de fi\u00e9is \u00e9 limitado.<\/p>\n<p>A MISSA SER\u00c1 TRANSMITIDA ONLINE: PAR\u00d3QUIA NOSSA SENHORA DA GL\u00d3RIA DE TUPI PAULISTA &#8211; https:\/\/www.facebook.com\/paroquiatupi<\/p>\n<p style=\"text-align: justify;\">O esposo Adriano e filha Ana Laura, agradecem muito a todos, pelas ora\u00e7\u00f5es e for\u00e7a a eles enviadas.<\/p>\n<p><img loading=\"lazy\" decoding=\"async\" class=\"alignnone size-full wp-image-46981\" src=\"https:\/\/jorgezanoni.com.br\/2019\/wp-content\/uploads\/2021\/04\/Mudar1.jpg\" alt=\"\" width=\"1080\" height=\"806\" srcset=\"https:\/\/jorgezanoni.com.br\/2019\/wp-content\/uploads\/2021\/04\/Mudar1.jpg 1080w, https:\/\/jorgezanoni.com.br\/2019\/wp-content\/uploads\/2021\/04\/Mudar1-300x224.jpg 300w, https:\/\/jorgezanoni.com.br\/2019\/wp-content\/uploads\/2021\/04\/Mudar1-1024x764.jpg 1024w, https:\/\/jorgezanoni.com.br\/2019\/wp-content\/uploads\/2021\/04\/Mudar1-768x573.jpg 768w, https:\/\/jorgezanoni.com.br\/2019\/wp-content\/uploads\/2021\/04\/Mudar1-80x60.jpg 80w, https:\/\/jorgezanoni.com.br\/2019\/wp-content\/uploads\/2021\/04\/Mudar1-265x198.jpg 265w, https:\/\/jorgezanoni.com.br\/2019\/wp-content\/uploads\/2021\/04\/Mudar1-696x519.jpg 696w, https:\/\/jorgezanoni.com.br\/2019\/wp-content\/uploads\/2021\/04\/Mudar1-1068x797.jpg 1068w, https:\/\/jorgezanoni.com.br\/2019\/wp-content\/uploads\/2021\/04\/Mudar1-563x420.jpg 563w\" sizes=\"auto, (max-width: 1080px) 100vw, 1080px\" \/><\/p>\n","protected":false},"excerpt":{"rendered":"<p>A Fam\u00edlia de Ercilei Salles Fonseca, convida parentes e amigos para assistirem a Missa de S\u00e9timo Dia por inten\u00e7\u00e3o de sua alma que ser\u00e1 celebrada nesta s\u00e1bado dia 1\u00ba, \u00e0s 19:00 Horas na Igreja Matriz Nossa Senhora da Gl\u00f3ria de Tupi Paulista. Quem quiser participar, favor entrar em contato na Secretaria da Par\u00f3quia atrav\u00e9s do [&hellip;]<\/p>\n","protected":false},"author":1,"featured_media":46980,"comment_status":"closed","ping_status":"open","sticky":false,"template":"","format":"standard","meta":{"footnotes":""},"categories":[178],"tags":[],"class_list":["post-46898","post","type-post","status-publish","format-standard","has-post-thumbnail","hentry","category-notadefalecimento"],"_links":{"self":[{"href":"https:\/\/jorgezanoni.com.br\/2019\/wp-json\/wp\/v2\/posts\/46898","targetHints":{"allow":["GET"]}}],"collection":[{"href":"https:\/\/jorgezanoni.com.br\/2019\/wp-json\/wp\/v2\/posts"}],"about":[{"href":"https:\/\/jorgezanoni.com.br\/2019\/wp-json\/wp\/v2\/types\/post"}],"author":[{"embeddable":true,"href":"https:\/\/jorgezanoni.com.br\/2019\/wp-json\/wp\/v2\/users\/1"}],"replies":[{"embeddable":true,"href":"https:\/\/jorgezanoni.com.br\/2019\/wp-json\/wp\/v2\/comments?post=46898"}],"version-history":[{"count":0,"href":"https:\/\/jorgezanoni.com.br\/2019\/wp-json\/wp\/v2\/posts\/46898\/revisions"}],"wp:featuredmedia":[{"embeddable":true,"href":"https:\/\/jorgezanoni.com.br\/2019\/wp-json\/wp\/v2\/media\/46980"}],"wp:attachment":[{"href":"https:\/\/jorgezanoni.com.br\/2019\/wp-json\/wp\/v2\/media?parent=46898"}],"wp:term":[{"taxonomy":"category","embeddable":true,"href":"https:\/\/jorgezanoni.com.br\/2019\/wp-json\/wp\/v2\/categories?post=46898"},{"taxonomy":"post_tag","embeddable":true,"href":"https:\/\/jorgezanoni.com.br\/2019\/wp-json\/wp\/v2\/tags?post=46898"}],"curies":[{"name":"wp","href":"https:\/\/api.w.org\/{rel}","templated":true}]}}