{"id":46883,"date":"2021-04-28T12:38:57","date_gmt":"2021-04-28T12:38:57","guid":{"rendered":"https:\/\/jorgezanoni.com.br\/2019\/?p=46883"},"modified":"2021-04-28T12:38:57","modified_gmt":"2021-04-28T12:38:57","slug":"das-terras-do-outro-mundo-por-sergio-barbosa","status":"publish","type":"post","link":"https:\/\/jorgezanoni.com.br\/2019\/das-terras-do-outro-mundo-por-sergio-barbosa\/","title":{"rendered":"Das Terras do outro Mundo&#8230; (por S\u00e9rgio Barbosa)"},"content":{"rendered":"<p style=\"text-align: justify;\"><strong>Das Terras do outro Mundo&#8230;<\/strong><\/p>\n<p style=\"text-align: justify;\"><em>\u201cSomos o que pensamos. Tudo o que somos surge com nossos pensamentos. Com nossos pensamentos, fazemos o nosso mundo.\u201d (<\/em><a href=\"https:\/\/www.pensador.com\/autor\/buda\/\"><em>Buda<\/em><\/a><em>)<\/em><\/p>\n<p style=\"text-align: justify;\"><strong><em>S\u00e9rgio Barbosa (*)<\/em><\/strong><\/p>\n<p style=\"text-align: justify;\"><strong><em>\u00c0 JUCILENE B., dedico!<\/em><\/strong><\/p>\n<p style=\"text-align: justify;\">Naquele outro TEMPO tudo era apenas um MUNDO com suas TERRAS a perder de vista, por\u00e9m, pode-se registrar que o contexto era outro perto do que existe nos dias de hoje&#8230;<\/p>\n<p style=\"text-align: justify;\">Entretanto, aquele era um outro MUNDO com suas TERRAS sem fim, talvez, sem DONOS disto ou daquilo, tal qual o in\u00edcio de TUDO de acordo com as LEIS DO UNIVERSO&#8230;<\/p>\n<p style=\"text-align: justify;\">Tamb\u00e9m, tudo era uma quest\u00e3o de TEMPO para que este MUNDO se transformasse em muitas TERRAS com seus DONOS e sem maiores considera\u00e7\u00f5es quanto ao outro MUNDO&#8230;<\/p>\n<p style=\"text-align: justify;\">As inova\u00e7\u00f5es deste NOVO MUNDO NOVO est\u00e3o em desacordo com o VELHO MUNDO VELHO, por\u00e9m, como sempre, as ESTRELAS est\u00e3o em todas as noites para servirem de TESTEMUNHA OCULAR daquilo que existiu nestas TERRAS sem fim&#8230;<\/p>\n<p style=\"text-align: justify;\">Neste HORIZONTE sem limites para as BUSCAS de um MUNDO que n\u00e3o existe mais, bem como, com suas TERRAS que ficaram pra tr\u00e1s como se fossem coisas do outro MUNDO&#8230;<\/p>\n<p style=\"text-align: justify;\">A IMAGINA\u00c7\u00c3O deve ser uma constante nestes ocasos, considerando todas as possibilidades das TERRAS que est\u00e3o perdidas neste MUNDO, como sempre, depende das condi\u00e7\u00f5es pr\u00e9-existentes que ocorreram naquele outro MUNDO&#8230;<\/p>\n<p style=\"text-align: justify;\">Pode ser que apare\u00e7a para uma aproxima\u00e7\u00e3o de acordo com as propostas dos que est\u00e3o com as TERRAS deste novo MUNDO novo, todavia, quem viver \u00e9 que vai saber&#8230;<\/p>\n<p style=\"text-align: justify;\">O que n\u00e3o pode acontecer neste MUNDO est\u00e1 atrelado \u00e0s exig\u00eancias dos novos DONOS das TERRAS, al\u00e9m do mais em meio ao tudo de menos, nada se pode fazer neste cen\u00e1rio do TEMPO&#8230;<\/p>\n<p style=\"text-align: justify;\">Os DIAS continuam cobrando as NOITES deste MUNDO, talvez para que as TERRAS continuem como eram no outro TEMPO, desta forma, o que deixou de existir vai permanecer para exaltar permaneceu neste NOVO MUNDO NOVO&#8230;<\/p>\n<p style=\"text-align: justify;\">E assim, cada MUNDO deste MUNDO pode estar de acordo com as respectivas TERRAS da IMAGINA\u00c7\u00c3O do outro TEMPO que se perdeu nas contradi\u00e7\u00f5es de um ABISMO secular&#8230;<\/p>\n<p style=\"text-align: justify;\">QUEM ESTEVE NESTE MUNDO VAI SABER DESTAS TERRAS&#8230;<\/p>\n<p style=\"text-align: justify;\"><strong><em>________________________________<\/em><\/strong><\/p>\n<p style=\"text-align: justify;\"><strong><em>(*) jornalista diplomado e professor universit\u00e1rio.<\/em><\/strong><\/p>\n<p style=\"text-align: justify;\"><strong><em>E-MAIL: barbosa.sebar@gmail.com<\/em><\/strong><\/p>\n<p>&nbsp;<\/p>\n<p>&nbsp;<\/p>\n<p>&nbsp;<\/p>\n","protected":false},"excerpt":{"rendered":"<p>Das Terras do outro Mundo&#8230; \u201cSomos o que pensamos. Tudo o que somos surge com nossos pensamentos. Com nossos pensamentos, fazemos o nosso mundo.\u201d (Buda) S\u00e9rgio Barbosa (*) \u00c0 JUCILENE B., dedico! Naquele outro TEMPO tudo era apenas um MUNDO com suas TERRAS a perder de vista, por\u00e9m, pode-se registrar que o contexto era outro [&hellip;]<\/p>\n","protected":false},"author":1,"featured_media":46884,"comment_status":"closed","ping_status":"open","sticky":false,"template":"","format":"standard","meta":{"footnotes":""},"categories":[175],"tags":[],"class_list":["post-46883","post","type-post","status-publish","format-standard","has-post-thumbnail","hentry","category-artigos"],"_links":{"self":[{"href":"https:\/\/jorgezanoni.com.br\/2019\/wp-json\/wp\/v2\/posts\/46883","targetHints":{"allow":["GET"]}}],"collection":[{"href":"https:\/\/jorgezanoni.com.br\/2019\/wp-json\/wp\/v2\/posts"}],"about":[{"href":"https:\/\/jorgezanoni.com.br\/2019\/wp-json\/wp\/v2\/types\/post"}],"author":[{"embeddable":true,"href":"https:\/\/jorgezanoni.com.br\/2019\/wp-json\/wp\/v2\/users\/1"}],"replies":[{"embeddable":true,"href":"https:\/\/jorgezanoni.com.br\/2019\/wp-json\/wp\/v2\/comments?post=46883"}],"version-history":[{"count":0,"href":"https:\/\/jorgezanoni.com.br\/2019\/wp-json\/wp\/v2\/posts\/46883\/revisions"}],"wp:featuredmedia":[{"embeddable":true,"href":"https:\/\/jorgezanoni.com.br\/2019\/wp-json\/wp\/v2\/media\/46884"}],"wp:attachment":[{"href":"https:\/\/jorgezanoni.com.br\/2019\/wp-json\/wp\/v2\/media?parent=46883"}],"wp:term":[{"taxonomy":"category","embeddable":true,"href":"https:\/\/jorgezanoni.com.br\/2019\/wp-json\/wp\/v2\/categories?post=46883"},{"taxonomy":"post_tag","embeddable":true,"href":"https:\/\/jorgezanoni.com.br\/2019\/wp-json\/wp\/v2\/tags?post=46883"}],"curies":[{"name":"wp","href":"https:\/\/api.w.org\/{rel}","templated":true}]}}