{"id":46847,"date":"2021-04-27T23:55:54","date_gmt":"2021-04-27T23:55:54","guid":{"rendered":"https:\/\/jorgezanoni.com.br\/2019\/?p=46847"},"modified":"2021-04-27T23:56:16","modified_gmt":"2021-04-27T23:56:16","slug":"boletim-atualizado-da-covid-19-da-secretaria-municipal-de-saude-de-dracena-27-04-21","status":"publish","type":"post","link":"https:\/\/jorgezanoni.com.br\/2019\/boletim-atualizado-da-covid-19-da-secretaria-municipal-de-saude-de-dracena-27-04-21\/","title":{"rendered":"Boletim atualizado da COVID-19 da Secretaria Municipal de Sa\u00fade de Dracena 27\/04\/21"},"content":{"rendered":"<div class=\"kvgmc6g5 cxmmr5t8 oygrvhab hcukyx3x c1et5uql ii04i59q\">\n<div dir=\"auto\">BOLETIM EPIDEMIOL\u00d3GICO COVID 19<\/div>\n<div dir=\"auto\">TER\u00c7A-FEIRA, 27\/04<\/div>\n<\/div>\n<div class=\"o9v6fnle cxmmr5t8 oygrvhab hcukyx3x c1et5uql ii04i59q\">\n<div dir=\"auto\">Suspeitos: 10<\/div>\n<div dir=\"auto\">Suspeitos domiciliar: 10<\/div>\n<div dir=\"auto\">Suspeitos hospitalar: 0<\/div>\n<div dir=\"auto\">Confirmados: 4.291<\/div>\n<div dir=\"auto\">Curados: 3.998<\/div>\n<div dir=\"auto\">Isolamento domiciliar: 85<\/div>\n<div dir=\"auto\">Tratamento hospitalar: 14<\/div>\n<div dir=\"auto\">\u00d3bitos: 194<\/div>\n<\/div>\n<div class=\"o9v6fnle cxmmr5t8 oygrvhab hcukyx3x c1et5uql ii04i59q\">\n<div dir=\"auto\">ALERTA<\/div>\n<div dir=\"auto\">Nas \u00faltimas 24 horas, confirmados 9 casos positivos de covid na cidade.<\/div>\n<div dir=\"auto\">Nas \u00faltimas 24 horas, o n\u00famero de pacientes que se curaram chega a 5.<\/div>\n<div dir=\"auto\"><\/div>\n<\/div>\n<div dir=\"auto\">Fonte: https:\/\/www.facebook.com\/prefeituradracena<\/div>\n","protected":false},"excerpt":{"rendered":"<p>BOLETIM EPIDEMIOL\u00d3GICO COVID 19 TER\u00c7A-FEIRA, 27\/04 Suspeitos: 10 Suspeitos domiciliar: 10 Suspeitos hospitalar: 0 Confirmados: 4.291 Curados: 3.998 Isolamento domiciliar: 85 Tratamento hospitalar: 14 \u00d3bitos: 194 ALERTA Nas \u00faltimas 24 horas, confirmados 9 casos positivos de covid na cidade. Nas \u00faltimas 24 horas, o n\u00famero de pacientes que se curaram chega a 5. Fonte: https:\/\/www.facebook.com\/prefeituradracena<\/p>\n","protected":false},"author":1,"featured_media":46848,"comment_status":"closed","ping_status":"open","sticky":false,"template":"","format":"standard","meta":{"footnotes":""},"categories":[179,184,110],"tags":[],"class_list":["post-46847","post","type-post","status-publish","format-standard","has-post-thumbnail","hentry","category-cidadeseregiao","category-dracena","category-noticiasdestaque"],"_links":{"self":[{"href":"https:\/\/jorgezanoni.com.br\/2019\/wp-json\/wp\/v2\/posts\/46847","targetHints":{"allow":["GET"]}}],"collection":[{"href":"https:\/\/jorgezanoni.com.br\/2019\/wp-json\/wp\/v2\/posts"}],"about":[{"href":"https:\/\/jorgezanoni.com.br\/2019\/wp-json\/wp\/v2\/types\/post"}],"author":[{"embeddable":true,"href":"https:\/\/jorgezanoni.com.br\/2019\/wp-json\/wp\/v2\/users\/1"}],"replies":[{"embeddable":true,"href":"https:\/\/jorgezanoni.com.br\/2019\/wp-json\/wp\/v2\/comments?post=46847"}],"version-history":[{"count":0,"href":"https:\/\/jorgezanoni.com.br\/2019\/wp-json\/wp\/v2\/posts\/46847\/revisions"}],"wp:featuredmedia":[{"embeddable":true,"href":"https:\/\/jorgezanoni.com.br\/2019\/wp-json\/wp\/v2\/media\/46848"}],"wp:attachment":[{"href":"https:\/\/jorgezanoni.com.br\/2019\/wp-json\/wp\/v2\/media?parent=46847"}],"wp:term":[{"taxonomy":"category","embeddable":true,"href":"https:\/\/jorgezanoni.com.br\/2019\/wp-json\/wp\/v2\/categories?post=46847"},{"taxonomy":"post_tag","embeddable":true,"href":"https:\/\/jorgezanoni.com.br\/2019\/wp-json\/wp\/v2\/tags?post=46847"}],"curies":[{"name":"wp","href":"https:\/\/api.w.org\/{rel}","templated":true}]}}