{"id":46844,"date":"2021-04-27T19:28:25","date_gmt":"2021-04-27T19:28:25","guid":{"rendered":"https:\/\/jorgezanoni.com.br\/2019\/?p=46844"},"modified":"2021-04-27T19:28:25","modified_gmt":"2021-04-27T19:28:25","slug":"refis-municipal-tem-previsao-para-comecar-na-primeira-semana-de-maio","status":"publish","type":"post","link":"https:\/\/jorgezanoni.com.br\/2019\/refis-municipal-tem-previsao-para-comecar-na-primeira-semana-de-maio\/","title":{"rendered":"REFIS MUNICIPAL tem previs\u00e3o para come\u00e7ar na primeira semana de maio"},"content":{"rendered":"<p style=\"font-weight: 400; text-align: justify;\"><b><strong><em>O Programa de Recupera\u00e7\u00e3o Fiscal de Dracena &#8211; Refis Municipal foi aprovado nesta segunda-feira, pelos vereadores da C\u00e2mara Municipal.<\/em><\/strong><\/b><\/p>\n<p style=\"font-weight: 400; text-align: justify;\">Os vereadores dracenenses aprovaram ontem, 26, durante a sess\u00e3o da C\u00e2mara, o Programa de Recupera\u00e7\u00e3o Fiscal de Dracena &#8211; Refis Municipal &#8211; com a finalidade de promover a regulariza\u00e7\u00e3o de cr\u00e9ditos tribut\u00e1rios mobili\u00e1rios e imobili\u00e1rios e cr\u00e9ditos n\u00e3o tribut\u00e1rios, vencidos at\u00e9 31 de dezembro de 2020, inscritos em d\u00edvida ativa, ajuizados ou n\u00e3o, com exigibilidade suspensa ou n\u00e3o.<\/p>\n<p style=\"font-weight: 400; text-align: justify;\">O prefeito Andr\u00e9 Lemos ressalta que \u00e9 uma oportunidade para quitar os d\u00e9bitos, principalmente neste momento dif\u00edcil que enfrentamos na economia.<\/p>\n<p style=\"font-weight: 400; text-align: justify;\">A diretora de Receita do munic\u00edpio, Matilde Lopes de Oliveira Santos, informou que tal servi\u00e7o tem previs\u00e3o para ser liberado ao p\u00fablico na segunda-feira, dia 3, de maio, ap\u00f3s, a fase de testes do sistema tribut\u00e1rio no site da Prefeitura. \u201cIremos fazer a customiza\u00e7\u00e3o do sistema e depois os testes, para posteriormente iniciarmos os atendimentos ao p\u00fablico\u201d, informou.<\/p>\n<p style=\"font-weight: 400; text-align: justify;\">As pessoas f\u00edsicas ou jur\u00eddicas que aderirem ao Refis Municipal ter\u00e3o os seguintes benef\u00edcios, sobre a multa de mora e juros de mora, incidentes sobre os cr\u00e9ditos tribut\u00e1rios vencidos at\u00e9 31 de dezembro de 2020: desconto de 100% (cem por cento) do valor dos juros e multas para pagamento \u00e0 vista; redu\u00e7\u00e3o de 90% (noventa\u00a0\u00a0por cento) do valor dos juros e multas para pagamento em at\u00e9 06 meses; redu\u00e7\u00e3o de 80% (oitenta por cento) do valor dos juros e multas para pagamento de 07 a 12 meses; redu\u00e7\u00e3o de 70% (setenta por cento) do valor dos juros e multas para pagamento de 13 a 24 meses; redu\u00e7\u00e3o de 60% (sessenta por cento) do valor dos juros e multas para pagamento de 25 a 60 meses.<\/p>\n<p style=\"font-weight: 400; text-align: justify;\">Os atendimentos ser\u00e3o feitos a partir de agendamentos, atrav\u00e9s do telefone (18) 3821-8003.<\/p>\n<p style=\"font-weight: 400; text-align: justify;\">Confira na \u00edntegra a lei 4.855 de 27 de abril de 2021 no Di\u00e1rio Oficial no site da Prefeitura\u00a0<a href=\"http:\/\/www.dracena.sp.gov.br\/\">www.dracena.sp.gov.br<\/a>\u00a0amanh\u00e3, 28.<\/p>\n<p style=\"font-weight: 400; text-align: justify;\">Fonte: Diretoria de Comunica\u00e7\u00e3o<\/p>\n","protected":false},"excerpt":{"rendered":"<p>O Programa de Recupera\u00e7\u00e3o Fiscal de Dracena &#8211; Refis Municipal foi aprovado nesta segunda-feira, pelos vereadores da C\u00e2mara Municipal. Os vereadores dracenenses aprovaram ontem, 26, durante a sess\u00e3o da C\u00e2mara, o Programa de Recupera\u00e7\u00e3o Fiscal de Dracena &#8211; Refis Municipal &#8211; com a finalidade de promover a regulariza\u00e7\u00e3o de cr\u00e9ditos tribut\u00e1rios mobili\u00e1rios e imobili\u00e1rios e [&hellip;]<\/p>\n","protected":false},"author":1,"featured_media":46845,"comment_status":"closed","ping_status":"open","sticky":false,"template":"","format":"standard","meta":{"footnotes":""},"categories":[179,184,110],"tags":[],"class_list":["post-46844","post","type-post","status-publish","format-standard","has-post-thumbnail","hentry","category-cidadeseregiao","category-dracena","category-noticiasdestaque"],"_links":{"self":[{"href":"https:\/\/jorgezanoni.com.br\/2019\/wp-json\/wp\/v2\/posts\/46844","targetHints":{"allow":["GET"]}}],"collection":[{"href":"https:\/\/jorgezanoni.com.br\/2019\/wp-json\/wp\/v2\/posts"}],"about":[{"href":"https:\/\/jorgezanoni.com.br\/2019\/wp-json\/wp\/v2\/types\/post"}],"author":[{"embeddable":true,"href":"https:\/\/jorgezanoni.com.br\/2019\/wp-json\/wp\/v2\/users\/1"}],"replies":[{"embeddable":true,"href":"https:\/\/jorgezanoni.com.br\/2019\/wp-json\/wp\/v2\/comments?post=46844"}],"version-history":[{"count":0,"href":"https:\/\/jorgezanoni.com.br\/2019\/wp-json\/wp\/v2\/posts\/46844\/revisions"}],"wp:featuredmedia":[{"embeddable":true,"href":"https:\/\/jorgezanoni.com.br\/2019\/wp-json\/wp\/v2\/media\/46845"}],"wp:attachment":[{"href":"https:\/\/jorgezanoni.com.br\/2019\/wp-json\/wp\/v2\/media?parent=46844"}],"wp:term":[{"taxonomy":"category","embeddable":true,"href":"https:\/\/jorgezanoni.com.br\/2019\/wp-json\/wp\/v2\/categories?post=46844"},{"taxonomy":"post_tag","embeddable":true,"href":"https:\/\/jorgezanoni.com.br\/2019\/wp-json\/wp\/v2\/tags?post=46844"}],"curies":[{"name":"wp","href":"https:\/\/api.w.org\/{rel}","templated":true}]}}