{"id":46841,"date":"2021-04-27T18:51:22","date_gmt":"2021-04-27T18:51:22","guid":{"rendered":"https:\/\/jorgezanoni.com.br\/2019\/?p=46841"},"modified":"2021-04-27T18:51:22","modified_gmt":"2021-04-27T18:51:22","slug":"crianca-de-4-anos-tem-morte-suspeita-de-covid-em-pauliceia","status":"publish","type":"post","link":"https:\/\/jorgezanoni.com.br\/2019\/crianca-de-4-anos-tem-morte-suspeita-de-covid-em-pauliceia\/","title":{"rendered":"Crian\u00e7a de 4 anos tem morte suspeita de COVID em Paulic\u00e9ia"},"content":{"rendered":"<h3 class=\"post-title entry-title\" style=\"text-align: justify;\"><span style=\"font-family: Verdana, Geneva, sans-serif; font-size: 15px; color: #222222;\">Ser\u00e1 sepultado agora \u00e0 tarde em Paulic\u00e9ia o corpo do pequeno,\u00a0 Kau\u00e3\u00a0 Emanoel de Souza, de 4 anos, que teve \u00f3bito suspeito de Covid.\u00a0<\/span><\/h3>\n<div id=\"post-body-6209563205013709760\" class=\"post-body entry-content\">\n<p style=\"text-align: justify;\">Kau\u00e3 era uma crian\u00e7a especial portadora da S\u00edndrome de Down. Segundo o Setor de Sa\u00fade de Paulic\u00e9ia\u00a0 tinha problemas respirat\u00f3rios e nas \u00faltimas horas\u00a0 foi diagnosticado com\u00a0 Pneumonia.\u00a0 Foi colhido exames para a constata\u00e7\u00e3o ou n\u00e3o da covid-19 que deve sair entre 4 a 5 dias.<\/p>\n<p style=\"text-align: justify;\">A crian\u00e7a chegou a ser atendida no Pronto Atendimento de Panorama onde foi transferida para\u00a0 Presidente Prudente e acabou vindo a \u00f3bito nesta madrugada.<\/p>\n<p>Fonte: Panorama Not\u00edcias<\/p>\n<\/div>\n","protected":false},"excerpt":{"rendered":"<p>Ser\u00e1 sepultado agora \u00e0 tarde em Paulic\u00e9ia o corpo do pequeno,\u00a0 Kau\u00e3\u00a0 Emanoel de Souza, de 4 anos, que teve \u00f3bito suspeito de Covid.\u00a0 Kau\u00e3 era uma crian\u00e7a especial portadora da S\u00edndrome de Down. Segundo o Setor de Sa\u00fade de Paulic\u00e9ia\u00a0 tinha problemas respirat\u00f3rios e nas \u00faltimas horas\u00a0 foi diagnosticado com\u00a0 Pneumonia.\u00a0 Foi colhido exames [&hellip;]<\/p>\n","protected":false},"author":1,"featured_media":46842,"comment_status":"closed","ping_status":"open","sticky":false,"template":"","format":"standard","meta":{"footnotes":""},"categories":[178,110],"tags":[],"class_list":["post-46841","post","type-post","status-publish","format-standard","has-post-thumbnail","hentry","category-notadefalecimento","category-noticiasdestaque"],"_links":{"self":[{"href":"https:\/\/jorgezanoni.com.br\/2019\/wp-json\/wp\/v2\/posts\/46841","targetHints":{"allow":["GET"]}}],"collection":[{"href":"https:\/\/jorgezanoni.com.br\/2019\/wp-json\/wp\/v2\/posts"}],"about":[{"href":"https:\/\/jorgezanoni.com.br\/2019\/wp-json\/wp\/v2\/types\/post"}],"author":[{"embeddable":true,"href":"https:\/\/jorgezanoni.com.br\/2019\/wp-json\/wp\/v2\/users\/1"}],"replies":[{"embeddable":true,"href":"https:\/\/jorgezanoni.com.br\/2019\/wp-json\/wp\/v2\/comments?post=46841"}],"version-history":[{"count":0,"href":"https:\/\/jorgezanoni.com.br\/2019\/wp-json\/wp\/v2\/posts\/46841\/revisions"}],"wp:featuredmedia":[{"embeddable":true,"href":"https:\/\/jorgezanoni.com.br\/2019\/wp-json\/wp\/v2\/media\/46842"}],"wp:attachment":[{"href":"https:\/\/jorgezanoni.com.br\/2019\/wp-json\/wp\/v2\/media?parent=46841"}],"wp:term":[{"taxonomy":"category","embeddable":true,"href":"https:\/\/jorgezanoni.com.br\/2019\/wp-json\/wp\/v2\/categories?post=46841"},{"taxonomy":"post_tag","embeddable":true,"href":"https:\/\/jorgezanoni.com.br\/2019\/wp-json\/wp\/v2\/tags?post=46841"}],"curies":[{"name":"wp","href":"https:\/\/api.w.org\/{rel}","templated":true}]}}