{"id":46831,"date":"2021-04-27T15:30:35","date_gmt":"2021-04-27T15:30:35","guid":{"rendered":"https:\/\/jorgezanoni.com.br\/2019\/?p=46831"},"modified":"2021-04-27T15:44:14","modified_gmt":"2021-04-27T15:44:14","slug":"apae-de-dracena-comemora-hoje-49-anos-de-atividades","status":"publish","type":"post","link":"https:\/\/jorgezanoni.com.br\/2019\/apae-de-dracena-comemora-hoje-49-anos-de-atividades\/","title":{"rendered":"APAE de Dracena comemora hoje, 49 anos de atividades"},"content":{"rendered":"<p style=\"text-align: justify;\">Associa\u00e7\u00e3o de Pais e Amigos dos Excepcionais \u2013 Escola de Educa\u00e7\u00e3o Especial \u201cProfessor Leuzi Gardini\u201d APAE de Dracena completa 49 anos de hist\u00f3ria. Atualmente atende aproximadamente 213 alunos\/destinat\u00e1rios com Defici\u00eancia Intelectual, M\u00faltipla e Transtorno do Espectro Autista (TEA) nas \u00e1reas da assist\u00eancia social, educa\u00e7\u00e3o e sa\u00fade. Tem como Presidente Paulo Roberto de Mendon\u00e7a Sampaio e mantenedora a Loja Ma\u00e7\u00f4nica Uni\u00e3o, Justi\u00e7a e Amor. Nossa miss\u00e3o \u00e9 promover e articular a\u00e7\u00f5es de defesa e garantia de direitos, preven\u00e7\u00e3o, presta\u00e7\u00f5es de servi\u00e7os e apoio \u00e0s fam\u00edlias para a melhoria da qualidade de vida da pessoa com defici\u00eancia Intelectual, M\u00faltipla e Transtorno do Espectro Autista (TEA).<\/p>\n<p style=\"text-align: justify;\">Hoje em especial a APAE agradece a toda comunidade local e regional pelo carinho como todos os colaboradores abra\u00e7am a nossa causa, verdadeiros Multiplicadores do Bem!<\/p>\n<p style=\"text-align: justify;\">Todo ano realizamos uma grande festa de anivers\u00e1rio com os alunos: produ\u00e7\u00e3o de bolo, decora\u00e7\u00f5es e o tradicional parab\u00e9ns. Este ano nos adaptamos ao momento\u00a0 vivenciado devido a pandemia, nossa a\u00e7\u00e3o comemorativa ser\u00e1 o Drive Thru de anivers\u00e1rio, juntamente com a entrega das atividades remotas ser\u00e1 distribu\u00eddo aos alunos\/destinat\u00e1rios um singelo e delicioso bolo de pote para celebrar os 49 anos. O Drive Thru ser\u00e1 com hor\u00e1rio escalonado respeitando as quest\u00f5es de sa\u00fade, higiene e seguran\u00e7a. O aluno\/destinat\u00e1rio poder\u00e1 rever a escola e os seus professores. Ser\u00e1 entregue tamb\u00e9m o primeiro exemplar do jornal escolar realizado com a colabora\u00e7\u00e3o dos professores e alunos da entidade. O jornal \u00e9 uma ferramenta indispens\u00e1vel para a promo\u00e7\u00e3o do trabalho, da imagem do aluno e da escola, sua publica\u00e7\u00e3o estar\u00e1 dispon\u00edvel no Facebook da APAE.<\/p>\n<p style=\"text-align: justify;\">Estamos trabalhando nos bastidores para n\u00e3o deixar a data de 2021 passar em branco e que Deus nos d\u00ea sa\u00fade para a contagem regressiva rumo aos 50 anos da APAE de Dracena.<\/p>\n<p><iframe loading=\"lazy\" title=\"49 anos *Anivers\u00e1rio da APAE Dracena SP\" width=\"696\" height=\"392\" src=\"https:\/\/www.youtube.com\/embed\/-ia5j_5GP_0?feature=oembed\" frameborder=\"0\" allow=\"accelerometer; autoplay; clipboard-write; encrypted-media; gyroscope; picture-in-picture\" allowfullscreen><\/iframe><\/p>\n<p><img loading=\"lazy\" decoding=\"async\" class=\"alignnone size-full wp-image-46834\" src=\"https:\/\/jorgezanoni.com.br\/2019\/wp-content\/uploads\/2021\/04\/apae1.jpg\" alt=\"\" width=\"1280\" height=\"960\" srcset=\"https:\/\/jorgezanoni.com.br\/2019\/wp-content\/uploads\/2021\/04\/apae1.jpg 1280w, https:\/\/jorgezanoni.com.br\/2019\/wp-content\/uploads\/2021\/04\/apae1-300x225.jpg 300w, https:\/\/jorgezanoni.com.br\/2019\/wp-content\/uploads\/2021\/04\/apae1-1024x768.jpg 1024w, https:\/\/jorgezanoni.com.br\/2019\/wp-content\/uploads\/2021\/04\/apae1-768x576.jpg 768w, https:\/\/jorgezanoni.com.br\/2019\/wp-content\/uploads\/2021\/04\/apae1-80x60.jpg 80w, https:\/\/jorgezanoni.com.br\/2019\/wp-content\/uploads\/2021\/04\/apae1-265x198.jpg 265w, https:\/\/jorgezanoni.com.br\/2019\/wp-content\/uploads\/2021\/04\/apae1-696x522.jpg 696w, https:\/\/jorgezanoni.com.br\/2019\/wp-content\/uploads\/2021\/04\/apae1-1068x801.jpg 1068w, https:\/\/jorgezanoni.com.br\/2019\/wp-content\/uploads\/2021\/04\/apae1-560x420.jpg 560w\" sizes=\"auto, (max-width: 1280px) 100vw, 1280px\" \/> <img loading=\"lazy\" decoding=\"async\" class=\"alignnone size-full wp-image-46835\" src=\"https:\/\/jorgezanoni.com.br\/2019\/wp-content\/uploads\/2021\/04\/apae2.jpg\" alt=\"\" width=\"720\" height=\"405\" srcset=\"https:\/\/jorgezanoni.com.br\/2019\/wp-content\/uploads\/2021\/04\/apae2.jpg 720w, https:\/\/jorgezanoni.com.br\/2019\/wp-content\/uploads\/2021\/04\/apae2-300x169.jpg 300w, https:\/\/jorgezanoni.com.br\/2019\/wp-content\/uploads\/2021\/04\/apae2-696x392.jpg 696w\" sizes=\"auto, (max-width: 720px) 100vw, 720px\" \/> <img loading=\"lazy\" decoding=\"async\" class=\"alignnone size-full wp-image-46836\" src=\"https:\/\/jorgezanoni.com.br\/2019\/wp-content\/uploads\/2021\/04\/apae3.jpg\" alt=\"\" width=\"1280\" height=\"960\" srcset=\"https:\/\/jorgezanoni.com.br\/2019\/wp-content\/uploads\/2021\/04\/apae3.jpg 1280w, https:\/\/jorgezanoni.com.br\/2019\/wp-content\/uploads\/2021\/04\/apae3-300x225.jpg 300w, https:\/\/jorgezanoni.com.br\/2019\/wp-content\/uploads\/2021\/04\/apae3-1024x768.jpg 1024w, https:\/\/jorgezanoni.com.br\/2019\/wp-content\/uploads\/2021\/04\/apae3-768x576.jpg 768w, https:\/\/jorgezanoni.com.br\/2019\/wp-content\/uploads\/2021\/04\/apae3-80x60.jpg 80w, https:\/\/jorgezanoni.com.br\/2019\/wp-content\/uploads\/2021\/04\/apae3-265x198.jpg 265w, https:\/\/jorgezanoni.com.br\/2019\/wp-content\/uploads\/2021\/04\/apae3-696x522.jpg 696w, https:\/\/jorgezanoni.com.br\/2019\/wp-content\/uploads\/2021\/04\/apae3-1068x801.jpg 1068w, https:\/\/jorgezanoni.com.br\/2019\/wp-content\/uploads\/2021\/04\/apae3-560x420.jpg 560w\" sizes=\"auto, (max-width: 1280px) 100vw, 1280px\" \/><img loading=\"lazy\" decoding=\"async\" class=\"alignnone size-full wp-image-46838\" src=\"https:\/\/jorgezanoni.com.br\/2019\/wp-content\/uploads\/2021\/04\/Jornal-1.jpg\" alt=\"\" width=\"532\" height=\"933\" srcset=\"https:\/\/jorgezanoni.com.br\/2019\/wp-content\/uploads\/2021\/04\/Jornal-1.jpg 532w, https:\/\/jorgezanoni.com.br\/2019\/wp-content\/uploads\/2021\/04\/Jornal-1-171x300.jpg 171w, https:\/\/jorgezanoni.com.br\/2019\/wp-content\/uploads\/2021\/04\/Jornal-1-239x420.jpg 239w\" sizes=\"auto, (max-width: 532px) 100vw, 532px\" \/><\/p>\n<p>Fonte: APAE<\/p>\n<p>O Site JZ parabeniza a todos os alunos, funcion\u00e1rios, colaboradores e diretorias que passaram e ainda atuam na entidade, com certeza uma das mais respeitadas da regi\u00e3o.<\/p>\n","protected":false},"excerpt":{"rendered":"<p>Associa\u00e7\u00e3o de Pais e Amigos dos Excepcionais \u2013 Escola de Educa\u00e7\u00e3o Especial \u201cProfessor Leuzi Gardini\u201d APAE de Dracena completa 49 anos de hist\u00f3ria. Atualmente atende aproximadamente 213 alunos\/destinat\u00e1rios com Defici\u00eancia Intelectual, M\u00faltipla e Transtorno do Espectro Autista (TEA) nas \u00e1reas da assist\u00eancia social, educa\u00e7\u00e3o e sa\u00fade. Tem como Presidente Paulo Roberto de Mendon\u00e7a Sampaio e [&hellip;]<\/p>\n","protected":false},"author":1,"featured_media":46833,"comment_status":"closed","ping_status":"open","sticky":false,"template":"","format":"video","meta":{"footnotes":""},"categories":[179,184,110,169],"tags":[],"class_list":["post-46831","post","type-post","status-publish","format-video","has-post-thumbnail","hentry","category-cidadeseregiao","category-dracena","category-noticiasdestaque","category-videos","post_format-post-format-video"],"_links":{"self":[{"href":"https:\/\/jorgezanoni.com.br\/2019\/wp-json\/wp\/v2\/posts\/46831","targetHints":{"allow":["GET"]}}],"collection":[{"href":"https:\/\/jorgezanoni.com.br\/2019\/wp-json\/wp\/v2\/posts"}],"about":[{"href":"https:\/\/jorgezanoni.com.br\/2019\/wp-json\/wp\/v2\/types\/post"}],"author":[{"embeddable":true,"href":"https:\/\/jorgezanoni.com.br\/2019\/wp-json\/wp\/v2\/users\/1"}],"replies":[{"embeddable":true,"href":"https:\/\/jorgezanoni.com.br\/2019\/wp-json\/wp\/v2\/comments?post=46831"}],"version-history":[{"count":0,"href":"https:\/\/jorgezanoni.com.br\/2019\/wp-json\/wp\/v2\/posts\/46831\/revisions"}],"wp:featuredmedia":[{"embeddable":true,"href":"https:\/\/jorgezanoni.com.br\/2019\/wp-json\/wp\/v2\/media\/46833"}],"wp:attachment":[{"href":"https:\/\/jorgezanoni.com.br\/2019\/wp-json\/wp\/v2\/media?parent=46831"}],"wp:term":[{"taxonomy":"category","embeddable":true,"href":"https:\/\/jorgezanoni.com.br\/2019\/wp-json\/wp\/v2\/categories?post=46831"},{"taxonomy":"post_tag","embeddable":true,"href":"https:\/\/jorgezanoni.com.br\/2019\/wp-json\/wp\/v2\/tags?post=46831"}],"curies":[{"name":"wp","href":"https:\/\/api.w.org\/{rel}","templated":true}]}}