{"id":46828,"date":"2021-04-27T14:29:35","date_gmt":"2021-04-27T14:29:35","guid":{"rendered":"https:\/\/jorgezanoni.com.br\/2019\/?p=46828"},"modified":"2021-04-27T14:29:35","modified_gmt":"2021-04-27T14:29:35","slug":"publico-de-63-anos-recebera-vacina-covid-19-a-partir-de-amanha-28-em-dracena","status":"publish","type":"post","link":"https:\/\/jorgezanoni.com.br\/2019\/publico-de-63-anos-recebera-vacina-covid-19-a-partir-de-amanha-28-em-dracena\/","title":{"rendered":"P\u00fablico de 63 anos receber\u00e1 Vacina COVID-19 a partir de amanh\u00e3 (28) em Dracena"},"content":{"rendered":"<p style=\"text-align: justify;\">Nesta quarta-feira, 28, a Secretaria Municipal de Sa\u00fade de Dracena antecipa mais um p\u00fablico para receber a vacina covid 19. Amanh\u00e3, ser\u00e3o contempladas as pessoas de 63 anos.<br \/>\nOs postos de vacina\u00e7\u00e3o s\u00e3o: CEP\/UME e Escola Jo\u00e3o Vendramini, das 8h \u00e0s 13h. Levar RG, CPF e comprovante de resid\u00eancia.<br \/>\nEssa faixa et\u00e1ria estava programada para iniciar a vacina\u00e7\u00e3o na quinta-feira, dia 29.<\/p>\n<p style=\"text-align: justify;\">Fonte: Diretoria de Comunica\u00e7\u00e3o<\/p>\n<p>Imagem Arquivo<\/p>\n","protected":false},"excerpt":{"rendered":"<p>Nesta quarta-feira, 28, a Secretaria Municipal de Sa\u00fade de Dracena antecipa mais um p\u00fablico para receber a vacina covid 19. Amanh\u00e3, ser\u00e3o contempladas as pessoas de 63 anos. Os postos de vacina\u00e7\u00e3o s\u00e3o: CEP\/UME e Escola Jo\u00e3o Vendramini, das 8h \u00e0s 13h. Levar RG, CPF e comprovante de resid\u00eancia. Essa faixa et\u00e1ria estava programada para [&hellip;]<\/p>\n","protected":false},"author":1,"featured_media":46829,"comment_status":"closed","ping_status":"open","sticky":false,"template":"","format":"standard","meta":{"footnotes":""},"categories":[179,184,110],"tags":[],"class_list":["post-46828","post","type-post","status-publish","format-standard","has-post-thumbnail","hentry","category-cidadeseregiao","category-dracena","category-noticiasdestaque"],"_links":{"self":[{"href":"https:\/\/jorgezanoni.com.br\/2019\/wp-json\/wp\/v2\/posts\/46828","targetHints":{"allow":["GET"]}}],"collection":[{"href":"https:\/\/jorgezanoni.com.br\/2019\/wp-json\/wp\/v2\/posts"}],"about":[{"href":"https:\/\/jorgezanoni.com.br\/2019\/wp-json\/wp\/v2\/types\/post"}],"author":[{"embeddable":true,"href":"https:\/\/jorgezanoni.com.br\/2019\/wp-json\/wp\/v2\/users\/1"}],"replies":[{"embeddable":true,"href":"https:\/\/jorgezanoni.com.br\/2019\/wp-json\/wp\/v2\/comments?post=46828"}],"version-history":[{"count":0,"href":"https:\/\/jorgezanoni.com.br\/2019\/wp-json\/wp\/v2\/posts\/46828\/revisions"}],"wp:featuredmedia":[{"embeddable":true,"href":"https:\/\/jorgezanoni.com.br\/2019\/wp-json\/wp\/v2\/media\/46829"}],"wp:attachment":[{"href":"https:\/\/jorgezanoni.com.br\/2019\/wp-json\/wp\/v2\/media?parent=46828"}],"wp:term":[{"taxonomy":"category","embeddable":true,"href":"https:\/\/jorgezanoni.com.br\/2019\/wp-json\/wp\/v2\/categories?post=46828"},{"taxonomy":"post_tag","embeddable":true,"href":"https:\/\/jorgezanoni.com.br\/2019\/wp-json\/wp\/v2\/tags?post=46828"}],"curies":[{"name":"wp","href":"https:\/\/api.w.org\/{rel}","templated":true}]}}