{"id":46823,"date":"2021-04-27T13:52:13","date_gmt":"2021-04-27T13:52:13","guid":{"rendered":"https:\/\/jorgezanoni.com.br\/2019\/?p=46823"},"modified":"2021-04-27T13:52:13","modified_gmt":"2021-04-27T13:52:13","slug":"vacina-fora-do-prazo-de-validade-prefeito-andre-lemos-esta-atento-as-investigacoes-policiais","status":"publish","type":"post","link":"https:\/\/jorgezanoni.com.br\/2019\/vacina-fora-do-prazo-de-validade-prefeito-andre-lemos-esta-atento-as-investigacoes-policiais\/","title":{"rendered":"VACINA FORA DO PRAZO DE VALIDADE: Prefeito Andr\u00e9 Lemos est\u00e1 atento as investiga\u00e7\u00f5es policiais"},"content":{"rendered":"<p>A Pol\u00edcia Civil abriu inqu\u00e9rito nesta segunda-feira, 26, para apurar a aplica\u00e7\u00e3o de vacinas contra a covid-19 fora do prazo de validade em 80 moradores de Dracena. As doses tratam-se do lote 4120Z001 do fabricante Oxford\/AstraZeneca e foram aplicadas entre os dias 14 e 15 deste m\u00eas.<\/p>\n<p>Assim que a administra\u00e7\u00e3o municipal, atrav\u00e9s do prefeito Andr\u00e9 Lemos tomou conhecimento houve ampla divulga\u00e7\u00e3o do ocorrido.<\/p>\n<p>Segundo a Pol\u00edcia, o inqu\u00e9rito vai apurar eventual crime de les\u00e3o corporal culposa. A Prefeitura informou que j\u00e1 apura o fato e vai colaborar com a investiga\u00e7\u00e3o policial.<\/p>\n<p>O prefeito Andr\u00e9 Lemos afirmou: &#8220;A apura\u00e7\u00e3o dos fatos ir\u00e1 apontar os respons\u00e1veis e as provid\u00eancias cab\u00edveis ser\u00e3o tomadas. A administra\u00e7\u00e3o municipal est\u00e1 acompanhando toda investiga\u00e7\u00e3o e colaborando com as autoridades&#8221;.<\/p>\n<p style=\"text-align: justify;\">A enfermeira Karina Akiyama, respons\u00e1vel pela Vigil\u00e2ncia Epidemiol\u00f3gica disse: &#8220;Reconhecemos o erro da equipe, vamos arcar com as consequ\u00eancias, e colaborar com as informa\u00e7\u00f5es solicitadas pela Pol\u00edcia. Tamb\u00e9m estamos acompanhando de perto os pacientes&#8221;.<\/p>\n<p style=\"text-align: justify;\">O prefeito Andr\u00e9 Lemos se solidariza com cada um que recebeu a dose da vacina fora do prazo de validade e pontua que o seu Governo se pauta pela verdade dos fatos.<\/p>\n<p style=\"text-align: justify;\">Tamb\u00e9m enaltece a import\u00e2ncia da vacina\u00e7\u00e3o contra o covid 19, assim como todas as medidas de preven\u00e7\u00e3o, como a higieniza\u00e7\u00e3o das m\u00e3os, o uso de m\u00e1scaras e o cuidado em n\u00e3o estar aglomerado.<\/p>\n<p style=\"text-align: justify;\">O epis\u00f3dio da vacina aplicada fora do prazo de validade \u00e9 considerado isolado, porque a campanha desde o seu in\u00edcio em janeiro vem sendo desenvolvida no munic\u00edpio de Dracena, com responsabilidade pela Secretaria de Sa\u00fade, a fim de que sejam contemplados com os imunizantes, apenas as pessoas que correspondem aos grupos determinados pela Secretaria Estadual de Sa\u00fade.<\/p>\n<p style=\"text-align: justify;\">A gest\u00e3o municipal est\u00e1 atenta \u00e0s informa\u00e7\u00f5es transmitidas pelo Governo do Estado para oferecer um servi\u00e7o de qualidade aos cidad\u00e3os. O munic\u00edpio de Dracena tamb\u00e9m integra desde a forma\u00e7\u00e3o, o Cons\u00f3rcio Nacional de Vacinas das Cidades Brasileiras (CONECTAR).<\/p>\n<p style=\"text-align: justify;\">\n<p style=\"text-align: justify;\"><strong>INFORMA\u00c7\u00d5ES NACIONAIS<\/strong><\/p>\n<p style=\"text-align: justify;\">O site Metr\u00f3poles informou no s\u00e1bado, 24, que at\u00e9 160 cidades em 23 estados aplicaram vacinas vencidas contra a Covid-19 na popula\u00e7\u00e3o, segundo dados oficiais do Minist\u00e9rio da Sa\u00fade, sendo que apenas o munic\u00edpio de Dracena detectou o problema e tomou provid\u00eancias.<\/p>\n<p style=\"text-align: justify;\">\n<p style=\"text-align: justify;\"><strong>DEMORA NA LIBERA\u00c7\u00c3O DA VACINA<\/strong><\/p>\n<p style=\"text-align: justify;\">A vinda dos primeiros lotes da vacina produzidos pelo instituto Serum, da \u00cdndia, sofreu com indefini\u00e7\u00f5es e idas e vindas. Ainda em 31 de dezembro do ano passado, a Fiocruz pediu e conseguiu autoriza\u00e7\u00e3o da Ag\u00eancia Nacional de Vigil\u00e2ncia Sanit\u00e1ria (Anvisa) para importar 2 milh\u00f5es de doses.<\/p>\n<p style=\"text-align: justify;\">Duas semanas depois, no dia 14 de janeiro, o ent\u00e3o ministro da Sa\u00fade, Eduardo Pazuello, prometeu que um avi\u00e3o partiria do Brasil no mesmo dia para buscar as doses. A aeronave da empresa Azul foi adesivada pela equipe de marketing do governo, mas o voo acabou cancelado, e a \u00cdndia s\u00f3 liberou as vacinas na semana seguinte. Elas chegaram em 22 de janeiro, e come\u00e7aram a ser distribu\u00eddas aos estados no dia seguinte.<\/p>\n<p style=\"text-align: justify;\">A Funda\u00e7\u00e3o Oswaldo Cruz (Fiocruz), respons\u00e1vel pela produ\u00e7\u00e3o da Covishield no Brasil, apontou que os tr\u00eas lotes envolvidos, cujo um deles (4120Z001) foi utilizado em Dracena, vieram justamente nesse voo. Elas foram produzidos em outubro do ano passado no pa\u00eds asi\u00e1tico.<\/p>\n<p style=\"text-align: justify;\">A epidemiologista Carla Domingues, que coordenou o Programa Nacional de Imuniza\u00e7\u00e3o (PNI) do Minist\u00e9rio da Sa\u00fade entre 2011 e 2019, afirmou em entrevista ao Metr\u00f3poles que o sistema p\u00fablico tinha por norma n\u00e3o enviar ao entes federativos vacinas com menos de 3 meses de validade.<\/p>\n<p style=\"text-align: justify;\">Fonte: Diretoria de Comunica\u00e7\u00e3o<\/p>\n","protected":false},"excerpt":{"rendered":"<p>A Pol\u00edcia Civil abriu inqu\u00e9rito nesta segunda-feira, 26, para apurar a aplica\u00e7\u00e3o de vacinas contra a covid-19 fora do prazo de validade em 80 moradores de Dracena. As doses tratam-se do lote 4120Z001 do fabricante Oxford\/AstraZeneca e foram aplicadas entre os dias 14 e 15 deste m\u00eas. Assim que a administra\u00e7\u00e3o municipal, atrav\u00e9s do prefeito [&hellip;]<\/p>\n","protected":false},"author":1,"featured_media":46824,"comment_status":"closed","ping_status":"open","sticky":false,"template":"","format":"standard","meta":{"footnotes":""},"categories":[179,184,110],"tags":[],"class_list":["post-46823","post","type-post","status-publish","format-standard","has-post-thumbnail","hentry","category-cidadeseregiao","category-dracena","category-noticiasdestaque"],"_links":{"self":[{"href":"https:\/\/jorgezanoni.com.br\/2019\/wp-json\/wp\/v2\/posts\/46823","targetHints":{"allow":["GET"]}}],"collection":[{"href":"https:\/\/jorgezanoni.com.br\/2019\/wp-json\/wp\/v2\/posts"}],"about":[{"href":"https:\/\/jorgezanoni.com.br\/2019\/wp-json\/wp\/v2\/types\/post"}],"author":[{"embeddable":true,"href":"https:\/\/jorgezanoni.com.br\/2019\/wp-json\/wp\/v2\/users\/1"}],"replies":[{"embeddable":true,"href":"https:\/\/jorgezanoni.com.br\/2019\/wp-json\/wp\/v2\/comments?post=46823"}],"version-history":[{"count":0,"href":"https:\/\/jorgezanoni.com.br\/2019\/wp-json\/wp\/v2\/posts\/46823\/revisions"}],"wp:featuredmedia":[{"embeddable":true,"href":"https:\/\/jorgezanoni.com.br\/2019\/wp-json\/wp\/v2\/media\/46824"}],"wp:attachment":[{"href":"https:\/\/jorgezanoni.com.br\/2019\/wp-json\/wp\/v2\/media?parent=46823"}],"wp:term":[{"taxonomy":"category","embeddable":true,"href":"https:\/\/jorgezanoni.com.br\/2019\/wp-json\/wp\/v2\/categories?post=46823"},{"taxonomy":"post_tag","embeddable":true,"href":"https:\/\/jorgezanoni.com.br\/2019\/wp-json\/wp\/v2\/tags?post=46823"}],"curies":[{"name":"wp","href":"https:\/\/api.w.org\/{rel}","templated":true}]}}