{"id":46806,"date":"2021-04-27T00:51:29","date_gmt":"2021-04-27T00:51:29","guid":{"rendered":"https:\/\/jorgezanoni.com.br\/2019\/?p=46806"},"modified":"2021-04-27T00:52:05","modified_gmt":"2021-04-27T00:52:05","slug":"funcionarios-da-caixa-anunciam-greve-partir-desta-terca-feira","status":"publish","type":"post","link":"https:\/\/jorgezanoni.com.br\/2019\/funcionarios-da-caixa-anunciam-greve-partir-desta-terca-feira\/","title":{"rendered":"Funcion\u00e1rios da Caixa anunciam greve a partir desta ter\u00e7a-feira"},"content":{"rendered":"<p style=\"text-align: justify;\">O\u00a0Sindicato dos Banc\u00e1rios confirmou a\u00a0greve de funcion\u00e1rios da\u00a0Caixa Econ\u00f4mica\u00a0para esta ter\u00e7a-feira (27) em todo o Brasil. A paralisa\u00e7\u00e3o ser\u00e1 por 24 horas e deve abranger toda a opera\u00e7\u00e3o das ag\u00eancias, al\u00e9m dos funcion\u00e1rios em home office, que tamb\u00e9m est\u00e3o sendo orientados a paralisar atividades ao longo do dia.<\/p>\n<p style=\"text-align: justify;\">Ainda assim, a entidade afirma que as opera\u00e7\u00f5es feitas pela internet continuar\u00e3o funcionando, ainda que de forma reduzida, para atender os benefici\u00e1rios do aux\u00edlio emergencial e de outros servi\u00e7os.<\/p>\n<p style=\"text-align: justify;\">\u00a0O sindicato est\u00e1 reivindicando o cancelamento da abertura de capital da Caixa Seguridade, que est\u00e1 marcada para a pr\u00f3xima quinta-feira (29). \u201cPedimos desculpas \u00e0 popula\u00e7\u00e3o, no entanto, \u00e9 melhor um dia n\u00e3o funcionando do que n\u00e3o funcionando sempre\u201d, diz Dion\u00edsio Reis, diretor do Sindicato dos Banc\u00e1rios de S\u00e3o Paulo, Osasco e regi\u00e3o e funcion\u00e1rio da Caixa.<\/p>\n<p style=\"text-align: justify;\">Os trabalhadores protocolaram uma den\u00fancia na Comiss\u00e3o de Valores Mobili\u00e1rios (CVM) no \u00faltimo dia 20, apontando irregularidades na opera\u00e7\u00e3o que prev\u00ea a venda de 15% das a\u00e7\u00f5es de um dos bra\u00e7os do banco estatal. \u201cO que a gente reivindica \u00e9 o fim da privatiza\u00e7\u00e3o aos peda\u00e7os da Caixa\u201d, diz Dion\u00edsio. \u201cTodos os IPOs grandes foram cancelados porque o pre\u00e7o est\u00e1 muito abaixo de qualquer expectativa\u201d.<\/p>\n<p style=\"text-align: justify;\"><strong>Contrata\u00e7\u00f5es e vacinas\u00a0<\/strong><br \/>\nAl\u00e9m do cancelamento da venda das a\u00e7\u00f5es, o sindicato tamb\u00e9m reivindica a urgente contrata\u00e7\u00e3o dos funcion\u00e1rios que passaram em concurso p\u00fablico promovido pelo banco em 2014 e que n\u00e3o foram chamados pela empresa. \u201cNo pa\u00eds inteiro, mais de 120 milh\u00f5es de pessoas utilizaram a Caixa durante a pandemia para acessar o FGTS, o Bolsa Fam\u00edlia e o aux\u00edlio emergencial. Falta empregados e o banco est\u00e1 recorrendo \u00e0 Justi\u00e7a para n\u00e3o contratar mais\u201d, diz Dion\u00edsio.<\/p>\n<p style=\"text-align: justify;\">O sindicato afirma que 20 funcion\u00e1rios da Caixa morreram nos dois primeiros meses deste ano de Covid-19, superando os 18 \u00f3bitos no ano passado inteiro. Pelo aumento da exposi\u00e7\u00e3o, em especial por conta do aumento do fluxo de clientes nas ag\u00eancias para resgate do aux\u00edlio emergencial, o sindicato pede que os funcion\u00e1rios sejam inclu\u00eddos entre os grupos priorit\u00e1rios no Plano Nacional de Imuniza\u00e7\u00e3o.<\/p>\n<p style=\"text-align: justify;\">Fonte: CNN Brasil.<\/p>\n","protected":false},"excerpt":{"rendered":"<p>O\u00a0Sindicato dos Banc\u00e1rios confirmou a\u00a0greve de funcion\u00e1rios da\u00a0Caixa Econ\u00f4mica\u00a0para esta ter\u00e7a-feira (27) em todo o Brasil. A paralisa\u00e7\u00e3o ser\u00e1 por 24 horas e deve abranger toda a opera\u00e7\u00e3o das ag\u00eancias, al\u00e9m dos funcion\u00e1rios em home office, que tamb\u00e9m est\u00e3o sendo orientados a paralisar atividades ao longo do dia. Ainda assim, a entidade afirma que as [&hellip;]<\/p>\n","protected":false},"author":1,"featured_media":46807,"comment_status":"closed","ping_status":"open","sticky":false,"template":"","format":"standard","meta":{"footnotes":""},"categories":[110,116],"tags":[],"class_list":["post-46806","post","type-post","status-publish","format-standard","has-post-thumbnail","hentry","category-noticiasdestaque","category-politicaeeconomia"],"_links":{"self":[{"href":"https:\/\/jorgezanoni.com.br\/2019\/wp-json\/wp\/v2\/posts\/46806","targetHints":{"allow":["GET"]}}],"collection":[{"href":"https:\/\/jorgezanoni.com.br\/2019\/wp-json\/wp\/v2\/posts"}],"about":[{"href":"https:\/\/jorgezanoni.com.br\/2019\/wp-json\/wp\/v2\/types\/post"}],"author":[{"embeddable":true,"href":"https:\/\/jorgezanoni.com.br\/2019\/wp-json\/wp\/v2\/users\/1"}],"replies":[{"embeddable":true,"href":"https:\/\/jorgezanoni.com.br\/2019\/wp-json\/wp\/v2\/comments?post=46806"}],"version-history":[{"count":0,"href":"https:\/\/jorgezanoni.com.br\/2019\/wp-json\/wp\/v2\/posts\/46806\/revisions"}],"wp:featuredmedia":[{"embeddable":true,"href":"https:\/\/jorgezanoni.com.br\/2019\/wp-json\/wp\/v2\/media\/46807"}],"wp:attachment":[{"href":"https:\/\/jorgezanoni.com.br\/2019\/wp-json\/wp\/v2\/media?parent=46806"}],"wp:term":[{"taxonomy":"category","embeddable":true,"href":"https:\/\/jorgezanoni.com.br\/2019\/wp-json\/wp\/v2\/categories?post=46806"},{"taxonomy":"post_tag","embeddable":true,"href":"https:\/\/jorgezanoni.com.br\/2019\/wp-json\/wp\/v2\/tags?post=46806"}],"curies":[{"name":"wp","href":"https:\/\/api.w.org\/{rel}","templated":true}]}}