{"id":46798,"date":"2021-04-26T22:01:04","date_gmt":"2021-04-26T22:01:04","guid":{"rendered":"https:\/\/jorgezanoni.com.br\/2019\/?p=46798"},"modified":"2021-04-26T22:01:04","modified_gmt":"2021-04-26T22:01:04","slug":"policia-civil-abre-inquerito-para-apurar-aplicacao-de-vacinas-vencidas-contra-a-covid-19-em-dracena","status":"publish","type":"post","link":"https:\/\/jorgezanoni.com.br\/2019\/policia-civil-abre-inquerito-para-apurar-aplicacao-de-vacinas-vencidas-contra-a-covid-19-em-dracena\/","title":{"rendered":"Pol\u00edcia Civil abre inqu\u00e9rito para apurar aplica\u00e7\u00e3o de vacinas vencidas contra a Covid-19 em Dracena"},"content":{"rendered":"<h2 class=\"content-head__subtitle\" style=\"text-align: justify;\"><strong>Procedimento foi instaurado nesta segunda-feira (26) e documentos devem ser solicitados \u00e0 Prefeitura e os \u2018poss\u00edveis respons\u00e1veis\u2019 devem ser ouvidos.<\/strong><\/h2>\n<div class=\"mc-column content-text active-extra-styles \" style=\"text-align: justify;\" data-block-type=\"unstyled\" data-block-weight=\"41\" data-block-id=\"2\">\n<p class=\"content-text__container \" data-track-category=\"Link no Texto\" data-track-links=\"\">A Pol\u00edcia Civil abriu um inqu\u00e9rito, nesta segunda-feira (26), para apurar a aplica\u00e7\u00e3o de vacinas vencidas contra a Covid-19 em 80 moradores de\u00a0<a href=\"https:\/\/g1.globo.com\/sp\/presidente-prudente-regiao\/cidade\/dracena\/\">Dracena (SP)<\/a>. Segundo a corpora\u00e7\u00e3o, a abertura foi baseada no Artigo 129, do C\u00f3digo Penal, de les\u00e3o corporal.<\/p>\n<\/div>\n<div class=\"wall protected-content\">\n<div class=\"mc-column content-text active-extra-styles \" style=\"text-align: justify;\" data-block-type=\"unstyled\" data-block-weight=\"42\" data-block-id=\"3\">\n<p class=\"content-text__container \" data-track-category=\"Link no Texto\" data-track-links=\"\">As doses que estavam vencidas eram da fabricante OxFord-AstraZeneca, do lote 4120Z001, e\u00a0<a href=\"https:\/\/g1.globo.com\/sp\/presidente-prudente-regiao\/noticia\/2021\/04\/22\/dracena-aplica-80-doses-vencidas-de-vacina-contra-a-covid-19-e-prefeitura-alega-falha-na-gestao-de-estoque.ghtml\">foram aplicadas no munic\u00edpio nos dias 14 e 15 de abril<\/a>. Por\u00e9m, a comunica\u00e7\u00e3o do procedimento foi feita pela Secretaria Municipal de Sa\u00fade de Dracena somente no dia 22.<\/p>\n<\/div>\n<div class=\"mc-column content-text active-extra-styles \" style=\"text-align: justify;\" data-block-type=\"unstyled\" data-block-weight=\"40\" data-block-id=\"4\">\n<p class=\"content-text__container \" data-track-category=\"Link no Texto\" data-track-links=\"\">O respons\u00e1vel pelo inqu\u00e9rito \u00e9 o delegado Feres Cury Karam. Ele destacou que no primeiro momento das investiga\u00e7\u00f5es vai solicitar \u00e0 Prefeitura documentos junto ao setor espec\u00edfico do Poder Executivo e fazer o levantamento das pessoas que foram &#8220;supostamente vacinadas&#8221;.<\/p>\n<\/div>\n<div class=\"mc-column content-text active-extra-styles \" style=\"text-align: justify;\" data-block-type=\"unstyled\" data-block-weight=\"12\" data-block-id=\"5\">\n<p class=\"content-text__container \" data-track-category=\"Link no Texto\" data-track-links=\"\">Al\u00e9m da an\u00e1lise de documentos, os \u201cposs\u00edveis respons\u00e1veis\u201d tamb\u00e9m devem ser ouvidos.<\/p>\n<\/div>\n<div class=\"mc-column content-text active-extra-styles \" style=\"text-align: justify;\" data-block-type=\"unstyled\" data-block-weight=\"9\" data-block-id=\"6\">\n<p class=\"content-text__container \" data-track-category=\"Link no Texto\" data-track-links=\"\">O inqu\u00e9rito tem o prazo m\u00ednimo de 30 dias.<\/p>\n<\/div>\n<div class=\"mc-column content-text active-extra-styles\" style=\"text-align: justify;\" data-block-type=\"raw\" data-block-weight=\"13\" data-block-id=\"7\">\n<ul class=\"content-unordered-list\">\n<li><a href=\"https:\/\/g1.globo.com\/sp\/presidente-prudente-regiao\/noticia\/2021\/04\/22\/dracena-aplica-80-doses-vencidas-de-vacina-contra-a-covid-19-e-prefeitura-alega-falha-na-gestao-de-estoque.ghtml\">Covid: Dracena aplica vacinas vencidas em 80 pessoas; Prefeitura alega falha no estoque<\/a><\/li>\n<\/ul>\n<\/div>\n<div class=\"mc-column content-text active-extra-styles\" style=\"text-align: justify;\" data-block-type=\"raw\" data-block-weight=\"3\" data-block-id=\"8\">\n<div class=\"content-intertitle\">\n<h2>Falha no estoque<\/h2>\n<\/div>\n<\/div>\n<div class=\"mc-column content-text active-extra-styles \" style=\"text-align: justify;\" data-block-type=\"unstyled\" data-block-weight=\"41\" data-block-id=\"9\">\n<p class=\"content-text__container \" data-track-category=\"Link no Texto\" data-track-links=\"\">Na semana passada, o prefeito de Dracena, Andr\u00e9 Kozan Lemos (Patriota), afirmou que o erro seria investigado, e que n\u00e3o trazia risco \u00e0 sa\u00fade dos mun\u00edcipes. Ele tamb\u00e9m salientou que todos que receberam as doses vencidas ser\u00e3o revacinados em um m\u00eas.<\/p>\n<\/div>\n<div class=\"mc-column content-text active-extra-styles \" style=\"text-align: justify;\" data-block-type=\"unstyled\" data-block-weight=\"44\" data-block-id=\"11\">\n<p class=\"content-text__container \" data-track-category=\"Link no Texto\" data-track-links=\"\">\u201cHouve uma falha na gest\u00e3o do estoque dessas vacinas. As vacinas que chegaram depois foram aplicadas primeiro e sete frascos ficaram para tr\u00e1s e aconteceu essa pequena falha. Falhas semelhantes n\u00e3o acontecer\u00e3o\u201d, declarou o prefeito Andr\u00e9 Kozan Lemos (Patriota) em pronunciamento nas redes sociais.<\/p>\n<\/div>\n<div class=\"mc-column content-text active-extra-styles \" style=\"text-align: justify;\" data-block-type=\"unstyled\" data-block-weight=\"51\" data-block-id=\"12\">\n<p class=\"content-text__container \" data-track-category=\"Link no Texto\" data-track-links=\"\">A Secretaria de Sa\u00fade informou que as pessoas que receberam essas doses ser\u00e3o monitoradas por 30 dias, a partir da data de aplica\u00e7\u00e3o, e n\u00e3o h\u00e1 motivo para entrarem em p\u00e2nico. A pasta esclareceu que essas pessoas dever\u00e3o aguardar em suas resid\u00eancias a visita de equipe da Sa\u00fade municipal para orienta\u00e7\u00e3o.<\/p>\n<\/div>\n<div class=\"mc-column content-text active-extra-styles \" style=\"text-align: justify;\" data-block-type=\"unstyled\" data-block-weight=\"42\" data-block-id=\"13\">\n<p class=\"content-text__container \" data-track-category=\"Link no Texto\" data-track-links=\"\">Segundo a Prefeitura, a situa\u00e7\u00e3o tamb\u00e9m foi comunicada ao Grupo de Vigil\u00e2ncia Epidemiol\u00f3gica (GVE), de Presidente Venceslau (SP), e o procedimento foi considerado &#8220;inadequado&#8221;. &#8220;Sendo assim, aguarda por mais orienta\u00e7\u00f5es da Divis\u00e3o de Imuniza\u00e7\u00e3o da Secretaria Estadual de Sa\u00fade&#8221;, esclareceu, em comunicado.<\/p>\n<\/div>\n<div class=\"mc-column content-text active-extra-styles \" style=\"text-align: justify;\" data-block-type=\"unstyled\" data-block-weight=\"41\" data-block-id=\"14\">\n<p class=\"content-text__container \" data-track-category=\"Link no Texto\" data-track-links=\"\">&#8220;As vacinas fora do prazo, a princ\u00edpio, n\u00e3o oferecem riscos, mas s\u00e3o consideradas inv\u00e1lidas&#8221;, garante o pol\u00edtico. &#8220;As vacinas ser\u00e3o aplicadas novamente em prazo curto, vamos entrar em contato para acompanhar a sa\u00fade das pessoas. \u00c9 uma quest\u00e3o preventiva, mesmo&#8221;, disse.<\/p>\n<\/div>\n<div class=\"mc-column content-text active-extra-styles \" style=\"text-align: justify;\" data-block-type=\"unstyled\" data-block-weight=\"49\" data-block-id=\"15\">\n<p class=\"content-text__container \" data-track-category=\"Link no Texto\" data-track-links=\"\">Agora, as pessoas receber\u00e3o vacinas do Instituto Butantan, a CoronaVac, segundo Aline Andrade, diretora de vigil\u00e2ncia em Sa\u00fade de Dracena. &#8220;A orienta\u00e7\u00e3o \u00e9 de que elas podem ser revacinadas daqui h\u00e1 um m\u00eas. Ent\u00e3o ser\u00e1 em 14 e 15 de maio a outra dose, considerando a primeira inv\u00e1lida&#8221;, explica.<\/p>\n<\/div>\n<div class=\"mc-column content-text active-extra-styles \" data-block-type=\"unstyled\" data-block-weight=\"29\" data-block-id=\"16\">\n<p class=\"content-text__container \" style=\"text-align: justify;\" data-track-category=\"Link no Texto\" data-track-links=\"\">A administra\u00e7\u00e3o municipal ressaltou que a campanha de vacina\u00e7\u00e3o vem sendo desenvolvida na cidade com todo o cuidado, desde o m\u00eas de janeiro, para evitar os mais diferentes problemas.<\/p>\n<p style=\"text-align: justify;\" data-track-category=\"Link no Texto\" data-track-links=\"\">Fonte: G1<\/p>\n<\/div>\n<\/div>\n","protected":false},"excerpt":{"rendered":"<p>Procedimento foi instaurado nesta segunda-feira (26) e documentos devem ser solicitados \u00e0 Prefeitura e os \u2018poss\u00edveis respons\u00e1veis\u2019 devem ser ouvidos. A Pol\u00edcia Civil abriu um inqu\u00e9rito, nesta segunda-feira (26), para apurar a aplica\u00e7\u00e3o de vacinas vencidas contra a Covid-19 em 80 moradores de\u00a0Dracena (SP). Segundo a corpora\u00e7\u00e3o, a abertura foi baseada no Artigo 129, do [&hellip;]<\/p>\n","protected":false},"author":1,"featured_media":46799,"comment_status":"closed","ping_status":"open","sticky":false,"template":"","format":"standard","meta":{"footnotes":""},"categories":[179,184,110],"tags":[],"class_list":["post-46798","post","type-post","status-publish","format-standard","has-post-thumbnail","hentry","category-cidadeseregiao","category-dracena","category-noticiasdestaque"],"_links":{"self":[{"href":"https:\/\/jorgezanoni.com.br\/2019\/wp-json\/wp\/v2\/posts\/46798","targetHints":{"allow":["GET"]}}],"collection":[{"href":"https:\/\/jorgezanoni.com.br\/2019\/wp-json\/wp\/v2\/posts"}],"about":[{"href":"https:\/\/jorgezanoni.com.br\/2019\/wp-json\/wp\/v2\/types\/post"}],"author":[{"embeddable":true,"href":"https:\/\/jorgezanoni.com.br\/2019\/wp-json\/wp\/v2\/users\/1"}],"replies":[{"embeddable":true,"href":"https:\/\/jorgezanoni.com.br\/2019\/wp-json\/wp\/v2\/comments?post=46798"}],"version-history":[{"count":0,"href":"https:\/\/jorgezanoni.com.br\/2019\/wp-json\/wp\/v2\/posts\/46798\/revisions"}],"wp:featuredmedia":[{"embeddable":true,"href":"https:\/\/jorgezanoni.com.br\/2019\/wp-json\/wp\/v2\/media\/46799"}],"wp:attachment":[{"href":"https:\/\/jorgezanoni.com.br\/2019\/wp-json\/wp\/v2\/media?parent=46798"}],"wp:term":[{"taxonomy":"category","embeddable":true,"href":"https:\/\/jorgezanoni.com.br\/2019\/wp-json\/wp\/v2\/categories?post=46798"},{"taxonomy":"post_tag","embeddable":true,"href":"https:\/\/jorgezanoni.com.br\/2019\/wp-json\/wp\/v2\/tags?post=46798"}],"curies":[{"name":"wp","href":"https:\/\/api.w.org\/{rel}","templated":true}]}}