{"id":46795,"date":"2021-04-26T20:43:19","date_gmt":"2021-04-26T20:43:19","guid":{"rendered":"https:\/\/jorgezanoni.com.br\/2019\/?p=46795"},"modified":"2021-04-26T20:44:11","modified_gmt":"2021-04-26T20:44:11","slug":"boletim-atualizado-da-covid-19-da-secretaria-municipal-de-saude-de-dracena-26-04-21","status":"publish","type":"post","link":"https:\/\/jorgezanoni.com.br\/2019\/boletim-atualizado-da-covid-19-da-secretaria-municipal-de-saude-de-dracena-26-04-21\/","title":{"rendered":"Boletim atualizado da COVID-19 da Secretaria Municipal de Sa\u00fade de Dracena 26\/04\/21"},"content":{"rendered":"<div class=\"kvgmc6g5 cxmmr5t8 oygrvhab hcukyx3x c1et5uql ii04i59q\">\n<div dir=\"auto\" style=\"text-align: justify;\">BOLETIM EPIDEMIOL\u00d3GICO COVID 19<\/div>\n<div dir=\"auto\" style=\"text-align: justify;\">segunda-feira, 26\/04<\/div>\n<\/div>\n<div class=\"o9v6fnle cxmmr5t8 oygrvhab hcukyx3x c1et5uql ii04i59q\" style=\"text-align: justify;\">\n<div dir=\"auto\">Suspeitos: 12<\/div>\n<div dir=\"auto\">Suspeitos domiciliar: 12<\/div>\n<div dir=\"auto\">Suspeitos hospitalar: 0<\/div>\n<div dir=\"auto\">Confirmados: 4.282<\/div>\n<div dir=\"auto\">Curados: 3993<\/div>\n<div dir=\"auto\">Isolamento domiciliar: 83<\/div>\n<div dir=\"auto\">Tratamento hospitalar: 12<\/div>\n<div dir=\"auto\">\u00d3bitos: 194<\/div>\n<\/div>\n<div class=\"o9v6fnle cxmmr5t8 oygrvhab hcukyx3x c1et5uql ii04i59q\" style=\"text-align: justify;\">\n<div dir=\"auto\">ALERTA<\/div>\n<div dir=\"auto\">De sexta para hoje, 26, foram confirmados 31 novos casos de covid na cidade.<\/div>\n<div dir=\"auto\">No mesmo per\u00edodo, o n\u00famero de curados \u00e9 de 54.<\/div>\n<\/div>\n<div class=\"o9v6fnle cxmmr5t8 oygrvhab hcukyx3x c1et5uql ii04i59q\">\n<div dir=\"auto\" style=\"text-align: justify;\"><span class=\"pq6dq46d tbxw36s4 knj5qynh kvgmc6g5 ditlmg2l oygrvhab nvdbi5me sf5mxxl7 gl3lb2sf hhz5lgdu\"><img loading=\"lazy\" decoding=\"async\" src=\"https:\/\/static.xx.fbcdn.net\/images\/emoji.php\/v9\/t51\/1\/16\/1f449.png\" alt=\"\ud83d\udc49\" width=\"16\" height=\"16\" \/><\/span>ESTAMOS VIVENCIANDO UMA NOVA FASE NO ESTADO QUANTO AO PLANO SP, POR\u00c9M OS CUIDADOS DEVEM CONTINUAR. A PANDEMIA N\u00c3O ACABOU!<\/div>\n<div dir=\"auto\"><\/div>\n<div dir=\"auto\">Fonte: https:\/\/www.facebook.com\/prefeituradracena<\/div>\n<\/div>\n","protected":false},"excerpt":{"rendered":"<p>BOLETIM EPIDEMIOL\u00d3GICO COVID 19 segunda-feira, 26\/04 Suspeitos: 12 Suspeitos domiciliar: 12 Suspeitos hospitalar: 0 Confirmados: 4.282 Curados: 3993 Isolamento domiciliar: 83 Tratamento hospitalar: 12 \u00d3bitos: 194 ALERTA De sexta para hoje, 26, foram confirmados 31 novos casos de covid na cidade. No mesmo per\u00edodo, o n\u00famero de curados \u00e9 de 54. ESTAMOS VIVENCIANDO UMA NOVA [&hellip;]<\/p>\n","protected":false},"author":1,"featured_media":46796,"comment_status":"closed","ping_status":"open","sticky":false,"template":"","format":"standard","meta":{"footnotes":""},"categories":[179,184,110],"tags":[],"class_list":["post-46795","post","type-post","status-publish","format-standard","has-post-thumbnail","hentry","category-cidadeseregiao","category-dracena","category-noticiasdestaque"],"_links":{"self":[{"href":"https:\/\/jorgezanoni.com.br\/2019\/wp-json\/wp\/v2\/posts\/46795","targetHints":{"allow":["GET"]}}],"collection":[{"href":"https:\/\/jorgezanoni.com.br\/2019\/wp-json\/wp\/v2\/posts"}],"about":[{"href":"https:\/\/jorgezanoni.com.br\/2019\/wp-json\/wp\/v2\/types\/post"}],"author":[{"embeddable":true,"href":"https:\/\/jorgezanoni.com.br\/2019\/wp-json\/wp\/v2\/users\/1"}],"replies":[{"embeddable":true,"href":"https:\/\/jorgezanoni.com.br\/2019\/wp-json\/wp\/v2\/comments?post=46795"}],"version-history":[{"count":0,"href":"https:\/\/jorgezanoni.com.br\/2019\/wp-json\/wp\/v2\/posts\/46795\/revisions"}],"wp:featuredmedia":[{"embeddable":true,"href":"https:\/\/jorgezanoni.com.br\/2019\/wp-json\/wp\/v2\/media\/46796"}],"wp:attachment":[{"href":"https:\/\/jorgezanoni.com.br\/2019\/wp-json\/wp\/v2\/media?parent=46795"}],"wp:term":[{"taxonomy":"category","embeddable":true,"href":"https:\/\/jorgezanoni.com.br\/2019\/wp-json\/wp\/v2\/categories?post=46795"},{"taxonomy":"post_tag","embeddable":true,"href":"https:\/\/jorgezanoni.com.br\/2019\/wp-json\/wp\/v2\/tags?post=46795"}],"curies":[{"name":"wp","href":"https:\/\/api.w.org\/{rel}","templated":true}]}}