{"id":4679,"date":"2019-08-25T01:38:14","date_gmt":"2019-08-25T01:38:14","guid":{"rendered":"https:\/\/jorgezanoni.com.br\/2019\/?p=4679"},"modified":"2019-08-25T01:42:57","modified_gmt":"2019-08-25T01:42:57","slug":"acidente-envolve-viatura-da-pm-na-rodovia-do-contorno-em-marilia","status":"publish","type":"post","link":"https:\/\/jorgezanoni.com.br\/2019\/acidente-envolve-viatura-da-pm-na-rodovia-do-contorno-em-marilia\/","title":{"rendered":"Acidente envolve viatura da PM na rodovia do Contorno em Marilia"},"content":{"rendered":"<p style=\"text-align: justify;\">Um acidente envolveu tr\u00eas ve\u00edculos \u2013 entre eles uma viatura da For\u00e7a T\u00e1tica da Pol\u00edcia Militar \u2013 no final da tarde deste s\u00e1bado (24) na rodovia SP-294, quil\u00f4metro 442, pr\u00f3ximo de L\u00e1cio, em Mar\u00edlia.<\/p>\n<p><img loading=\"lazy\" decoding=\"async\" class=\"alignnone size-full wp-image-4684\" src=\"https:\/\/jorgezanoni.com.br\/2019\/wp-content\/uploads\/2019\/08\/marilia1-1.jpeg\" alt=\"\" width=\"960\" height=\"540\" srcset=\"https:\/\/jorgezanoni.com.br\/2019\/wp-content\/uploads\/2019\/08\/marilia1-1.jpeg 960w, https:\/\/jorgezanoni.com.br\/2019\/wp-content\/uploads\/2019\/08\/marilia1-1-300x169.jpeg 300w, https:\/\/jorgezanoni.com.br\/2019\/wp-content\/uploads\/2019\/08\/marilia1-1-768x432.jpeg 768w, https:\/\/jorgezanoni.com.br\/2019\/wp-content\/uploads\/2019\/08\/marilia1-1-696x392.jpeg 696w, https:\/\/jorgezanoni.com.br\/2019\/wp-content\/uploads\/2019\/08\/marilia1-1-747x420.jpeg 747w\" sizes=\"auto, (max-width: 960px) 100vw, 960px\" \/><\/p>\n<p style=\"text-align: justify;\">Uma pessoa teria sofrido ferimentos leves, segundo informa\u00e7\u00f5es preliminares da Pol\u00edcia Rodovi\u00e1ria. A v\u00edtima n\u00e3o seria militar e teria ocorrido ao menos uma batida traseira por volta das 18h.<\/p>\n<p><img loading=\"lazy\" decoding=\"async\" class=\"alignnone size-full wp-image-4681\" src=\"https:\/\/jorgezanoni.com.br\/2019\/wp-content\/uploads\/2019\/08\/marilia2.jpeg\" alt=\"\" width=\"540\" height=\"960\" srcset=\"https:\/\/jorgezanoni.com.br\/2019\/wp-content\/uploads\/2019\/08\/marilia2.jpeg 540w, https:\/\/jorgezanoni.com.br\/2019\/wp-content\/uploads\/2019\/08\/marilia2-169x300.jpeg 169w, https:\/\/jorgezanoni.com.br\/2019\/wp-content\/uploads\/2019\/08\/marilia2-236x420.jpeg 236w\" sizes=\"auto, (max-width: 540px) 100vw, 540px\" \/><\/p>\n<p style=\"text-align: justify;\">Al\u00e9m da viatura, teriam colidido um Chevrolet Astra e um Volkswagen Santana. Um dos motoristas se evadiu do local.<\/p>\n<p style=\"text-align: justify;\">Existe a possibilidade de o acidente ter ocorrido \u00a0durante um acompanhamento da pol\u00edcia, mas os detalhes est\u00e3o sendo apurados.<\/p>\n<p>Fonte: marilianoticia.com.br<\/p>\n","protected":false},"excerpt":{"rendered":"<p>Um acidente envolveu tr\u00eas ve\u00edculos \u2013 entre eles uma viatura da For\u00e7a T\u00e1tica da Pol\u00edcia Militar \u2013 no final da tarde deste s\u00e1bado (24) na rodovia SP-294, quil\u00f4metro 442, pr\u00f3ximo de L\u00e1cio, em Mar\u00edlia. Uma pessoa teria sofrido ferimentos leves, segundo informa\u00e7\u00f5es preliminares da Pol\u00edcia Rodovi\u00e1ria. A v\u00edtima n\u00e3o seria militar e teria ocorrido ao [&hellip;]<\/p>\n","protected":false},"author":1,"featured_media":4682,"comment_status":"closed","ping_status":"open","sticky":false,"template":"","format":"standard","meta":{"footnotes":""},"categories":[170,110],"tags":[],"class_list":["post-4679","post","type-post","status-publish","format-standard","has-post-thumbnail","hentry","category-acidentes","category-noticiasdestaque"],"_links":{"self":[{"href":"https:\/\/jorgezanoni.com.br\/2019\/wp-json\/wp\/v2\/posts\/4679","targetHints":{"allow":["GET"]}}],"collection":[{"href":"https:\/\/jorgezanoni.com.br\/2019\/wp-json\/wp\/v2\/posts"}],"about":[{"href":"https:\/\/jorgezanoni.com.br\/2019\/wp-json\/wp\/v2\/types\/post"}],"author":[{"embeddable":true,"href":"https:\/\/jorgezanoni.com.br\/2019\/wp-json\/wp\/v2\/users\/1"}],"replies":[{"embeddable":true,"href":"https:\/\/jorgezanoni.com.br\/2019\/wp-json\/wp\/v2\/comments?post=4679"}],"version-history":[{"count":0,"href":"https:\/\/jorgezanoni.com.br\/2019\/wp-json\/wp\/v2\/posts\/4679\/revisions"}],"wp:featuredmedia":[{"embeddable":true,"href":"https:\/\/jorgezanoni.com.br\/2019\/wp-json\/wp\/v2\/media\/4682"}],"wp:attachment":[{"href":"https:\/\/jorgezanoni.com.br\/2019\/wp-json\/wp\/v2\/media?parent=4679"}],"wp:term":[{"taxonomy":"category","embeddable":true,"href":"https:\/\/jorgezanoni.com.br\/2019\/wp-json\/wp\/v2\/categories?post=4679"},{"taxonomy":"post_tag","embeddable":true,"href":"https:\/\/jorgezanoni.com.br\/2019\/wp-json\/wp\/v2\/tags?post=4679"}],"curies":[{"name":"wp","href":"https:\/\/api.w.org\/{rel}","templated":true}]}}