{"id":4675,"date":"2019-08-24T20:35:19","date_gmt":"2019-08-24T20:35:19","guid":{"rendered":"https:\/\/jorgezanoni.com.br\/2019\/?p=4675"},"modified":"2019-08-24T20:35:19","modified_gmt":"2019-08-24T20:35:19","slug":"estado-aponta-dracena-como-principal-produtor-de-mamao-papaia","status":"publish","type":"post","link":"https:\/\/jorgezanoni.com.br\/2019\/estado-aponta-dracena-como-principal-produtor-de-mamao-papaia\/","title":{"rendered":"Estado aponta Dracena como principal produtor de mam\u00e3o papaia"},"content":{"rendered":"<p style=\"text-align: justify;\"><strong>A regional de Dracena \u00e9 a principal produtora da fruta com um resultado de 543 mil caixas, segundo a Secretaria de Agricultura e Abastecimento do Estado.<\/strong><\/p>\n<p style=\"text-align: justify;\">Viver em um pa\u00eds tropical tem diversas vantagens e uma das principais \u00e9 a variedade de alimentos que se adaptam ao nosso clima e ao nosso solo. Afinal, isso possibilita termos uma gama de op\u00e7\u00f5es para investir em um card\u00e1pio farto e nutritivo. No entanto, cada fruta, verdura e legume se desenvolve melhor em determinada \u00e9poca do ano. Por essa raz\u00e3o a Secretaria de Agricultura e Abastecimento do Estado de S\u00e3o Paulo mostra os alimentos da \u00e9poca.<\/p>\n<p style=\"text-align: justify;\">No m\u00eas de agosto existe uma variedade de alimentos da esta\u00e7\u00e3o, entre eles, frutas.<\/p>\n<p style=\"text-align: justify;\">Os benef\u00edcios de se consumir as frutas da \u00e9poca s\u00e3o sentidos tanto no paladar, quanto no bolso. Os alimentos da esta\u00e7\u00e3o t\u00eam como principal trunfo o fato de serem mais frescos e nutritivos em compara\u00e7\u00e3o com os outros. Isso acontece porque quando cultivados em seu per\u00edodo natural, esses produtos captam melhor os nutrientes do solo em que s\u00e3o plantados.<\/p>\n<p style=\"text-align: justify;\">A nutricionista Katlly Evillim Sousa, da Coordenadoria de Desenvolvimento dos Agroneg\u00f3cios (Codeagro), da Secretaria, recomenda que \u201cas frutas da \u00e9poca s\u00e3o ideais para consumo, pois o seu desenvolvimento \u00e9 melhor, por estarem em condi\u00e7\u00f5es clim\u00e1ticas ideais, oferecendo uma qualidade nutricional maior, no qual os nutrientes est\u00e3o em quantidades mais adequadas, al\u00e9m de sabor e aroma mais fortes\u201d.<\/p>\n<p style=\"text-align: justify;\"><strong>As frutas desta \u00e9poca do ano s\u00e3o<\/strong><\/p>\n<p style=\"text-align: justify;\"><strong>\u00a0<\/strong><strong>*Banana nanica<\/strong>:\u00a0Tem o sabor mais adocicado, tornando-se uma das variedades preferidas da fruta. Possui fibras que auxiliam no bom funcionamento intestinal, al\u00e9m de f\u00f3sforo que ajuda na sa\u00fade dos dentes e ossos e a vitamina C, que atua no sistema imunol\u00f3gico e \u00e9 antioxidante.<\/p>\n<p style=\"text-align: justify;\"><strong>*Banana prata:<\/strong>\u00a0Fonte de energia a banana prata \u00e9 um dos tipos que cont\u00e9m maior quantidade de pot\u00e1ssio em sua composi\u00e7\u00e3o, prevenindo c\u00e2imbras musculares e auxiliando no controle de press\u00e3o arterial. Al\u00e9m disso, possui triptofano, amino\u00e1cido precursor do horm\u00f4nio serotonina que est\u00e1 associado com a sensa\u00e7\u00e3o de bem-estar. De acordo com o Instituto de Economia Agr\u00edcola (IEA), o Estado de S\u00e3o Paulo produziu em 2018 um pouco mais de 53 mil hectares de banana, totalizando 1,069 milh\u00e3o de toneladas da fruta. A regional da Coordenadoria de Desenvolvimento Rural Sustent\u00e1vel (CDRS) de Registro foi a principal produtora da fruta, com mais de 726 mil toneladas.<\/p>\n<p style=\"text-align: justify;\"><strong>*Carambola:<\/strong>\u00a0Fruta rica em sais minerais, vitaminas A, C e do complexo B. Auxilia no sistema imunol\u00f3gico al\u00e9m de ser antioxidante, ajudando na preven\u00e7\u00e3o do envelhecimento. Dados do IEA apontam que no ano passado a carambola foi produzida em quase 323 hectares, chegando a 90 mil p\u00e9s. A regional da CDRS de Jaboticabal \u00e9 a principal regi\u00e3o produtora da fruta.<\/p>\n<p style=\"text-align: justify;\"><strong>*Laranja lima:<\/strong>\u00a0\u00c9 menos \u00e1cida que os outros tipos. \u00c9 bastante suculenta, rica em vitamina C, pot\u00e1ssio, ferro e vitaminas do complexo B, al\u00e9m de possuir caracter\u00edsticas anti-inflamat\u00f3rias.<\/p>\n<p style=\"text-align: justify;\"><strong>*Laranja pera:<\/strong>\u00a0A laranja \u00e9 uma fruta fonte de vitamina C, al\u00e9m de conter fibra, \u00e1cido f\u00f3lico, pot\u00e1ssio e antioxidantes, possui diversos benef\u00edcios, entre eles a\u00e7\u00e3o preventiva contra gripes e resfriados, melhora fun\u00e7\u00e3o do sistema digestivo e auxilia na preven\u00e7\u00e3o de anemia, pois aumenta a absor\u00e7\u00e3o do ferro. A melhor forma a ser consumida \u00e9 in natura. As variedades de laranjas tiveram sua produ\u00e7\u00e3o em quase 166 milh\u00f5es de p\u00e9s. O IEA tamb\u00e9m informou que o total produzido no Estado foi de 319 milh\u00f5es de caixas de 40,8kg. A principal regi\u00e3o produtora do citrus \u00e9 a de Barretos, com um total de 33 milh\u00f5es caixas de 40,8kg.<\/p>\n<p style=\"text-align: justify;\">O Instituto Agron\u00f4mico (IAC) realiza um trabalho \u00e1rduo de pesquisa sobre as variedades de laranjas. \u00a0Marin\u00eas Bastianel, pesquisadora do IAC explica que \u201ca laranja Pera \u00e9 uma das principais variedades plantadas no Estado de S\u00e3o Paulo, gra\u00e7as a sua aptid\u00e3o tanto para a ind\u00fastria de suco, quanto para o consumo in natura. Al\u00e9m de fornecer o material gen\u00e9tico b\u00e1sico para o setor citr\u00edcola, pesquisadores da SAA v\u00eam desenvolvendo estudos relacionados ao manejo cultural, como aduba\u00e7\u00e3o e nutri\u00e7\u00e3o dos pomares, intera\u00e7\u00e3o ro\u00e7adora ecol\u00f3gica e programas de aplica\u00e7\u00e3o de herbicidas, visando sempre o aumento da produ\u00e7\u00e3o, produtividade e qualidade final da fruta.\u201d<br \/>\nDe acordo com a pesquisadora, a laranja pera \u00e9 incompat\u00edvel de enxertia em trifoliatas e seus h\u00edbridos, porta-enxertos cada vez mais utilizados na citricultura comercial, pela sua capacidade em agregar qualidade e boas caracter\u00edsticas f\u00edsico-qu\u00edmicas ao suco e fruta da variedade copa. \u201cUma interessante linha de pesquisa desenvolvida atualmente no Centro de Citricultura Sylvio Moreira \u00e9 a obten\u00e7\u00e3o e sele\u00e7\u00e3o de citrandarins, h\u00edbridos de tangerina com trifoliatas, que t\u00eam se mostrado compat\u00edveis com a variedade copa, que podem resultar na redu\u00e7\u00e3o do porte de plantas, resultando ao produtor ganhos significativos.\u201d<\/p>\n<p style=\"text-align: justify;\">Hoje as pesquisas de laranja lima no IAC est\u00e3o focadas na avalia\u00e7\u00e3o de variedades precoces e tardias que permitam ampliar o per\u00edodo de oferta da fruta nas prateleiras.<\/p>\n<p style=\"text-align: justify;\"><strong>*Mam\u00e3o papaia:<\/strong>\u00a0O Brasil \u00e9 o primeiro produtor mundial de mam\u00e3o e situa-se entre os principais exportadores. \u00c9 rico em vitaminas C e A, auxiliando na preven\u00e7\u00e3o de doen\u00e7as al\u00e9m de possuir a\u00e7\u00e3o antioxidante. Em 2018, o Estado produziu por volta de 578 mil p\u00e9s de mam\u00e3o, que rendeu um milh\u00e3o de caixas duplas com 25 kg cada. A regional de Dracena \u00e9 a principal produtora da fruta com um resultado de 543 mil caixas duplas com 25 kg cada.<\/p>\n<p style=\"text-align: justify;\"><strong>*Manga:<\/strong>\u00a0Grande fonte de carotenoides e carboidrato, fornecendo energia para o organismo. Cont\u00e9m c\u00e1lcio e fibras, auxiliando no bom funcionamento intestinal. A regional de Jaboticabal \u00e9 a principal produtora de manga, com quase cinco milh\u00f5es de caixas K com 22kg cada. J\u00e1 o Estado de S\u00e3o Paulo possui dois milh\u00f5es de p\u00e9s, que produziram um total de oito milh\u00f5es de caixas K com 22kg da fruta cada.<\/p>\n<p style=\"text-align: justify;\"><strong>*Tangerina Ponc\u00e3:<\/strong>\u00a0Fruta c\u00edtrica \u00e9 fonte de vitamina C, atuando na preven\u00e7\u00e3o de doen\u00e7as. Cont\u00e9m c\u00e1lcio e f\u00f3sforo, minerais importantes para a sa\u00fade dos ossos, al\u00e9m de ser pouco cal\u00f3rica, em 100g possui 38kcal. A tangerina ponc\u00e3 teve um pouco mais de dois milh\u00f5es de p\u00e9s produzidos, totalizando 4,9 milh\u00f5es de caixas com 40,8kg cada uma. A regional de Bragan\u00e7a Paulista \u00e9 a principal produtora da variedade no Estado, totalizando uma produ\u00e7\u00e3o de 750 mil caixas com 40,8kg.<\/p>\n<p style=\"text-align: justify;\">O IAC tamb\u00e9m realiza pesquisas sobre a tangerina ponc\u00e3, considerada rainha das tangerinas no mercado brasileiro, focando em variedades precoces e tardias que permitam ampliar o per\u00edodo de oferta da fruta nas prateleiras. Os estudos tamb\u00e9m focam a sele\u00e7\u00e3o de variedades resistentes a doen\u00e7as como a mancha marrom de alternaria.<\/p>\n<p style=\"text-align: justify;\"><em>Adriana Luiza \/Assessoria de Comunica\u00e7\u00e3o Secretaria de Agricultura e Abastecimento do Estado.<\/em><\/p>\n","protected":false},"excerpt":{"rendered":"<p>A regional de Dracena \u00e9 a principal produtora da fruta com um resultado de 543 mil caixas, segundo a Secretaria de Agricultura e Abastecimento do Estado. Viver em um pa\u00eds tropical tem diversas vantagens e uma das principais \u00e9 a variedade de alimentos que se adaptam ao nosso clima e ao nosso solo. Afinal, isso [&hellip;]<\/p>\n","protected":false},"author":1,"featured_media":4676,"comment_status":"closed","ping_status":"open","sticky":false,"template":"","format":"standard","meta":{"footnotes":""},"categories":[176,110],"tags":[],"class_list":["post-4675","post","type-post","status-publish","format-standard","has-post-thumbnail","hentry","category-meioambienteeagricultura","category-noticiasdestaque"],"_links":{"self":[{"href":"https:\/\/jorgezanoni.com.br\/2019\/wp-json\/wp\/v2\/posts\/4675","targetHints":{"allow":["GET"]}}],"collection":[{"href":"https:\/\/jorgezanoni.com.br\/2019\/wp-json\/wp\/v2\/posts"}],"about":[{"href":"https:\/\/jorgezanoni.com.br\/2019\/wp-json\/wp\/v2\/types\/post"}],"author":[{"embeddable":true,"href":"https:\/\/jorgezanoni.com.br\/2019\/wp-json\/wp\/v2\/users\/1"}],"replies":[{"embeddable":true,"href":"https:\/\/jorgezanoni.com.br\/2019\/wp-json\/wp\/v2\/comments?post=4675"}],"version-history":[{"count":0,"href":"https:\/\/jorgezanoni.com.br\/2019\/wp-json\/wp\/v2\/posts\/4675\/revisions"}],"wp:featuredmedia":[{"embeddable":true,"href":"https:\/\/jorgezanoni.com.br\/2019\/wp-json\/wp\/v2\/media\/4676"}],"wp:attachment":[{"href":"https:\/\/jorgezanoni.com.br\/2019\/wp-json\/wp\/v2\/media?parent=4675"}],"wp:term":[{"taxonomy":"category","embeddable":true,"href":"https:\/\/jorgezanoni.com.br\/2019\/wp-json\/wp\/v2\/categories?post=4675"},{"taxonomy":"post_tag","embeddable":true,"href":"https:\/\/jorgezanoni.com.br\/2019\/wp-json\/wp\/v2\/tags?post=4675"}],"curies":[{"name":"wp","href":"https:\/\/api.w.org\/{rel}","templated":true}]}}